{"id":64189,"date":"2017-05-16T13:03:14","date_gmt":"2017-05-16T10:03:14","guid":{"rendered":"https:\/\/www.enerjigazetesi.ist\/?p=64189"},"modified":"2017-05-16T13:03:14","modified_gmt":"2017-05-16T10:03:14","slug":"trafolara-baglanabilecek-lisanssiz-elektrik-uretim-kapasitesi-yuzde-20-artirildi","status":"publish","type":"post","link":"https:\/\/www.enerjigazetesi.ist\/en\/trafolara-baglanabilecek-lisanssiz-elektrik-uretim-kapasitesi-yuzde-20-artirildi\/","title":{"rendered":"(Turkish) Trafolara Ba\u011flanabilecek Lisanss\u0131z Elektrik \u00dcretim Kapasitesi %20 Art\u0131r\u0131ld\u0131"},"content":{"rendered":"<p class=\"qtranxs-available-languages-message qtranxs-available-languages-message-en\">Sorry, this entry is only available in <a href=\"https:\/\/www.enerjigazetesi.ist\/tr\/wp-json\/wp\/v2\/posts\/64189\" class=\"qtranxs-available-language-link qtranxs-available-language-link-tr\" title=\"Turkish\">Turkish<\/a>. For the sake of viewer convenience, the content is shown below in the alternative language. You may click the link to switch the active language.<\/p><p><strong><span style=\"color: #0a0a0a;\">\u201cElektrik Piyasas\u0131nda Lisanss\u0131z Elektrik \u00dcretimine \u0130li\u015fkin Y\u00f6netmelikte De\u011fi\u015fiklik Yap\u0131lmas\u0131na Dair Y\u00f6netmeli\u011fi\u201d ve \u201cElek<a href=\"https:\/\/www.enerjigazetesi.ist\/wp-content\/uploads\/2016\/02\/lisanssiz-enerji-projelerinde-mevzuat-degisiyor-cantaciya-trafo-yasagi.jpg\"><img loading=\"lazy\" class=\"alignleft size-medium wp-image-50925\" src=\"https:\/\/www.enerjigazetesi.ist\/wp-content\/uploads\/2016\/02\/lisanssiz-enerji-projelerinde-mevzuat-degisiyor-cantaciya-trafo-yasagi-300x169.jpg\" alt=\"lisanssiz-enerji-projeleri-trafo\" width=\"300\" height=\"169\" srcset=\"https:\/\/www.enerjigazetesi.ist\/wp-content\/uploads\/2016\/02\/lisanssiz-enerji-projelerinde-mevzuat-degisiyor-cantaciya-trafo-yasagi-300x169.jpg 300w, https:\/\/www.enerjigazetesi.ist\/wp-content\/uploads\/2016\/02\/lisanssiz-enerji-projelerinde-mevzuat-degisiyor-cantaciya-trafo-yasagi-500x282.jpg 500w, https:\/\/www.enerjigazetesi.ist\/wp-content\/uploads\/2016\/02\/lisanssiz-enerji-projelerinde-mevzuat-degisiyor-cantaciya-trafo-yasagi-80x45.jpg 80w, https:\/\/www.enerjigazetesi.ist\/wp-content\/uploads\/2016\/02\/lisanssiz-enerji-projelerinde-mevzuat-degisiyor-cantaciya-trafo-yasagi.jpg 620w\" sizes=\"(max-width: 300px) 100vw, 300px\" \/><\/a>trik Piyasas\u0131nda Lisanss\u0131z Elektrik \u00dcretimine \u0130li\u015fkin Y\u00f6netmeli\u011fin Uygulanmas\u0131na Dair Tebli\u011fde De\u011fi\u015fiklik Yap\u0131lmas\u0131na Dair Tebli\u011f\u201d \u00a0Resmi Gazete\u2019de\u00a0yay\u0131mland\u0131.<\/span><\/strong><\/p>\n<p>Al\u00e7ak gerilim elektrik iletim \u015febekelerine ba\u011flanacak lisanss\u0131z \u00fcretim tesislerinin toplam kapasitesi, trafo g\u00fcc\u00fcn\u00fcn\u00a0<strong>y\u00fczde 30<\/strong>\u2018unu a\u015fam\u0131yordu ve yeni d\u00fczenlemeyle bu oran\u00a0<strong>y\u00fczde 50\u2018ye<\/strong> y\u00fckseltilmi\u015f oldu.<\/p>\n<p>Bununla beraber , lisanss\u0131z elektrik \u00fcretim tesisleri kapsam\u0131nda ayl\u0131k uzla\u015ft\u0131rmaya ili\u015fkin maddelerde teknik d\u00fczenlemeler\u00a0ger\u00e7ekle\u015ftirildi.<\/p>\n<p><strong>Resmi Gazete Say\u0131s\u0131 \u0130\u00e7in\u00a0<a style=\"color: #1e73be;\" href=\"http:\/\/resmigazete.gov.tr\/eskiler\/2017\/05\/20170515-6.htm\" target=\"_blank\" rel=\"nofollow\">T\u0131klay\u0131n\u0131z&gt;&gt;&gt;<\/a><\/strong><\/p>","protected":false},"excerpt":{"rendered":"<p>Sorry, this entry is only available in Turkish. For the sake of viewer convenience, the content is shown below in the alternative language. You may click the link to switch the active language.\u201cElektrik Piyasas\u0131nda Lisanss\u0131z Elektrik \u00dcretimine \u0130li\u015fkin Y\u00f6netmelikte De\u011fi\u015fiklik Yap\u0131lmas\u0131na Dair Y\u00f6netmeli\u011fi\u201d ve \u201cElektrik Piyasas\u0131nda Lisanss\u0131z Elektrik \u00dcretimine \u0130li\u015fkin Y\u00f6netmeli\u011fin Uygulanmas\u0131na Dair Tebli\u011fde De\u011fi\u015fiklik [&hellip;]<\/p>\n","protected":false},"author":1,"featured_media":50925,"comment_status":"open","ping_status":"open","sticky":false,"template":"","format":"standard","meta":[],"categories":[51,53],"tags":[68,61,19638,1451,2873,63,67,1009,2698,165,24230,24231,24232,24233,24234,24235,24236,24237,24238,24239,24240,24241,24242,24243,24244],"views":1122,"_links":{"self":[{"href":"https:\/\/www.enerjigazetesi.ist\/en\/wp-json\/wp\/v2\/posts\/64189"}],"collection":[{"href":"https:\/\/www.enerjigazetesi.ist\/en\/wp-json\/wp\/v2\/posts"}],"about":[{"href":"https:\/\/www.enerjigazetesi.ist\/en\/wp-json\/wp\/v2\/types\/post"}],"author":[{"embeddable":true,"href":"https:\/\/www.enerjigazetesi.ist\/en\/wp-json\/wp\/v2\/users\/1"}],"replies":[{"embeddable":true,"href":"https:\/\/www.enerjigazetesi.ist\/en\/wp-json\/wp\/v2\/comments?post=64189"}],"version-history":[{"count":1,"href":"https:\/\/www.enerjigazetesi.ist\/en\/wp-json\/wp\/v2\/posts\/64189\/revisions"}],"predecessor-version":[{"id":64190,"href":"https:\/\/www.enerjigazetesi.ist\/en\/wp-json\/wp\/v2\/posts\/64189\/revisions\/64190"}],"wp:featuredmedia":[{"embeddable":true,"href":"https:\/\/www.enerjigazetesi.ist\/en\/wp-json\/wp\/v2\/media\/50925"}],"wp:attachment":[{"href":"https:\/\/www.enerjigazetesi.ist\/en\/wp-json\/wp\/v2\/media?parent=64189"}],"wp:term":[{"taxonomy":"category","embeddable":true,"href":"https:\/\/www.enerjigazetesi.ist\/en\/wp-json\/wp\/v2\/categories?post=64189"},{"taxonomy":"post_tag","embeddable":true,"href":"https:\/\/www.enerjigazetesi.ist\/en\/wp-json\/wp\/v2\/tags?post=64189"}],"curies":[{"name":"wp","href":"https:\/\/api.w.org\/{rel}","templated":true}]}}