{"id":64185,"date":"2017-05-16T12:54:25","date_gmt":"2017-05-16T09:54:25","guid":{"rendered":"https:\/\/www.enerjigazetesi.ist\/?p=64185"},"modified":"2017-05-16T12:56:53","modified_gmt":"2017-05-16T09:56:53","slug":"3-nukleer-santrali-projesine-yonelik-hizlandirma-karari","status":"publish","type":"post","link":"https:\/\/www.enerjigazetesi.ist\/en\/3-nukleer-santrali-projesine-yonelik-hizlandirma-karari\/","title":{"rendered":"(Turkish) 3. N\u00fckleer Santrali Projesine Y\u00f6nelik H\u0131zland\u0131rma Karar\u0131"},"content":{"rendered":"<p class=\"qtranxs-available-languages-message qtranxs-available-languages-message-en\">Sorry, this entry is only available in <a href=\"https:\/\/www.enerjigazetesi.ist\/tr\/wp-json\/wp\/v2\/posts\/64185\" class=\"qtranxs-available-language-link qtranxs-available-language-link-tr\" title=\"Turkish\">Turkish<\/a>. For the sake of viewer convenience, the content is shown below in the alternative language. You may click the link to switch the active language.<\/p><p><strong><span style=\"color: #0a0a0a;\">Cumhurba\u015fkan\u0131 Erdo\u011fan ve \u00c7in Devlet Ba\u015fkan\u0131 \u015ei\u2019nin yapt\u0131\u011f\u0131 g\u00f6r\u00fc\u015fmede\u00a03. n\u00fckleer santral<a href=\"https:\/\/www.enerjigazetesi.ist\/wp-content\/uploads\/2015\/01\/n\u00fckleer-santral-nss-23798329.jpg\"><img loading=\"lazy\" class=\"alignright size-medium wp-image-35118\" src=\"https:\/\/www.enerjigazetesi.ist\/wp-content\/uploads\/2015\/01\/n\u00fckleer-santral-nss-23798329-300x192.jpg\" alt=\"n\u00fckleer-santral-nss-23798329\" width=\"300\" height=\"192\" srcset=\"https:\/\/www.enerjigazetesi.ist\/wp-content\/uploads\/2015\/01\/n\u00fckleer-santral-nss-23798329-300x192.jpg 300w, https:\/\/www.enerjigazetesi.ist\/wp-content\/uploads\/2015\/01\/n\u00fckleer-santral-nss-23798329-500x320.jpg 500w, https:\/\/www.enerjigazetesi.ist\/wp-content\/uploads\/2015\/01\/n\u00fckleer-santral-nss-23798329-77x50.jpg 77w, https:\/\/www.enerjigazetesi.ist\/wp-content\/uploads\/2015\/01\/n\u00fckleer-santral-nss-23798329.jpg 870w\" sizes=\"(max-width: 300px) 100vw, 300px\" \/><\/a> projesinin h\u0131zland\u0131r\u0131lmas\u0131na y\u00f6nelik bir karar al\u0131nd\u0131.<\/span><\/strong><\/p>\n<p>Forum \u00f6ncesinde bir araya gelen iki liderin a\u011f\u0131rl\u0131kl\u0131 g\u00fcndemi ekonomi oldu. Erdo\u011fan ve \u015ei taraf\u0131ndan n\u00fckleer santral, turizm, ticaret, liman i\u015fletmecili\u011fi ve gemi yap\u0131m\u0131 gibi konular g\u00f6r\u00fc\u015f\u00fcld\u00fc.<\/p>\n<p>G\u00f6r\u00fc\u015fmeyle \u00c7in&#8217;le beraber yap\u0131lmas\u0131 konusunda prensipte anla\u015f\u0131lan \u00fc\u00e7\u00fcnc\u00fc n\u00fckleer santral projesinin g\u00fcndeme geldi.T\u00fcrkiye, \u00c7in ile n\u00fckleer enerji santralleri ve ara\u015ft\u0131rma reakt\u00f6rlerinin saha et\u00fcd \u00e7al\u0131\u015fmalar\u0131, tasar\u0131m\u0131, in\u015fas\u0131, i\u015fletmeye al\u0131nmas\u0131, i\u015fletilmesi, bak\u0131m\u0131, test edilmesi gibi alanlarda taraflar aras\u0131ndaki i\u015fbirli\u011fi anla\u015fmas\u0131 2016 y\u0131l\u0131nda y\u00fcr\u00fcrl\u00fc\u011fe al\u0131nm\u0131\u015ft\u0131.<\/p>","protected":false},"excerpt":{"rendered":"<p>Sorry, this entry is only available in Turkish. For the sake of viewer convenience, the content is shown below in the alternative language. You may click the link to switch the active language.Cumhurba\u015fkan\u0131 Erdo\u011fan ve \u00c7in Devlet Ba\u015fkan\u0131 \u015ei\u2019nin yapt\u0131\u011f\u0131 g\u00f6r\u00fc\u015fmede\u00a03. n\u00fckleer santral projesinin h\u0131zland\u0131r\u0131lmas\u0131na y\u00f6nelik bir karar al\u0131nd\u0131. Forum \u00f6ncesinde bir araya gelen iki [&hellip;]<\/p>\n","protected":false},"author":1,"featured_media":45217,"comment_status":"open","ping_status":"open","sticky":false,"template":"","format":"standard","meta":[],"categories":[53,43],"tags":[5209,34010,22351,63,67,1009,2698,165,71,21,25480,23614,2973],"views":959,"_links":{"self":[{"href":"https:\/\/www.enerjigazetesi.ist\/en\/wp-json\/wp\/v2\/posts\/64185"}],"collection":[{"href":"https:\/\/www.enerjigazetesi.ist\/en\/wp-json\/wp\/v2\/posts"}],"about":[{"href":"https:\/\/www.enerjigazetesi.ist\/en\/wp-json\/wp\/v2\/types\/post"}],"author":[{"embeddable":true,"href":"https:\/\/www.enerjigazetesi.ist\/en\/wp-json\/wp\/v2\/users\/1"}],"replies":[{"embeddable":true,"href":"https:\/\/www.enerjigazetesi.ist\/en\/wp-json\/wp\/v2\/comments?post=64185"}],"version-history":[{"count":3,"href":"https:\/\/www.enerjigazetesi.ist\/en\/wp-json\/wp\/v2\/posts\/64185\/revisions"}],"predecessor-version":[{"id":64188,"href":"https:\/\/www.enerjigazetesi.ist\/en\/wp-json\/wp\/v2\/posts\/64185\/revisions\/64188"}],"wp:featuredmedia":[{"embeddable":true,"href":"https:\/\/www.enerjigazetesi.ist\/en\/wp-json\/wp\/v2\/media\/45217"}],"wp:attachment":[{"href":"https:\/\/www.enerjigazetesi.ist\/en\/wp-json\/wp\/v2\/media?parent=64185"}],"wp:term":[{"taxonomy":"category","embeddable":true,"href":"https:\/\/www.enerjigazetesi.ist\/en\/wp-json\/wp\/v2\/categories?post=64185"},{"taxonomy":"post_tag","embeddable":true,"href":"https:\/\/www.enerjigazetesi.ist\/en\/wp-json\/wp\/v2\/tags?post=64185"}],"curies":[{"name":"wp","href":"https:\/\/api.w.org\/{rel}","templated":true}]}}