{"id":64161,"date":"2017-05-15T11:56:45","date_gmt":"2017-05-15T08:56:45","guid":{"rendered":"https:\/\/www.enerjigazetesi.ist\/?p=64161"},"modified":"2017-05-15T11:56:53","modified_gmt":"2017-05-15T08:56:53","slug":"elektrik-yatirimlarinin-ilk-dort-ayinda-lider-lisanssiz-gunes-oldu","status":"publish","type":"post","link":"https:\/\/www.enerjigazetesi.ist\/en\/elektrik-yatirimlarinin-ilk-dort-ayinda-lider-lisanssiz-gunes-oldu\/","title":{"rendered":"(Turkish) Elektrik Yat\u0131r\u0131mlar\u0131n\u0131n \u0130lk D\u00f6rt Ay\u0131nda Lider Lisanss\u0131z G\u00fcne\u015f Oldu!"},"content":{"rendered":"<p class=\"qtranxs-available-languages-message qtranxs-available-languages-message-en\">Sorry, this entry is only available in <a href=\"https:\/\/www.enerjigazetesi.ist\/tr\/wp-json\/wp\/v2\/posts\/64161\" class=\"qtranxs-available-language-link qtranxs-available-language-link-tr\" title=\"Turkish\">Turkish<\/a>. For the sake of viewer convenience, the content is shown below in the alternative language. You may click the link to switch the active language.<\/p><p><strong><span style=\"color: #222222;\">T\u00fcrkiye\u2019nin elektrik \u00fcretim kapasitesinin 2017\u2019nin ilk d\u00f6rt ay\u0131nda 1.124 MW artarak Nisan<a href=\"https:\/\/www.enerjigazetesi.ist\/wp-content\/uploads\/2016\/05\/2016da-kuresel-gunes-enerjisi-fotovoltaik-sektoru-kuresel-buyume-yuzde-21-olacak.jpg\"><img loading=\"lazy\" class=\"alignright size-medium wp-image-53291\" src=\"https:\/\/www.enerjigazetesi.ist\/wp-content\/uploads\/2016\/05\/2016da-kuresel-gunes-enerjisi-fotovoltaik-sektoru-kuresel-buyume-yuzde-21-olacak-300x150.jpg\" alt=\"2016da-kuresel-gunes-enerjisi-fotovoltaik-sektoru-kuresel-buyume-yuzde-21-olacak\" width=\"300\" height=\"150\" srcset=\"https:\/\/www.enerjigazetesi.ist\/wp-content\/uploads\/2016\/05\/2016da-kuresel-gunes-enerjisi-fotovoltaik-sektoru-kuresel-buyume-yuzde-21-olacak-300x150.jpg 300w, https:\/\/www.enerjigazetesi.ist\/wp-content\/uploads\/2016\/05\/2016da-kuresel-gunes-enerjisi-fotovoltaik-sektoru-kuresel-buyume-yuzde-21-olacak-500x250.jpg 500w, https:\/\/www.enerjigazetesi.ist\/wp-content\/uploads\/2016\/05\/2016da-kuresel-gunes-enerjisi-fotovoltaik-sektoru-kuresel-buyume-yuzde-21-olacak-80x40.jpg 80w, https:\/\/www.enerjigazetesi.ist\/wp-content\/uploads\/2016\/05\/2016da-kuresel-gunes-enerjisi-fotovoltaik-sektoru-kuresel-buyume-yuzde-21-olacak.jpg 640w\" sizes=\"(max-width: 300px) 100vw, 300px\" \/><\/a> ay\u0131 sonu itibari ile 79.621,4 MW\u2019a y\u00fckseldi.<\/span><\/strong><\/p>\n<p>T\u00fcrkiye Elektrik \u0130letim A.\u015e.&#8217;nin a\u00e7\u0131klanan verilerine g\u00f6re bu art\u0131\u015fta en b\u00fcy\u00fck pay 271,2 MW ile lisanss\u0131z g\u00fcne\u015f enerjisi santralleri alan\u0131nda\u00a0ya\u015fand\u0131. Ge\u00e7en ay sonu itibariyle T\u00fcrkiye\u2019nin g\u00fcne\u015f enerjisine dayal\u0131 elektrik \u00fcretim kapasitesi 1.103,7 MW olmu\u015ftur.<\/p>\n<p>Bu g\u00fcc\u00fcn 1.090,8 MW\u2019l\u0131k b\u00f6l\u00fcm\u00fc 1.355 lisanss\u0131z elektrik projesinden, 12,9 MW\u2019l\u0131k b\u00f6l\u00fcm\u00fc ise iki ayr\u0131 lisanssl\u0131 elektrik \u00fcretim santralinden meydana gelmektedir.<\/p>","protected":false},"excerpt":{"rendered":"<p>Sorry, this entry is only available in Turkish. For the sake of viewer convenience, the content is shown below in the alternative language. You may click the link to switch the active language.T\u00fcrkiye\u2019nin elektrik \u00fcretim kapasitesinin 2017\u2019nin ilk d\u00f6rt ay\u0131nda 1.124 MW artarak Nisan ay\u0131 sonu itibari ile 79.621,4 MW\u2019a y\u00fckseldi. T\u00fcrkiye Elektrik \u0130letim A.\u015e.&#8217;nin [&hellip;]<\/p>\n","protected":false},"author":1,"featured_media":53291,"comment_status":"open","ping_status":"open","sticky":false,"template":"","format":"standard","meta":[],"categories":[53,49],"tags":[63,67,1009,2698,165,227,13,23133,22975,4269,8732],"views":1006,"_links":{"self":[{"href":"https:\/\/www.enerjigazetesi.ist\/en\/wp-json\/wp\/v2\/posts\/64161"}],"collection":[{"href":"https:\/\/www.enerjigazetesi.ist\/en\/wp-json\/wp\/v2\/posts"}],"about":[{"href":"https:\/\/www.enerjigazetesi.ist\/en\/wp-json\/wp\/v2\/types\/post"}],"author":[{"embeddable":true,"href":"https:\/\/www.enerjigazetesi.ist\/en\/wp-json\/wp\/v2\/users\/1"}],"replies":[{"embeddable":true,"href":"https:\/\/www.enerjigazetesi.ist\/en\/wp-json\/wp\/v2\/comments?post=64161"}],"version-history":[{"count":2,"href":"https:\/\/www.enerjigazetesi.ist\/en\/wp-json\/wp\/v2\/posts\/64161\/revisions"}],"predecessor-version":[{"id":64163,"href":"https:\/\/www.enerjigazetesi.ist\/en\/wp-json\/wp\/v2\/posts\/64161\/revisions\/64163"}],"wp:featuredmedia":[{"embeddable":true,"href":"https:\/\/www.enerjigazetesi.ist\/en\/wp-json\/wp\/v2\/media\/53291"}],"wp:attachment":[{"href":"https:\/\/www.enerjigazetesi.ist\/en\/wp-json\/wp\/v2\/media?parent=64161"}],"wp:term":[{"taxonomy":"category","embeddable":true,"href":"https:\/\/www.enerjigazetesi.ist\/en\/wp-json\/wp\/v2\/categories?post=64161"},{"taxonomy":"post_tag","embeddable":true,"href":"https:\/\/www.enerjigazetesi.ist\/en\/wp-json\/wp\/v2\/tags?post=64161"}],"curies":[{"name":"wp","href":"https:\/\/api.w.org\/{rel}","templated":true}]}}