{"id":64117,"date":"2017-05-13T12:25:52","date_gmt":"2017-05-13T09:25:52","guid":{"rendered":"https:\/\/www.enerjigazetesi.ist\/?p=64117"},"modified":"2017-05-13T12:26:39","modified_gmt":"2017-05-13T09:26:39","slug":"almanya-nin-elektrigi-nin-yuzde-85-i-yenilenebilir-enerji-den","status":"publish","type":"post","link":"https:\/\/www.enerjigazetesi.ist\/en\/almanya-nin-elektrigi-nin-yuzde-85-i-yenilenebilir-enerji-den\/","title":{"rendered":"(Turkish) Almanya&#8217;n\u0131n Elektri\u011finin %85\u2019i Yenilenebilir Enerjiden&#8230;"},"content":{"rendered":"<p class=\"qtranxs-available-languages-message qtranxs-available-languages-message-en\">Sorry, this entry is only available in <a href=\"https:\/\/www.enerjigazetesi.ist\/tr\/wp-json\/wp\/v2\/posts\/64117\" class=\"qtranxs-available-language-link qtranxs-available-language-link-tr\" title=\"Turkish\">Turkish<\/a>. For the sake of viewer convenience, the content is shown below in the alternative language. You may click the link to switch the active language.<\/p><p><strong><span style=\"color: #0a0a0a;\">Hava kirlili\u011fi konusunda olduk\u00e7a hassas politikalar\u0131yla t\u00fcm d\u00fcnya \u00fclkeleri aras\u0131nda \u00f6ne \u00e7\u0131ka<a href=\"https:\/\/www.enerjigazetesi.ist\/wp-content\/uploads\/2015\/05\/6-ruzgar-ve-gunes-yenilenebilir-enerji-kongresi-16-haziranda-istanbulda.jpg\"><img loading=\"lazy\" class=\"alignright size-medium wp-image-38905\" src=\"https:\/\/www.enerjigazetesi.ist\/wp-content\/uploads\/2015\/05\/6-ruzgar-ve-gunes-yenilenebilir-enerji-kongresi-16-haziranda-istanbulda-300x168.jpg\" alt=\"ruzgar-ve-gunes-yenilenebilir-enerji\" width=\"300\" height=\"168\" srcset=\"https:\/\/www.enerjigazetesi.ist\/wp-content\/uploads\/2015\/05\/6-ruzgar-ve-gunes-yenilenebilir-enerji-kongresi-16-haziranda-istanbulda-300x168.jpg 300w, https:\/\/www.enerjigazetesi.ist\/wp-content\/uploads\/2015\/05\/6-ruzgar-ve-gunes-yenilenebilir-enerji-kongresi-16-haziranda-istanbulda-500x281.jpg 500w, https:\/\/www.enerjigazetesi.ist\/wp-content\/uploads\/2015\/05\/6-ruzgar-ve-gunes-yenilenebilir-enerji-kongresi-16-haziranda-istanbulda-80x45.jpg 80w, https:\/\/www.enerjigazetesi.ist\/wp-content\/uploads\/2015\/05\/6-ruzgar-ve-gunes-yenilenebilir-enerji-kongresi-16-haziranda-istanbulda.jpg 620w\" sizes=\"(max-width: 300px) 100vw, 300px\" \/><\/a>nlardan \u00fclkelerden birisi olan Almanya bu alanda ge\u00e7en d\u00f6nemde yapt\u0131\u011f\u0131 yat\u0131r\u0131m kar\u015f\u0131l\u0131\u011f\u0131n\u0131 almaktad\u0131r.<\/span><\/strong><\/p>\n<p>Ge\u00e7en mart&#8217;ta a\u00e7\u0131klanan raporda r\u00fczgar, g\u00fcne\u015f, hidroelektrik ve biyok\u00fctle gibi yenilenebilir kaynaklar \u00fczerinden enerji \u00fczerinden kullan\u0131m\u0131n y\u00fczde 40 oldu\u011funu a\u00e7\u0131klayan h\u00fck\u00fcmet aradan ge\u00e7en bir aydan sonra\u00a0bunu neredeyse iki kat\u0131na \u00e7\u0131karm\u0131\u015ft\u0131r.<\/p>\n<p>K\u00f6m\u00fcr kaynakl\u0131 enerji \u00fcretiminin sa\u011fland\u0131\u011f\u0131 istasyonlara art\u0131k tamamen veda eden Almanya&#8217;n\u0131n 2030 y\u0131l\u0131na y\u00f6nelik\u00a0hedefi ise ihtiya\u00e7 duyulan enerjinin tamam\u0131na yak\u0131n\u0131n\u0131 yenilenebilir kaynaklardan\u00a0sa\u011flamakt\u0131r.<\/p>","protected":false},"excerpt":{"rendered":"<p>Sorry, this entry is only available in Turkish. For the sake of viewer convenience, the content is shown below in the alternative language. You may click the link to switch the active language.Hava kirlili\u011fi konusunda olduk\u00e7a hassas politikalar\u0131yla t\u00fcm d\u00fcnya \u00fclkeleri aras\u0131nda \u00f6ne \u00e7\u0131kanlardan \u00fclkelerden birisi olan Almanya bu alanda ge\u00e7en d\u00f6nemde yapt\u0131\u011f\u0131 yat\u0131r\u0131m kar\u015f\u0131l\u0131\u011f\u0131n\u0131 [&hellip;]<\/p>\n","protected":false},"author":1,"featured_media":38905,"comment_status":"open","ping_status":"open","sticky":false,"template":"","format":"standard","meta":[],"categories":[53,49,50],"tags":[929,61,63,67,1009,2698,165,227,13,1675,71,69,16,842,105],"views":847,"_links":{"self":[{"href":"https:\/\/www.enerjigazetesi.ist\/en\/wp-json\/wp\/v2\/posts\/64117"}],"collection":[{"href":"https:\/\/www.enerjigazetesi.ist\/en\/wp-json\/wp\/v2\/posts"}],"about":[{"href":"https:\/\/www.enerjigazetesi.ist\/en\/wp-json\/wp\/v2\/types\/post"}],"author":[{"embeddable":true,"href":"https:\/\/www.enerjigazetesi.ist\/en\/wp-json\/wp\/v2\/users\/1"}],"replies":[{"embeddable":true,"href":"https:\/\/www.enerjigazetesi.ist\/en\/wp-json\/wp\/v2\/comments?post=64117"}],"version-history":[{"count":2,"href":"https:\/\/www.enerjigazetesi.ist\/en\/wp-json\/wp\/v2\/posts\/64117\/revisions"}],"predecessor-version":[{"id":64119,"href":"https:\/\/www.enerjigazetesi.ist\/en\/wp-json\/wp\/v2\/posts\/64117\/revisions\/64119"}],"wp:featuredmedia":[{"embeddable":true,"href":"https:\/\/www.enerjigazetesi.ist\/en\/wp-json\/wp\/v2\/media\/38905"}],"wp:attachment":[{"href":"https:\/\/www.enerjigazetesi.ist\/en\/wp-json\/wp\/v2\/media?parent=64117"}],"wp:term":[{"taxonomy":"category","embeddable":true,"href":"https:\/\/www.enerjigazetesi.ist\/en\/wp-json\/wp\/v2\/categories?post=64117"},{"taxonomy":"post_tag","embeddable":true,"href":"https:\/\/www.enerjigazetesi.ist\/en\/wp-json\/wp\/v2\/tags?post=64117"}],"curies":[{"name":"wp","href":"https:\/\/api.w.org\/{rel}","templated":true}]}}