{"id":64111,"date":"2017-05-12T10:41:19","date_gmt":"2017-05-12T07:41:19","guid":{"rendered":"https:\/\/www.enerjigazetesi.ist\/?p=64111"},"modified":"2017-05-12T10:41:19","modified_gmt":"2017-05-12T07:41:19","slug":"irenec-2017-ile-yuzde-100-yenilenebilir-enerjiye-gecis-masaya-yatirilacak","status":"publish","type":"post","link":"https:\/\/www.enerjigazetesi.ist\/en\/irenec-2017-ile-yuzde-100-yenilenebilir-enerjiye-gecis-masaya-yatirilacak\/","title":{"rendered":"(Turkish) IRENEC 2017 \u0130le %100 Yenilenebilir Enerjiye Ge\u00e7i\u015f Masaya Yat\u0131r\u0131lacak"},"content":{"rendered":"<p class=\"qtranxs-available-languages-message qtranxs-available-languages-message-en\">Sorry, this entry is only available in <a href=\"https:\/\/www.enerjigazetesi.ist\/tr\/wp-json\/wp\/v2\/posts\/64111\" class=\"qtranxs-available-language-link qtranxs-available-language-link-tr\" title=\"Turkish\">Turkish<\/a>. For the sake of viewer convenience, the content is shown below in the alternative language. You may click the link to switch the active language.<\/p><p><strong>Yenilenebilir Enerji Birli\u011fi EUROSOLAR T\u00fcrkiye taraf\u0131ndan d\u00fczenlenen IRENEC 2017 7. Uluslararas\u0131 Y\u00fczde 100 Yenilenebilir Enerji Konferans\u0131, 18-20 May\u0131s tarihleri aras\u0131nda \u0130stanbul\u2019da ger\u00e7ekle\u015ftirilecektir.<\/strong><\/p>\n<p>Y\u00fczde 100 yenilenebilir enerjilere d\u00f6n\u00fc\u015f\u00fcm\u00fcn teknik, ekonomik, siyasi boyutlar\u0131n\u0131n ve sanayide, mimaride, ula\u015f\u0131mda ve e\u011fitimde hayata ge\u00e7me yollar\u0131n\u0131n tart\u0131\u015f\u0131laca\u011f\u0131 uluslararas\u0131 bir platform olan IRENEC 2017\u2019de \u00f6nc\u00fc kurum, kurulu\u015f ve \u00fclke temsilcileri bir <a href=\"https:\/\/www.enerjigazetesi.ist\/wp-content\/uploads\/2017\/05\/irenec-2017-ile-yuzde-100-yenilenebilir-enerjiye-gecis-masaya-yatirilacak.jpg\"><img loading=\"lazy\" class=\"alignright  wp-image-64112\" src=\"https:\/\/www.enerjigazetesi.ist\/wp-content\/uploads\/2017\/05\/irenec-2017-ile-yuzde-100-yenilenebilir-enerjiye-gecis-masaya-yatirilacak-300x131.jpg\" alt=\"irenec-2017-ile-yuzde-100-yenilenebilir-enerjiye-gecis-masaya-yatirilacak\" width=\"300\" height=\"174\" \/><\/a>araya gelecektir.<\/p>\n<p>Mevcut enerji a\u011f\u0131n\u0131 gelecekte t\u00fcm\u00fcyle yenilenebilir enerjilere d\u00f6n\u00fc\u015ft\u00fcrme amac\u0131n\u0131 ta\u015f\u0131yan Konferansta, g\u00fcne\u015f, r\u00fczgar, biyok\u00fctle, jeotermal gibi yenilenebilir enerji kaynaklar\u0131 her y\u00f6n\u00fcyle ele al\u0131nacak. Ayr\u0131ca son d\u00f6nemde \u00f6nemi giderek artan hidrojen ve yak\u0131t h\u00fccreleri ile temiz ula\u015f\u0131m teknoloji ve stratejileri de irdelenecektir.<\/p>\n<p>Konferans enerjiyle ilgili ekonomik, \u00e7evresel ve politik konular\u0131n yan\u0131s\u0131ra, mimaride enerji verimlili\u011fi ve \u201cS\u0131f\u0131r\/Art\u0131 Enerji\u201d kavramlar\u0131na da a\u00e7\u0131kl\u0131k getirecektir.<\/p>\n<p>D\u00fcnyan\u0131n en b\u00fcy\u00fck sorunu iklim de\u011fi\u015fikli\u011fi sorununa da \u00e7\u00f6z\u00fcm getirecek bir enerji vizyonunun 3 g\u00fcn boyunca irdelenece\u011fi organizasyonda siz de\u011ferli kat\u0131l\u0131mc\u0131lar\u0131\u00a0g\u00f6rmekten b\u00fcy\u00fck k\u0131van\u00e7 duyaca\u011f\u0131z.<\/p>\n<p>IRENEC 2017\u2019nin detayl\u0131 program\u0131n\u0131 ( <a href=\"http:\/\/www.irenec.org\/?page_id=4375\" target=\"_blank\">http:\/\/www.irenec.org\/?page_id=4375<\/a> )\u00a0linkinden inceleyebilirsiniz.<\/p>","protected":false},"excerpt":{"rendered":"<p>Sorry, this entry is only available in Turkish. For the sake of viewer convenience, the content is shown below in the alternative language. You may click the link to switch the active language.Yenilenebilir Enerji Birli\u011fi EUROSOLAR T\u00fcrkiye taraf\u0131ndan d\u00fczenlenen IRENEC 2017 7. Uluslararas\u0131 Y\u00fczde 100 Yenilenebilir Enerji Konferans\u0131, 18-20 May\u0131s tarihleri aras\u0131nda \u0130stanbul\u2019da ger\u00e7ekle\u015ftirilecektir. Y\u00fczde [&hellip;]<\/p>\n","protected":false},"author":1,"featured_media":64112,"comment_status":"open","ping_status":"open","sticky":false,"template":"","format":"standard","meta":[],"categories":[22893,53,52,49,47,48,50],"tags":[63,67,1009,2698,165,30635,105],"views":4406,"_links":{"self":[{"href":"https:\/\/www.enerjigazetesi.ist\/en\/wp-json\/wp\/v2\/posts\/64111"}],"collection":[{"href":"https:\/\/www.enerjigazetesi.ist\/en\/wp-json\/wp\/v2\/posts"}],"about":[{"href":"https:\/\/www.enerjigazetesi.ist\/en\/wp-json\/wp\/v2\/types\/post"}],"author":[{"embeddable":true,"href":"https:\/\/www.enerjigazetesi.ist\/en\/wp-json\/wp\/v2\/users\/1"}],"replies":[{"embeddable":true,"href":"https:\/\/www.enerjigazetesi.ist\/en\/wp-json\/wp\/v2\/comments?post=64111"}],"version-history":[{"count":1,"href":"https:\/\/www.enerjigazetesi.ist\/en\/wp-json\/wp\/v2\/posts\/64111\/revisions"}],"predecessor-version":[{"id":64113,"href":"https:\/\/www.enerjigazetesi.ist\/en\/wp-json\/wp\/v2\/posts\/64111\/revisions\/64113"}],"wp:featuredmedia":[{"embeddable":true,"href":"https:\/\/www.enerjigazetesi.ist\/en\/wp-json\/wp\/v2\/media\/64112"}],"wp:attachment":[{"href":"https:\/\/www.enerjigazetesi.ist\/en\/wp-json\/wp\/v2\/media?parent=64111"}],"wp:term":[{"taxonomy":"category","embeddable":true,"href":"https:\/\/www.enerjigazetesi.ist\/en\/wp-json\/wp\/v2\/categories?post=64111"},{"taxonomy":"post_tag","embeddable":true,"href":"https:\/\/www.enerjigazetesi.ist\/en\/wp-json\/wp\/v2\/tags?post=64111"}],"curies":[{"name":"wp","href":"https:\/\/api.w.org\/{rel}","templated":true}]}}