{"id":64099,"date":"2017-05-12T09:57:46","date_gmt":"2017-05-12T06:57:46","guid":{"rendered":"https:\/\/www.enerjigazetesi.ist\/?p=64099"},"modified":"2017-05-12T09:57:46","modified_gmt":"2017-05-12T06:57:46","slug":"enerjisanin-satislari-yuzde-6-faaliyet-kari-ise-yuzde-7-artis-gosterdi","status":"publish","type":"post","link":"https:\/\/www.enerjigazetesi.ist\/en\/enerjisanin-satislari-yuzde-6-faaliyet-kari-ise-yuzde-7-artis-gosterdi\/","title":{"rendered":"(Turkish) Enerjisa\u2019n\u0131n Sat\u0131\u015flar\u0131 Y\u00fczde 6, Faaliyet Kar\u0131 \u0130se Y\u00fczde 7 Art\u0131\u015f G\u00f6sterdi"},"content":{"rendered":"<p class=\"qtranxs-available-languages-message qtranxs-available-languages-message-en\">Sorry, this entry is only available in <a href=\"https:\/\/www.enerjigazetesi.ist\/tr\/wp-json\/wp\/v2\/posts\/64099\" class=\"qtranxs-available-language-link qtranxs-available-language-link-tr\" title=\"Turkish\">Turkish<\/a>. For the sake of viewer convenience, the content is shown below in the alternative language. You may click the link to switch the active language.<\/p><p><strong><span style=\"color: #0a0a0a;\">Sabanc\u0131 Holding CEO\u2019su Mehmet G\u00f6\u00e7men, T\u00fcrkiye\u2019de her 4 ki\u015fiden 1\u2019inin elektri\u011fe eri\u015fimini sa\u011flayan Grup \u015firketi Enerjisa\u2019n\u0131n ilk \u00e7eyrekte sat\u0131\u015flar\u0131n\u0131 y\u00fczde 6, tek seferlik gelir ve giderler hari\u00e7 faaliyet kar\u0131n\u0131 da y\u00fczde 7 artt\u0131rd\u0131\u011f\u0131n\u0131 vurgulad\u0131.<\/span><\/strong><\/p>\n<p>Mehmet G\u00f6\u00e7men, \u00fcretimde devam eden arz fazlas\u0131, d\u00f6nemsel do\u011fal gaz kesintileri ve ya\u011f\u0131\u015f seviyesindeki aza<a href=\"https:\/\/www.enerjigazetesi.ist\/wp-content\/uploads\/2017\/05\/enerjisanin-satislari-yuzde-6-faaliyet-kari-ise-yuzde-7-artis-gosterdi.jpg\"><img loading=\"lazy\" class=\"alignright size-medium wp-image-64101\" src=\"https:\/\/www.enerjigazetesi.ist\/wp-content\/uploads\/2017\/05\/enerjisanin-satislari-yuzde-6-faaliyet-kari-ise-yuzde-7-artis-gosterdi-300x200.jpg\" alt=\"enerjisanin-satislari-yuzde-6-faaliyet-kari-ise-yuzde-7-artis-gosterdi\" width=\"300\" height=\"200\" srcset=\"https:\/\/www.enerjigazetesi.ist\/wp-content\/uploads\/2017\/05\/enerjisanin-satislari-yuzde-6-faaliyet-kari-ise-yuzde-7-artis-gosterdi-300x200.jpg 300w, https:\/\/www.enerjigazetesi.ist\/wp-content\/uploads\/2017\/05\/enerjisanin-satislari-yuzde-6-faaliyet-kari-ise-yuzde-7-artis-gosterdi-500x333.jpg 500w, https:\/\/www.enerjigazetesi.ist\/wp-content\/uploads\/2017\/05\/enerjisanin-satislari-yuzde-6-faaliyet-kari-ise-yuzde-7-artis-gosterdi-75x50.jpg 75w, https:\/\/www.enerjigazetesi.ist\/wp-content\/uploads\/2017\/05\/enerjisanin-satislari-yuzde-6-faaliyet-kari-ise-yuzde-7-artis-gosterdi.jpg 750w\" sizes=\"(max-width: 300px) 100vw, 300px\" \/><\/a>lmalarla kendini g\u00f6steren zorlu pazar ko\u015fullar\u0131n\u0131n olumsuz etkilerine ra\u011fmen, dengeli \u00fcretim portf\u00f6y\u00fc, etkin optimizasyon ve serbest piyasaya paralel geli\u015fen ticaret faaliyetleri ile de\u011fer olu\u015fturduklar\u0131n\u0131 vurgulad\u0131.<\/p>\n<p>\u00dclkedeki enerji kaynaklar\u0131n\u0131n artan oranlarda ekonomiye kazand\u0131r\u0131lmas\u0131n\u0131n \u00f6nemine de\u011finen\u00a0Mehmet G\u00f6\u00e7men, son d\u00f6nemde g\u00fcne\u015f, r\u00fczgar ve linyit projeleriyle olu\u015fturulan\u00a0yeni ivmenin \u00f6nemine dikkat \u00e7ekti. T\u00fcrkiye\u2019nin enerji yo\u011funlu\u011funu azaltma y\u00f6n\u00fcndeki ad\u0131mlar\u0131n\u0131 da h\u0131zland\u0131rmas\u0131 gerekti\u011fini belirten G\u00f6\u00e7men\u00a0a\u00e7\u0131klamalar\u0131n\u0131 \u015f\u00f6yle s\u00fcrd\u00fcrd\u00fc:<br \/>\n\u201cEnerjide arz veya \u00fcretim taraf\u0131 ve b\u00fcy\u00fcmenin yan\u0131 s\u0131ra, t\u00fcketime de yo\u011funla\u015fmam\u0131z gerekti\u011fini d\u00fc\u015f\u00fcnmekteyim. Serbest, \u00f6ng\u00f6r\u00fclebilirli\u011fi g\u00fc\u00e7lendirilmi\u015f, rekabete dayal\u0131 i\u015fleyen ve yeterli derinli\u011fe sahip enerji piyasalar\u0131na y\u00f6nelik at\u0131lm\u0131\u015f olan ad\u0131mlar\u0131 mutlaka s\u00fcrd\u00fcrmemiz gereklidir.\u201d<\/p>","protected":false},"excerpt":{"rendered":"<p>Sorry, this entry is only available in Turkish. For the sake of viewer convenience, the content is shown below in the alternative language. You may click the link to switch the active language.Sabanc\u0131 Holding CEO\u2019su Mehmet G\u00f6\u00e7men, T\u00fcrkiye\u2019de her 4 ki\u015fiden 1\u2019inin elektri\u011fe eri\u015fimini sa\u011flayan Grup \u015firketi Enerjisa\u2019n\u0131n ilk \u00e7eyrekte sat\u0131\u015flar\u0131n\u0131 y\u00fczde 6, tek seferlik [&hellip;]<\/p>\n","protected":false},"author":1,"featured_media":64101,"comment_status":"open","ping_status":"open","sticky":false,"template":"","format":"standard","meta":[],"categories":[51,53],"tags":[92,68,63,67,1009,2698,165,16448,422,1048],"views":932,"_links":{"self":[{"href":"https:\/\/www.enerjigazetesi.ist\/en\/wp-json\/wp\/v2\/posts\/64099"}],"collection":[{"href":"https:\/\/www.enerjigazetesi.ist\/en\/wp-json\/wp\/v2\/posts"}],"about":[{"href":"https:\/\/www.enerjigazetesi.ist\/en\/wp-json\/wp\/v2\/types\/post"}],"author":[{"embeddable":true,"href":"https:\/\/www.enerjigazetesi.ist\/en\/wp-json\/wp\/v2\/users\/1"}],"replies":[{"embeddable":true,"href":"https:\/\/www.enerjigazetesi.ist\/en\/wp-json\/wp\/v2\/comments?post=64099"}],"version-history":[{"count":1,"href":"https:\/\/www.enerjigazetesi.ist\/en\/wp-json\/wp\/v2\/posts\/64099\/revisions"}],"predecessor-version":[{"id":64102,"href":"https:\/\/www.enerjigazetesi.ist\/en\/wp-json\/wp\/v2\/posts\/64099\/revisions\/64102"}],"wp:featuredmedia":[{"embeddable":true,"href":"https:\/\/www.enerjigazetesi.ist\/en\/wp-json\/wp\/v2\/media\/64101"}],"wp:attachment":[{"href":"https:\/\/www.enerjigazetesi.ist\/en\/wp-json\/wp\/v2\/media?parent=64099"}],"wp:term":[{"taxonomy":"category","embeddable":true,"href":"https:\/\/www.enerjigazetesi.ist\/en\/wp-json\/wp\/v2\/categories?post=64099"},{"taxonomy":"post_tag","embeddable":true,"href":"https:\/\/www.enerjigazetesi.ist\/en\/wp-json\/wp\/v2\/tags?post=64099"}],"curies":[{"name":"wp","href":"https:\/\/api.w.org\/{rel}","templated":true}]}}