{"id":64094,"date":"2017-05-12T09:40:38","date_gmt":"2017-05-12T06:40:38","guid":{"rendered":"https:\/\/www.enerjigazetesi.ist\/?p=64094"},"modified":"2017-05-12T09:40:38","modified_gmt":"2017-05-12T06:40:38","slug":"solarworldten-arz-bollugu-nedeniyle-iflas-basvurusu","status":"publish","type":"post","link":"https:\/\/www.enerjigazetesi.ist\/en\/solarworldten-arz-bollugu-nedeniyle-iflas-basvurusu\/","title":{"rendered":"(Turkish) SolarWorld&#8217;ten Arz Bollu\u011fu Nedeniyle \u0130flas Ba\u015fvurusu"},"content":{"rendered":"<p class=\"qtranxs-available-languages-message qtranxs-available-languages-message-en\">Sorry, this entry is only available in <a href=\"https:\/\/www.enerjigazetesi.ist\/tr\/wp-json\/wp\/v2\/posts\/64094\" class=\"qtranxs-available-language-link qtranxs-available-language-link-tr\" title=\"Turkish\">Turkish<\/a>. For the sake of viewer convenience, the content is shown below in the alternative language. You may click the link to switch the active language.<\/p><p><\/p>\n<p style=\"color: #0a0a0a;\"><strong>Katarl\u0131lar\u0131n y\u00fczde 29 orta\u011f\u0131 oldu\u011fu Al<img loading=\"lazy\" class=\"alignright wp-image-64095 size-medium\" src=\"https:\/\/www.enerjigazetesi.ist\/wp-content\/uploads\/2017\/05\/solarworldten-arz-bollugu-nedeniyle-iflas-basvurusu-300x187.png\" alt=\"solarworldten-arz-bollugu-nedeniyle-iflas-basvurusu\" width=\"300\" height=\"187\" srcset=\"https:\/\/www.enerjigazetesi.ist\/wp-content\/uploads\/2017\/05\/solarworldten-arz-bollugu-nedeniyle-iflas-basvurusu-300x187.png 300w, https:\/\/www.enerjigazetesi.ist\/wp-content\/uploads\/2017\/05\/solarworldten-arz-bollugu-nedeniyle-iflas-basvurusu-500x313.png 500w, https:\/\/www.enerjigazetesi.ist\/wp-content\/uploads\/2017\/05\/solarworldten-arz-bollugu-nedeniyle-iflas-basvurusu-80x50.png 80w, https:\/\/www.enerjigazetesi.ist\/wp-content\/uploads\/2017\/05\/solarworldten-arz-bollugu-nedeniyle-iflas-basvurusu.png 800w\" sizes=\"(max-width: 300px) 100vw, 300px\" \/>man solar enerji \u015firketi arz bollu\u011fu nedeni ile iflas\u0131n\u0131 a\u00e7\u0131klad\u0131.<\/strong><\/p>\n<p>Avrupa\u2019n\u0131n en b\u00fcy\u00fck g\u00fcne\u015f enerjisi ekipmanlar\u0131 \u00fcreticisi olan Almanya merkezli SolarWorld, \u00c7inli rakiplerine yenilerek iflas ba\u015fvurusunda bulundu.<\/p>\n<p>SolarWorld, \u00c7in\u2019in g\u00fcne\u015f panelleri \u00fcretimindeki h\u0131zl\u0131 art\u0131\u015f\u0131n olu\u015fturdu\u011fu arz bollu\u011funun yol a\u00e7t\u0131\u011f\u0131 fiyat d\u00fc\u015f\u00fc\u015fleri ile ba\u015fa \u00e7\u0131kamayarak Q-Cells, Solon ve Conergy gibi iflasa s\u00fcr\u00fcklenmi\u015f oldu.<\/p>","protected":false},"excerpt":{"rendered":"<p>Sorry, this entry is only available in Turkish. For the sake of viewer convenience, the content is shown below in the alternative language. You may click the link to switch the active language. Katarl\u0131lar\u0131n y\u00fczde 29 orta\u011f\u0131 oldu\u011fu Alman solar enerji \u015firketi arz bollu\u011fu nedeni ile iflas\u0131n\u0131 a\u00e7\u0131klad\u0131. Avrupa\u2019n\u0131n en b\u00fcy\u00fck g\u00fcne\u015f enerjisi ekipmanlar\u0131 \u00fcreticisi [&hellip;]<\/p>\n","protected":false},"author":1,"featured_media":64095,"comment_status":"open","ping_status":"open","sticky":false,"template":"","format":"standard","meta":[],"categories":[53,49],"tags":[63,67,1009,2698,165,227,13,2569,23133,108,4269,33992,5012],"views":937,"_links":{"self":[{"href":"https:\/\/www.enerjigazetesi.ist\/en\/wp-json\/wp\/v2\/posts\/64094"}],"collection":[{"href":"https:\/\/www.enerjigazetesi.ist\/en\/wp-json\/wp\/v2\/posts"}],"about":[{"href":"https:\/\/www.enerjigazetesi.ist\/en\/wp-json\/wp\/v2\/types\/post"}],"author":[{"embeddable":true,"href":"https:\/\/www.enerjigazetesi.ist\/en\/wp-json\/wp\/v2\/users\/1"}],"replies":[{"embeddable":true,"href":"https:\/\/www.enerjigazetesi.ist\/en\/wp-json\/wp\/v2\/comments?post=64094"}],"version-history":[{"count":1,"href":"https:\/\/www.enerjigazetesi.ist\/en\/wp-json\/wp\/v2\/posts\/64094\/revisions"}],"predecessor-version":[{"id":64096,"href":"https:\/\/www.enerjigazetesi.ist\/en\/wp-json\/wp\/v2\/posts\/64094\/revisions\/64096"}],"wp:featuredmedia":[{"embeddable":true,"href":"https:\/\/www.enerjigazetesi.ist\/en\/wp-json\/wp\/v2\/media\/64095"}],"wp:attachment":[{"href":"https:\/\/www.enerjigazetesi.ist\/en\/wp-json\/wp\/v2\/media?parent=64094"}],"wp:term":[{"taxonomy":"category","embeddable":true,"href":"https:\/\/www.enerjigazetesi.ist\/en\/wp-json\/wp\/v2\/categories?post=64094"},{"taxonomy":"post_tag","embeddable":true,"href":"https:\/\/www.enerjigazetesi.ist\/en\/wp-json\/wp\/v2\/tags?post=64094"}],"curies":[{"name":"wp","href":"https:\/\/api.w.org\/{rel}","templated":true}]}}