{"id":64063,"date":"2017-05-10T14:36:43","date_gmt":"2017-05-10T11:36:43","guid":{"rendered":"https:\/\/www.enerjigazetesi.ist\/?p=64063"},"modified":"2017-05-10T14:36:44","modified_gmt":"2017-05-10T11:36:44","slug":"sedas-proje-fikri-yarismasi-basari-ile-sonuclandi","status":"publish","type":"post","link":"https:\/\/www.enerjigazetesi.ist\/en\/sedas-proje-fikri-yarismasi-basari-ile-sonuclandi\/","title":{"rendered":"(Turkish) SEDA\u015e Proje Fikri Yar\u0131\u015fmas\u0131 Ba\u015far\u0131 \u0130le Sonu\u00e7land\u0131"},"content":{"rendered":"<p class=\"qtranxs-available-languages-message qtranxs-available-languages-message-en\">Sorry, this entry is only available in <a href=\"https:\/\/www.enerjigazetesi.ist\/tr\/wp-json\/wp\/v2\/posts\/64063\" class=\"qtranxs-available-language-link qtranxs-available-language-link-tr\" title=\"Turkish\">Turkish<\/a>. For the sake of viewer convenience, the content is shown below in the alternative language. You may click the link to switch the active language.<\/p><p><strong>SEDA\u015e\u2019\u0131n \u00fcniversite \u00f6\u011frencilerini inovatif projeler yapmaya te\u015fvik eden ve gelenekselle\u015fen Proje Fikri Yar\u0131\u015fmas\u0131\u2019n\u0131n kazananlar\u0131 belli oldu. \u00d6d\u00fcl t\u00f6renine SEDA\u015e Y\u00f6netim Kurulu ve \u0130cra Ba\u015fkan\u0131 Bekir Sami G\u00fcven\u2019in yan\u0131 s\u0131ra D\u00fczce \u00dcniversitesi Rekt\u00f6r\u00fc Prof. Dr. Nigar Demircan \u00c7akar, Sakarya \u00dcniversitesi Rekt\u00f6r Yard\u0131mc\u0131s\u0131 Prof. Dr. Mehmet Ali Yal\u00e7\u0131n, Gebze Teknik \u00dcniversitesi Rekt\u00f6r Yard\u0131mc\u0131s\u0131 Prof. Dr. Bab\u00fcr \u00d6z\u00e7elik ile Kocaeli \u00dcniversitesi Rekt\u00f6r Yard\u0131mc\u0131s\u0131 Prof.Dr. Bekir \u00c7ak\u0131r\u2019\u0131n kat\u0131ld\u0131\u011f\u0131 yar\u0131\u015fman\u0131n birincisi\u00a0 Abant \u0130zzet Baysal \u00dcniversitesi\u2019nden\u00a0 \u201cGSM Tabanl\u0131 Trafo Korumas\u0131\u201d isimli projesi ile fark yaratan Elektrik-Elektronik M\u00fchendisli\u011fi 4. S\u0131n\u0131f \u00d6\u011frencisi H\u00fcsn\u00fc Kaya oldu.<\/strong><\/p>\n<p>Sakarya, Kocaeli, Bolu ve D\u00fczce\u2019de toplam 1,6 milyon t\u00fcketiciye ve 3,4 milyon n\u00fcfusa enerji da\u011f\u0131t\u0131m hizmeti veren SEDA\u015e\u2019\u0131n bu y\u0131l ikincisini ger\u00e7ekle\u015ftirdi\u011fi SEDA\u015e Proje Fikri Yar\u0131\u015fmas\u0131\u2019n\u0131n sonu\u00e7lar\u0131 belli oldu. \u00d6n de\u011ferlendirmeyi ge\u00e7erek finale kalan 13 <a href=\"https:\/\/www.enerjigazetesi.ist\/wp-content\/uploads\/2017\/05\/sedas-proje-fikri-yarismasi-basari-ile-sonuclandi.jpg\"><img loading=\"lazy\" class=\"alignright size-medium wp-image-64064\" src=\"https:\/\/www.enerjigazetesi.ist\/wp-content\/uploads\/2017\/05\/sedas-proje-fikri-yarismasi-basari-ile-sonuclandi-300x200.jpg\" alt=\"sedas-proje-fikri-yarismasi-basari-ile-sonuclandi\" width=\"300\" height=\"200\" srcset=\"https:\/\/www.enerjigazetesi.ist\/wp-content\/uploads\/2017\/05\/sedas-proje-fikri-yarismasi-basari-ile-sonuclandi-300x200.jpg 300w, https:\/\/www.enerjigazetesi.ist\/wp-content\/uploads\/2017\/05\/sedas-proje-fikri-yarismasi-basari-ile-sonuclandi-74x50.jpg 74w, https:\/\/www.enerjigazetesi.ist\/wp-content\/uploads\/2017\/05\/sedas-proje-fikri-yarismasi-basari-ile-sonuclandi.jpg 400w\" sizes=\"(max-width: 300px) 100vw, 300px\" \/><\/a>proje, Sakarya \u00dcniversitesi, Kocaeli \u00dcniversitesi, Bolu Abant \u0130zzet Baysal \u00dcniversitesi, D\u00fczce \u00dcniversitesi, Gebze Teknik \u00dcniversitesi akademisyenleri ve SEDA\u015e y\u00f6neticilerinin olu\u015fturdu\u011fu j\u00fcri taraf\u0131ndan de\u011ferlendirildi. Bolu Abant \u0130zzet Baysal \u00dcniversitesi\u2019nden H\u00fcsn\u00fc Kaya birinci olurken, D\u00fczce \u00dcniversitesinden Melda Sinem Demirta\u015f ve Cem Ye\u015filta\u015f, birlikte haz\u0131rlad\u0131klar\u0131 projeleri ile ikinci oldular.\u00a0 Abant \u0130zzet Baysal \u00dcniversitesinden, \u00d6zg\u00fcr \u0130\u015fg\u00fcder ve Mehmet Cuma Bozo\u011flan \u00fc\u00e7\u00fcnc\u00fc oldular. \u0130lk \u00fc\u00e7 dereceye giremeyen 10 projeye de mansiyon \u00f6d\u00fclleri verildi.\u00a0 Ayr\u0131ca SEDA\u015e y\u00f6netimince, \u00dcniversite Rekt\u00f6rl\u00fcklerine te\u015fekk\u00fcr i\u00e7in haz\u0131rlanan plaketlerin sunumu yap\u0131ld\u0131.<\/p>\n<p>Birinci olan H\u00fcsn\u00fc Kaya, \u00f6d\u00fcl\u00fcn\u00fc, SEDA\u015e \u0130cra Ba\u015fkan\u0131 Bekir Sami G\u00fcven\u2019in elinden ald\u0131.\u00a0 D\u00fczce \u00dcniversitesi Rekt\u00f6r\u00fc Prof. Dr. Nigar Demircan \u00c7akar da ikinci olan Melda Sinem Demirta\u015f ve Cem Ye\u015filta\u015f\u2019a \u00f6d\u00fcl\u00fcn\u00fc takdim ederken, \u00fc\u00e7\u00fcnc\u00fc olan \u00d6zg\u00fcr \u0130\u015fg\u00fcder ve Mehmet Cuma Bozo\u011flan \u00f6d\u00fcl\u00fcn\u00fc Rekt\u00f6r Yard\u0131mc\u0131s\u0131 Prof. Dr. Mehmet Ali Yal\u00e7\u0131n\u2019dan ald\u0131.<\/p>\n<p>\u201cToplum i\u00e7in yeni teknolojiler\u201d temas\u0131 ve \u201cProjesi \u0130yi Olan Kazans\u0131n\u201d slogan\u0131yla \u00fcniversite \u00f6\u011frencileri i\u00e7in d\u00fczenlenen yar\u0131\u015fman\u0131n \u00f6d\u00fcl t\u00f6reninde konu\u015fan <strong>SEDA\u015e Y\u00f6netim Kurulu ve \u0130cra Ba\u015fkan\u0131 <\/strong>projeyle ilgili \u015funlar\u0131 s\u00f6yledi:<\/p>\n<p>\u201c<em>SEDA\u015e olarak elektrik da\u011f\u0131t\u0131m \u015firketi olarak yat\u0131r\u0131mlar\u0131m\u0131z ve uygulamalar\u0131m\u0131z ile sekt\u00f6rde \u00f6nc\u00fc bir \u015firketiz. Bu yar\u0131\u015fmam\u0131z ile de toplum i\u00e7in yeni teknolojilere y\u00f6nelik inovatif projeleri olan gen\u00e7lerin \u00f6n\u00fcn\u00fc a\u00e7mak ve onlara projelerini hayata ge\u00e7irmek anlam\u0131nda destek olmak istiyoruz. Bu kapsamda da Sakarya \u00dcniversitesi, Kocaeli \u00dcniversitesi, Bolu Abant \u0130zzet Baysal \u00dcniversitesi, D\u00fczce \u00dcniversitesi ve Gebze Teknik \u00dcniversitesi\u2019ne bize verdikleri destekten \u00f6t\u00fcr\u00fc \u00e7ok te\u015fekk\u00fcr ediyoruz.\u201d<\/em><\/p>\n<p>Yar\u0131\u015fmaya 87 adet projenin ba\u015fvurdu\u011funu belirten Bekir Sami G\u00fcven, \u00f6n eleme sonucunda finale kalan 13 proje aras\u0131nda se\u00e7im yapman\u0131n \u00e7ok zor oldu\u011funu s\u00f6zlerine ekledi. Bu yar\u0131\u015fman\u0131n \u00f6\u011frencilerin ileriki hayatlar\u0131na da katk\u0131 sa\u011flayaca\u011f\u0131na inand\u0131klar\u0131n\u0131 s\u00f6yleyen Bekir Sami G\u00fcven s\u00f6zlerine \u015f\u00f6yle devam etti:<\/p>\n<p><em>\u201cBu proje ile gen\u00e7lerin d\u00fc\u015f\u00fcnmesini, hayal etmesini ve yarat\u0131c\u0131 fikirlerini bizlerle payla\u015fmas\u0131n\u0131 istedik. Gen\u00e7lerin b\u00f6yle bir bak\u0131\u015f a\u00e7\u0131s\u0131 geli\u015ftirmesi onlar\u0131n gelecekteki i\u015f hayatlar\u0131nda her zaman fark yaratacakt\u0131r. SEDA\u015e olarak da biz de buna destek olmaktan b\u00fcy\u00fck mutluluk duyuyoruz. Gururla payla\u015fabilirim ki ge\u00e7en y\u0131lki SEDA\u015e Proje Fikri\u2019nin birincisi Volkan Uluta\u015f, \u015fu anda SEDA\u015e ailesinin bir \u00fcyesi ve proje grubu ile birlikte \u00e7al\u0131\u015fmalar\u0131n\u0131 SEDA\u015e\u2019ta s\u00fcrd\u00fcr\u00fcyor. Bu y\u0131l yar\u0131\u015fmaya kat\u0131lan t\u00fcm gen\u00e7lerin ileride \u00e7ok ba\u015far\u0131l\u0131 olaca\u011f\u0131na inan\u0131yorum.\u201d<\/em><\/p>\n<p>SEDA\u015e Proje Fikri Yar\u0131\u015fmas\u0131\u2019nda 1.olan proje 5.000 TL ile \u00f6d\u00fcllendirilirken 2. olan proje 3.000 TL ve 3.olan proje 2000 TL ile \u00f6d\u00fcllendirildi. Mansiyon \u00f6d\u00fcl\u00fc alan 10 proje i\u00e7in de 1000\u2019er TL, e\u011fer grup olarak kat\u0131l\u0131m s\u00f6z konusu ise 1500\u2019er TL \u00f6d\u00fcl verildi.<\/p>","protected":false},"excerpt":{"rendered":"<p>Sorry, this entry is only available in Turkish. For the sake of viewer convenience, the content is shown below in the alternative language. You may click the link to switch the active language.SEDA\u015e\u2019\u0131n \u00fcniversite \u00f6\u011frencilerini inovatif projeler yapmaya te\u015fvik eden ve gelenekselle\u015fen Proje Fikri Yar\u0131\u015fmas\u0131\u2019n\u0131n kazananlar\u0131 belli oldu. \u00d6d\u00fcl t\u00f6renine SEDA\u015e Y\u00f6netim Kurulu ve \u0130cra [&hellip;]<\/p>\n","protected":false},"author":1,"featured_media":64064,"comment_status":"open","ping_status":"open","sticky":false,"template":"","format":"standard","meta":[],"categories":[51,53],"tags":[63,67,1009,2698,165,2444],"views":733,"_links":{"self":[{"href":"https:\/\/www.enerjigazetesi.ist\/en\/wp-json\/wp\/v2\/posts\/64063"}],"collection":[{"href":"https:\/\/www.enerjigazetesi.ist\/en\/wp-json\/wp\/v2\/posts"}],"about":[{"href":"https:\/\/www.enerjigazetesi.ist\/en\/wp-json\/wp\/v2\/types\/post"}],"author":[{"embeddable":true,"href":"https:\/\/www.enerjigazetesi.ist\/en\/wp-json\/wp\/v2\/users\/1"}],"replies":[{"embeddable":true,"href":"https:\/\/www.enerjigazetesi.ist\/en\/wp-json\/wp\/v2\/comments?post=64063"}],"version-history":[{"count":1,"href":"https:\/\/www.enerjigazetesi.ist\/en\/wp-json\/wp\/v2\/posts\/64063\/revisions"}],"predecessor-version":[{"id":64065,"href":"https:\/\/www.enerjigazetesi.ist\/en\/wp-json\/wp\/v2\/posts\/64063\/revisions\/64065"}],"wp:featuredmedia":[{"embeddable":true,"href":"https:\/\/www.enerjigazetesi.ist\/en\/wp-json\/wp\/v2\/media\/64064"}],"wp:attachment":[{"href":"https:\/\/www.enerjigazetesi.ist\/en\/wp-json\/wp\/v2\/media?parent=64063"}],"wp:term":[{"taxonomy":"category","embeddable":true,"href":"https:\/\/www.enerjigazetesi.ist\/en\/wp-json\/wp\/v2\/categories?post=64063"},{"taxonomy":"post_tag","embeddable":true,"href":"https:\/\/www.enerjigazetesi.ist\/en\/wp-json\/wp\/v2\/tags?post=64063"}],"curies":[{"name":"wp","href":"https:\/\/api.w.org\/{rel}","templated":true}]}}