{"id":64049,"date":"2017-05-10T11:42:43","date_gmt":"2017-05-10T08:42:43","guid":{"rendered":"https:\/\/www.enerjigazetesi.ist\/?p=64049"},"modified":"2017-05-10T11:43:38","modified_gmt":"2017-05-10T08:43:38","slug":"yuksek-gelire-sahip-olanlar-daha-fazla-enerji-ve-dogal-kaynak-tuketiyor","status":"publish","type":"post","link":"https:\/\/www.enerjigazetesi.ist\/en\/yuksek-gelire-sahip-olanlar-daha-fazla-enerji-ve-dogal-kaynak-tuketiyor\/","title":{"rendered":"(Turkish) Y\u00fcksek Gelire Sahip Olanlar Daha Fazla Enerji ve Do\u011fal Kaynak T\u00fcketiyor"},"content":{"rendered":"<p class=\"qtranxs-available-languages-message qtranxs-available-languages-message-en\">Sorry, this entry is only available in <a href=\"https:\/\/www.enerjigazetesi.ist\/tr\/wp-json\/wp\/v2\/posts\/64049\" class=\"qtranxs-available-language-link qtranxs-available-language-link-tr\" title=\"Turkish\">Turkish<\/a>. For the sake of viewer convenience, the content is shown below in the alternative language. You may click the link to switch the active language.<\/p><p><strong><span style=\"color: #0a0a0a;\">Almanya Federal \u00c7evre Dairesi&#8217;nin (UBA) yapt\u0131rd\u0131\u011f\u0131 ara\u015ft\u0131rma\u00a0sonucuna g\u00f6re, gelir artt\u0131k\u00e7a enerji ve kay\u00adnak t\u00fcketimi de artmaktad\u0131r. UBA Ba\u015fkan\u0131 Maria Krautzberger taraf\u0131ndan &#8220;Paras\u0131 olan a\u011f\u0131r ve fazla t\u00fcketen otomobil al\u0131yor, b\u00fcy\u00fck evlerde oturuyor, daha fazla u\u00e7ak yol\u00adculu\u011fu yap\u0131yor, ancak g\u00fc<a href=\"https:\/\/www.enerjigazetesi.ist\/wp-content\/uploads\/2016\/05\/kuresel-enerji-tuketimi-artacak.jpg\"><img loading=\"lazy\" class=\"alignright  wp-image-53231\" src=\"https:\/\/www.enerjigazetesi.ist\/wp-content\/uploads\/2016\/05\/kuresel-enerji-tuketimi-artacak.jpg\" alt=\"kuresel-enerji-tuketimi-artacak\" width=\"300\" height=\"219\" \/><\/a>nl\u00fck hayatta \u00e7evreyle uyum\u00adlu olmaya \u00f6zen g\u00f6steriyor&#8221; ifadelerine yer verildi.<\/span><\/strong><\/p>\n<p>Enerji t\u00fcketimi ve sera gaz\u0131 emisyonunda \u00f6ncelikle u\u00e7ak ve otomobil yolculuklar\u0131yla evin \u0131s\u0131 izolasyonu ve geni\u015fli\u011fiyle et t\u00fcketimi rol oynuyor.\u00a0Toplamda \u00e7evre bilinci g\u00f6sterenler dar gelirlilerden daha fazla karbondioksit \u00fcretiyorlar. Ara\u015ft\u0131rma, maddi imk\u00e2nlar\u0131 s\u0131n\u0131rl\u0131 olup \u00e7evre bilinci ta\u015f\u0131mad\u0131\u011f\u0131n\u0131 beyan edenlerin ise \u00e7evre\u00adye en az zarar\u0131 verdiklerini de ortaya \u00e7\u0131karmaktad\u0131r.<\/p>\n<p>Yap\u0131lan ara\u015ft\u0131rmada enerji t\u00fcketiminin ve sera gazlar\u0131n\u0131n azalt\u0131labilmesi i\u00e7in enerji t\u00fcketimi fazla olan ve tasar\u00adruf potansiyeli bulunan y\u00fcksek gelirli ve bilin\u00e7li t\u00fcke\u00adticiden ise ba\u015flanmas\u0131 \u00f6nerilmektedir. En y\u00fcksek tasarruf potansiyeli ele\u015ftirici, yarat\u0131c\u0131 ve geliri fazla kesimin \u0131s\u0131nma ve motorlu ara\u00e7la yolculuk etme al\u0131\u015fkanl\u0131\u011f\u0131nda yatmaktad\u0131r. \u00c7evre Dairesi karbondioksit emisyonunun azalt\u0131labilmesi i\u00e7in ev ve otomobillerin enerji ihtiyac\u0131\u00adn\u0131n y\u00fcksek t\u00fcketim vergisiyle frenlenmesini \u00f6nermektedir. U\u00e7ak yak\u0131t\u0131ndan daha fazla vergi al\u0131nmas\u0131n\u0131n yolculuk say\u0131s\u0131n\u0131 azaltaca\u011f\u0131 ve sarfiyat\u0131 d\u00fc\u015f\u00fck u\u00e7aklar\u0131n geli\u015ftiril\u00admesini te\u015fvik edece\u011fi de raporda belirtilmektedir.<\/p>\n<p>Kaynak: <a href=\"http:\/\/enerjienstitusu.com\/2017\/05\/08\/yuksek-gelirliler-daha-fazla-enerji-dogal-kaynak-tuketiyor\/\" target=\"_blank\" rel=\"nofollow\">Enerji Enstit\u00fcs\u00fc<\/a><\/p>","protected":false},"excerpt":{"rendered":"<p>Sorry, this entry is only available in Turkish. For the sake of viewer convenience, the content is shown below in the alternative language. You may click the link to switch the active language.Almanya Federal \u00c7evre Dairesi&#8217;nin (UBA) yapt\u0131rd\u0131\u011f\u0131 ara\u015ft\u0131rma\u00a0sonucuna g\u00f6re, gelir artt\u0131k\u00e7a enerji ve kay\u00adnak t\u00fcketimi de artmaktad\u0131r. UBA Ba\u015fkan\u0131 Maria Krautzberger taraf\u0131ndan &#8220;Paras\u0131 olan [&hellip;]<\/p>\n","protected":false},"author":1,"featured_media":53231,"comment_status":"open","ping_status":"open","sticky":false,"template":"","format":"standard","meta":[],"categories":[53],"tags":[31273,63,67,1009,2698,165,148,1428,33981,1370],"views":500,"_links":{"self":[{"href":"https:\/\/www.enerjigazetesi.ist\/en\/wp-json\/wp\/v2\/posts\/64049"}],"collection":[{"href":"https:\/\/www.enerjigazetesi.ist\/en\/wp-json\/wp\/v2\/posts"}],"about":[{"href":"https:\/\/www.enerjigazetesi.ist\/en\/wp-json\/wp\/v2\/types\/post"}],"author":[{"embeddable":true,"href":"https:\/\/www.enerjigazetesi.ist\/en\/wp-json\/wp\/v2\/users\/1"}],"replies":[{"embeddable":true,"href":"https:\/\/www.enerjigazetesi.ist\/en\/wp-json\/wp\/v2\/comments?post=64049"}],"version-history":[{"count":2,"href":"https:\/\/www.enerjigazetesi.ist\/en\/wp-json\/wp\/v2\/posts\/64049\/revisions"}],"predecessor-version":[{"id":64051,"href":"https:\/\/www.enerjigazetesi.ist\/en\/wp-json\/wp\/v2\/posts\/64049\/revisions\/64051"}],"wp:featuredmedia":[{"embeddable":true,"href":"https:\/\/www.enerjigazetesi.ist\/en\/wp-json\/wp\/v2\/media\/53231"}],"wp:attachment":[{"href":"https:\/\/www.enerjigazetesi.ist\/en\/wp-json\/wp\/v2\/media?parent=64049"}],"wp:term":[{"taxonomy":"category","embeddable":true,"href":"https:\/\/www.enerjigazetesi.ist\/en\/wp-json\/wp\/v2\/categories?post=64049"},{"taxonomy":"post_tag","embeddable":true,"href":"https:\/\/www.enerjigazetesi.ist\/en\/wp-json\/wp\/v2\/tags?post=64049"}],"curies":[{"name":"wp","href":"https:\/\/api.w.org\/{rel}","templated":true}]}}