{"id":64038,"date":"2017-05-09T14:39:42","date_gmt":"2017-05-09T11:39:42","guid":{"rendered":"https:\/\/www.enerjigazetesi.ist\/?p=64038"},"modified":"2017-05-09T14:39:42","modified_gmt":"2017-05-09T11:39:42","slug":"enerji-fuari-icci-2017-sektorun-oncu-aktorlerini-bir-araya-getirdi","status":"publish","type":"post","link":"https:\/\/www.enerjigazetesi.ist\/en\/enerji-fuari-icci-2017-sektorun-oncu-aktorlerini-bir-araya-getirdi\/","title":{"rendered":"(Turkish) Enerji Fuar\u0131 ICCI 2017 Sekt\u00f6r\u00fcn \u00d6nc\u00fc Akt\u00f6rlerini Bir Araya Getirdi"},"content":{"rendered":"<p class=\"qtranxs-available-languages-message qtranxs-available-languages-message-en\">Sorry, this entry is only available in <a href=\"https:\/\/www.enerjigazetesi.ist\/tr\/wp-json\/wp\/v2\/posts\/64038\" class=\"qtranxs-available-language-link qtranxs-available-language-link-tr\" title=\"Turkish\">Turkish<\/a>. For the sake of viewer convenience, the content is shown below in the alternative language. You may click the link to switch the active language.<\/p><p><strong>ICCI 2017 &#8211; 23. Uluslararas\u0131 Enerji ve \u00c7evre Fuar\u0131 ve Konferans\u0131 3-5 May\u0131s tarihleri aras\u0131nda \u0130stanbul Fuar Merkezi&#8217;nde ger\u00e7ekle\u015fti. ICCI, bu y\u0131l ilk kez Penwell International ve Hannover Fairs Turkey Fuarc\u0131l\u0131k&#8217;\u0131n ortak giri\u015fimi olarak organize edildi. ICCI Powered by POWER-GEN mottosuyla d\u00fczenlenen etkinlik, d\u00fcnyan\u0131n en h\u0131zl\u0131 geli\u015fen enerji piyasalar\u0131ndan biri olan T\u00fcrkiye&#8217;de enerji end\u00fcstrisi i\u00e7in dikkate de\u011fer bir katk\u0131 sa\u011flad\u0131.<\/strong><\/p>\n<p>ICCI 2017, Enerji ve Tabii Kaynaklar Bakanl\u0131\u011f\u0131,<a href=\"https:\/\/www.enerjigazetesi.ist\/wp-content\/uploads\/2017\/05\/enerji-fuari-icci-2017-sektorun-oncu-aktorlerini-bir-araya-getirdi.jpg\"><img loading=\"lazy\" class=\"alignleft size-medium wp-image-64039\" src=\"https:\/\/www.enerjigazetesi.ist\/wp-content\/uploads\/2017\/05\/enerji-fuari-icci-2017-sektorun-oncu-aktorlerini-bir-araya-getirdi-300x200.jpg\" alt=\"enerji-fuari-icci-2017-sektorun-oncu-aktorlerini-bir-araya-getirdi\" width=\"300\" height=\"200\" srcset=\"https:\/\/www.enerjigazetesi.ist\/wp-content\/uploads\/2017\/05\/enerji-fuari-icci-2017-sektorun-oncu-aktorlerini-bir-araya-getirdi-300x200.jpg 300w, https:\/\/www.enerjigazetesi.ist\/wp-content\/uploads\/2017\/05\/enerji-fuari-icci-2017-sektorun-oncu-aktorlerini-bir-araya-getirdi-500x333.jpg 500w, https:\/\/www.enerjigazetesi.ist\/wp-content\/uploads\/2017\/05\/enerji-fuari-icci-2017-sektorun-oncu-aktorlerini-bir-araya-getirdi-74x50.jpg 74w, https:\/\/www.enerjigazetesi.ist\/wp-content\/uploads\/2017\/05\/enerji-fuari-icci-2017-sektorun-oncu-aktorlerini-bir-araya-getirdi.jpg 883w\" sizes=\"(max-width: 300px) 100vw, 300px\" \/><\/a> \u00c7evre ve \u015eehircilik Bakanl\u0131\u011f\u0131, Ekonomi Bakanl\u0131\u011f\u0131 ve Enerji Piyasas\u0131 D\u00fczenleme Kurumu&#8217;nun (EPDK) deste\u011fi ile sekt\u00f6r\u00fcn t\u00fcm bile\u015fenlerini bir araya getirdi. TBMM Sanayi, Ticaret, Enerji, Tabii Kaynaklar, Bilgi ve Teknoloji Komisyonu Ba\u015fkan\u0131 Sn. Ziya Altunyald\u0131z; Enerji Bakanl\u0131\u011f\u0131 M\u00fcste\u015far\u0131 Sn. Fatih D\u00f6nmez, EPDK Ba\u015fkan\u0131 Sn. Mustafa Y\u0131lmaz, DE\u0130K Y\u00f6netim Kurulu Ba\u015fkan\u0131 Sn. \u00d6mer Cihad Vardan ve M\u00dcS\u0130AD Y\u00f6netim Kurulu Ba\u015fkan\u0131 Sn. Nail Olpakkat\u0131l\u0131mlar\u0131yla ICCI&#8217;\u0131 onurland\u0131rarak, T\u00fcrkiye enerji sekt\u00f6r\u00fc i\u00e7in ICCI&#8217;\u0131n \u00f6nemini bir kez daha vurgulad\u0131lar. Yan\u0131 s\u0131ra, ABB, Nordex ve Garanti Koza Enerji \u00d6zel Sponsor; Siterm Alt\u0131n Sponsor ve TEKSAN Jenarat\u00f6r Teknoloji Sponsoru olarak ICCI 2017&#8217;ye desteklerini sundular.<\/p>\n<p><strong>ICCI Kat\u0131l\u0131mc\u0131 ve ziyaret\u00e7ileri i\u00e7in yepyeni f\u0131rsatlar sundu<\/strong><\/p>\n<p>13 \u00fclkeden 200&#8217;e yak\u0131n firma ICCI 2017&#8217;de \u00fcr\u00fcnlerini sergiledi. Aralar\u0131ndan \u00c7ek Cumhuriyeti ve \u00c7in \u00fclke pavilyonlar\u0131yla kat\u0131l\u0131m g\u00f6sterdi. Kat\u0131l\u0131mc\u0131lar; elektrik ve buhar \u00fcretiminde geleneksel sistemlerden, r\u00fczgar, hidroelektirik, jeotermal ve g\u00fcne\u015f gibi yenilenebilir kaynakl\u0131 sistemlere kadar geni\u015f bir yelpazede yeni teknoloji ve uygulamalar\u0131n\u0131 ziyaret\u00e7ilerle payla\u015ft\u0131lar.<\/p>\n<p>ICCI, kat\u0131l\u0131mc\u0131lar\u0131na T\u00fcrkiye ve kom\u015fu \u00fclkelerdeki geli\u015fen pazarlara ula\u015fmak i\u00e7in m\u00fckemmel bir f\u0131rsat sundu. Fuar boyunca, T\u00fcrkiye&#8217;nin yan\u0131 s\u0131ra, Avrupa, Kuzey Afrika, Asya ve K\u00f6rfez \u00fclkelerinden 14.000&#8217;e yak\u0131n profesyonel fuar\u0131 ziyaret etti.<\/p>\n<p>Sekt\u00f6rel Fuarc\u0131l\u0131k taraf\u0131ndan organize edilen davetli sat\u0131n almac\u0131 program\u0131 kapsam\u0131nda, Arnavutluk, Bosna Hersek, \u0130ran, \u00dcrd\u00fcn, Kosova, Filistin, Yemen&#8217;den \u015firketler ve dernekler a\u011f\u0131rland\u0131.<\/p>\n<p>Ulusal ve uluslararas\u0131 profesyonellerin kat\u0131l\u0131m\u0131yla, ICCI bir kez daha gelecek vaad eden i\u015f anla\u015fmalar\u0131 ve yeni ihracat ve ithalat f\u0131rsatlar\u0131 i\u00e7in en do\u011fru adres oldu\u011funu kan\u0131tlad\u0131. \u0130kili i\u015f g\u00f6r\u00fc\u015fmeleri kapsam\u0131nda 4-5 May\u0131s tarihleri aras\u0131nda 95 i\u015f g\u00f6r\u00fc\u015fmesi ger\u00e7ekle\u015fti.<\/p>\n<p><strong>Uluslararas\u0131 ICCI Konferans\u0131 e\u015f zamanl\u0131 olarak ger\u00e7ekle\u015fti <\/strong><\/p>\n<p>Fuar, konferans ve ikili i\u015f g\u00f6r\u00fc\u015fmelerini tek \u00e7at\u0131 alt\u0131nda bulu\u015fturan ICCI 2017, enerji sekt\u00f6r\u00fcn\u00fcn \u00f6nemli bir de\u011fi\u015fimin e\u015fi\u011finde oldu\u011fu g\u00fcn\u00fcm\u00fczde yenilikler hakk\u0131nda bilgi sa\u011flayan bir platform olma misyonuna da sahip. 23 y\u0131ld\u0131r enerji sekt\u00f6r\u00fcndeki geli\u015fmelere \u0131\u015f\u0131k tutan ICCI Konferanslar\u0131, bu y\u0131l da \u00f6nemli konu ve konuklarla sekt\u00f6r\u00fcn gelece\u011fine \u0131\u015f\u0131k tuttu.<\/p>\n<p>4 salonda d\u00fczenlenen e\u015f zamanl\u0131 oturumlarda Enerji Depolama Sistemleri, Enerji End\u00fcstrisinde Dijitalizasyon, Gaz Ticareti Merkezi, Yenilenebilir Enerji Sekt\u00f6r\u00fcnde Yerli Ekipman \u00dcretimi, 5.000 MW ve YEKA\u2019lar\u0131n T\u00fcrkiye Yenilenebilir Enerji Sekt\u00f6r\u00fcne Etkileri, Lisanss\u0131z GES\u2019lerde \u00c7at\u0131 Uygulamalar\u0131 ve \u00d6n\u00fcndeki Engeller gibi yepyeni konular ele al\u0131nd\u0131.<\/p>\n<p>Konferans bu y\u0131l \u00e7ok de\u011ferli uluslararas\u0131 konu\u015fmac\u0131lar\u0131 da a\u011f\u0131rlad\u0131. Bosna Hersek D\u0131\u015f Ticaret ve Ekonomi \u0130li\u015fkileri Bakanl\u0131\u011f\u0131 Enerji Sekt\u00f6r\u00fc Bakan Yard\u0131mc\u0131s\u0131 Admir Softic, &#8221;Bosna Hersek &#8211; R\u00fczgar Santrallerinde\/Hidroelektrik Santrallerinde Yat\u0131r\u0131m F\u0131rsatlar\u0131&#8221; konusunda bilgi payla\u015ft\u0131. &#8221;\u0130ran Yenilenebilir Enerji Kurumu, R\u00fczgar ve Dalga Enerjisi B\u00f6l\u00fcm\u00fc Direkt\u00f6r\u00fc&#8221; Mohammed Satkin, &#8221;Ortado\u011fu&#8217;nun R\u00fczgar Enerjisi Geli\u015fiminin Y\u00fcksek Potansiyelini Ortaya \u00c7\u0131karmak&#8221; konulu konu\u015fmas\u0131yla yer ald\u0131. Pakistan Ulusal Elektrik Enerjisi D\u00fczenleme Kurumu (NEPRA) Ba\u015fkan\u0131 Tariq Saddozai &#8221;T\u00fcrkiye &amp; Pakistan Aras\u0131ndaki Enerji \u0130li\u015fkileri: Pakistan&#8217;\u0131n Enerji Sekt\u00f6r\u00fcndeki Yat\u0131r\u0131m \u0130mkanlar\u0131 (\u00dcretim &amp; \u0130letim)&#8221; konusunda \u00f6nemli bilgiler aktard\u0131.<\/p>\n<p>3 ba\u015far\u0131l\u0131 g\u00fcn\u00fcn ard\u0131ndan, ICCI 2017 &#8211; Uluslararas\u0131 Enerji ve \u00c7evre Fuar\u0131 ve Konferans\u0131 bir kez daha sekt\u00f6r\u00fcn t\u00fcm bile\u015fenleri i\u00e7in \u00f6nc\u00fc adres oldu\u011funu kan\u0131tlad\u0131. Bir sonraki ICCI fuar\u0131 2-4 May\u0131s 2018 tarihleri aras\u0131nda ger\u00e7ekle\u015fecek.<\/p>","protected":false},"excerpt":{"rendered":"<p>Sorry, this entry is only available in Turkish. For the sake of viewer convenience, the content is shown below in the alternative language. You may click the link to switch the active language.ICCI 2017 &#8211; 23. Uluslararas\u0131 Enerji ve \u00c7evre Fuar\u0131 ve Konferans\u0131 3-5 May\u0131s tarihleri aras\u0131nda \u0130stanbul Fuar Merkezi&#8217;nde ger\u00e7ekle\u015fti. ICCI, bu y\u0131l ilk [&hellip;]<\/p>\n","protected":false},"author":1,"featured_media":64039,"comment_status":"open","ping_status":"open","sticky":false,"template":"","format":"standard","meta":[],"categories":[53],"tags":[33922,63,67,1009,2698,165,4792,32975],"views":956,"_links":{"self":[{"href":"https:\/\/www.enerjigazetesi.ist\/en\/wp-json\/wp\/v2\/posts\/64038"}],"collection":[{"href":"https:\/\/www.enerjigazetesi.ist\/en\/wp-json\/wp\/v2\/posts"}],"about":[{"href":"https:\/\/www.enerjigazetesi.ist\/en\/wp-json\/wp\/v2\/types\/post"}],"author":[{"embeddable":true,"href":"https:\/\/www.enerjigazetesi.ist\/en\/wp-json\/wp\/v2\/users\/1"}],"replies":[{"embeddable":true,"href":"https:\/\/www.enerjigazetesi.ist\/en\/wp-json\/wp\/v2\/comments?post=64038"}],"version-history":[{"count":1,"href":"https:\/\/www.enerjigazetesi.ist\/en\/wp-json\/wp\/v2\/posts\/64038\/revisions"}],"predecessor-version":[{"id":64040,"href":"https:\/\/www.enerjigazetesi.ist\/en\/wp-json\/wp\/v2\/posts\/64038\/revisions\/64040"}],"wp:featuredmedia":[{"embeddable":true,"href":"https:\/\/www.enerjigazetesi.ist\/en\/wp-json\/wp\/v2\/media\/64039"}],"wp:attachment":[{"href":"https:\/\/www.enerjigazetesi.ist\/en\/wp-json\/wp\/v2\/media?parent=64038"}],"wp:term":[{"taxonomy":"category","embeddable":true,"href":"https:\/\/www.enerjigazetesi.ist\/en\/wp-json\/wp\/v2\/categories?post=64038"},{"taxonomy":"post_tag","embeddable":true,"href":"https:\/\/www.enerjigazetesi.ist\/en\/wp-json\/wp\/v2\/tags?post=64038"}],"curies":[{"name":"wp","href":"https:\/\/api.w.org\/{rel}","templated":true}]}}