{"id":64029,"date":"2017-05-09T12:00:20","date_gmt":"2017-05-09T09:00:20","guid":{"rendered":"https:\/\/www.enerjigazetesi.ist\/?p=64029"},"modified":"2017-05-09T12:00:20","modified_gmt":"2017-05-09T09:00:20","slug":"sepas-enerji-sakaryanin-elektrik-faturasini-10-milyon-lira-azaltti","status":"publish","type":"post","link":"https:\/\/www.enerjigazetesi.ist\/en\/sepas-enerji-sakaryanin-elektrik-faturasini-10-milyon-lira-azaltti\/","title":{"rendered":"(Turkish) Sepa\u015f Enerji, Sakarya&#8217;n\u0131n Elektrik Faturas\u0131n\u0131 10 Milyon Lira Azaltt\u0131"},"content":{"rendered":"<p class=\"qtranxs-available-languages-message qtranxs-available-languages-message-en\">Sorry, this entry is only available in <a href=\"https:\/\/www.enerjigazetesi.ist\/tr\/wp-json\/wp\/v2\/posts\/64029\" class=\"qtranxs-available-language-link qtranxs-available-language-link-tr\" title=\"Turkish\">Turkish<\/a>. For the sake of viewer convenience, the content is shown below in the alternative language. You may click the link to switch the active language.<\/p><p><strong>Ge\u00e7en y\u0131l 1,6 milyon yak\u0131n m\u00fc\u015fteriye elektrik tedarik hizmeti veren Sepa\u015f Enerji \u015fehrin ekonomisine katk\u0131 sa\u011flamaya devam ediyor. Sepa\u015f Enerji Genel M\u00fcd\u00fcr\u00fc Ondrej Safar, \u201c2016 y\u0131l\u0131nda Sakarya\u2019da serbest t\u00fcketici s\u00f6zle\u015fmesi imzalayarak m\u00fc\u015fterimiz olan serbest t\u00fcketicilere yakla\u015f\u0131k 10 milyon TL\u2019lik katk\u0131 sa\u011flad\u0131k\u201d dedi.<\/strong><\/p>\n<p>T\u00fcrkiye\u2019nin \u00f6nde gelen kurulu\u015flar\u0131ndan Akk\u00f6k Holding ve Avrupa\u2019n\u0131n 10 b\u00fcy\u00fck enerji \u015firketi aras\u0131nda yer alan CEZ Group taraf\u0131ndan kurulan enerji perakende sekt\u00f6r\u00fcn\u00fcn \u00f6nemli oyuncular\u0131ndan Sepa\u015f Enerji, 2016 y\u0131l\u0131nda Sakarya ekonomisine <a href=\"https:\/\/www.enerjigazetesi.ist\/wp-content\/uploads\/2017\/05\/sepas-enerji-sakaryanin-elektrik-faturasini-10-milyon-lira-azaltti.jpg\"><img loading=\"lazy\" class=\"alignright size-medium wp-image-64030\" src=\"https:\/\/www.enerjigazetesi.ist\/wp-content\/uploads\/2017\/05\/sepas-enerji-sakaryanin-elektrik-faturasini-10-milyon-lira-azaltti-300x230.jpg\" alt=\"sepas-enerji-sakaryanin-elektrik-faturasini-10-milyon-lira-azaltti\" width=\"300\" height=\"230\" srcset=\"https:\/\/www.enerjigazetesi.ist\/wp-content\/uploads\/2017\/05\/sepas-enerji-sakaryanin-elektrik-faturasini-10-milyon-lira-azaltti-300x230.jpg 300w, https:\/\/www.enerjigazetesi.ist\/wp-content\/uploads\/2017\/05\/sepas-enerji-sakaryanin-elektrik-faturasini-10-milyon-lira-azaltti-500x383.jpg 500w, https:\/\/www.enerjigazetesi.ist\/wp-content\/uploads\/2017\/05\/sepas-enerji-sakaryanin-elektrik-faturasini-10-milyon-lira-azaltti-65x50.jpg 65w, https:\/\/www.enerjigazetesi.ist\/wp-content\/uploads\/2017\/05\/sepas-enerji-sakaryanin-elektrik-faturasini-10-milyon-lira-azaltti.jpg 550w\" sizes=\"(max-width: 300px) 100vw, 300px\" \/><\/a>yakla\u015f\u0131k 10 milyon lira katk\u0131 sa\u011flad\u0131.\u00a0 \u015eirketin faaliyetleri hakk\u0131nda Sakarya\u2019da bas\u0131n mensuplar\u0131yla bir araya gelen Sepa\u015f Enerji Genel M\u00fcd\u00fcr\u00fc Ondrej Safar, \u201c2016 yat\u0131r\u0131m anlam\u0131nda atak yapt\u0131\u011f\u0131m\u0131z bir y\u0131l oldu. Sakarya\u2019da abone say\u0131m\u0131z yakla\u015f\u0131k 500 bine y\u00fckseldi. 2016 y\u0131l\u0131nda bizimle s\u00f6zle\u015fme imzalayarak m\u00fc\u015fterimiz olan serbest t\u00fcketicilere toplam katk\u0131m\u0131z 9 milyon 958 bin 287 TL\u2019ye ula\u015ft\u0131. Bu rakam\u0131n 4 milyon 672 bin 883 TL\u2019si sanayi, 5 milyon 72 bin 297 TL\u2019si ticarethane ve 213 bin 107 TL\u2019si de mesken\u201d dedi.<\/p>\n<p>Kendileri i\u00e7in 2017 y\u0131l\u0131na iyi bir ba\u015flang\u0131\u00e7 yapt\u0131klar\u0131n\u0131 belirten Safar, \u201c2017 y\u0131l\u0131 da hedefledi\u011fimiz gibi ba\u015flad\u0131. Y\u0131l\u0131n ilk \u00fc\u00e7 ay\u0131nda bile Sakarya\u2019daki serbest t\u00fcketicilere katk\u0131m\u0131z yakla\u015f\u0131k 1 milyon TL. Ayr\u0131ca d\u00fczenlemeye tabi tarifeden yararlanan m\u00fc\u015fterilerimize de kesintisiz hizmetimizi s\u00fcrd\u00fcr\u00fcyoruz. 2017\u2019yi tamamen sistemlerimizi yenilemeye ay\u0131rd\u0131k. \u00d6n\u00fcm\u00fczdeki y\u0131l m\u00fc\u015fterilerimizi g\u00fczel yenilikler bekliyor\u201d dedi.<\/p>\n<p>M\u00fc\u015fterilerine ula\u015ft\u0131klar\u0131 kanallar\u0131 her ge\u00e7en g\u00fcn \u00e7e\u015fitlendirdiklerini belirten Safar, \u00f6zellikle m\u00fc\u015fterilerin hayat\u0131n\u0131 kolayla\u015ft\u0131ran online i\u015flemler sayesinde bor\u00e7 sorgulamak, fatura \u00f6rne\u011fi almak, abonelik devir ve tahliye gibi i\u015flemlerin M\u00fc\u015fteri Hizmetleri Merkezine gelmeden kolayca halledilebildi\u011fini ifade etti. Safar s\u00f6zlerine; \u201cBiz de m\u00fc\u015fterilerimizin hayat\u0131n\u0131 nas\u0131l kolayla\u015ft\u0131rabiliriz diye s\u00fcrekli kafa yoruyoruz ve teknolojik altyap\u0131m\u0131z\u0131 tamamen yeniliyoruz. T\u00fcm bunlar\u0131n yan\u0131 s\u0131ra sosyal medya hesaplar\u0131m\u0131zdan m\u00fc\u015fterilerimiz sorunlar\u0131n\u0131 an\u0131nda iletebiliyorlar. Y\u0131l i\u00e7inde yapt\u0131\u011f\u0131m\u0131z kampanyalar mutlaka m\u00fc\u015fterilerimize fayda sa\u011flayan ve hayatlar\u0131na dokunana nitelikte oluyor. 2017 y\u0131l\u0131nda da kampanyalar\u0131m\u0131zla sekt\u00f6rde fark yarataca\u011f\u0131m\u0131za inan\u0131yorum \u201ddedi.<\/p>\n<p><strong>SAKARYA B\u0130Z\u0130M \u0130\u00c7\u0130N \u00d6NEML\u0130<\/strong><\/p>\n<p>Sakarya\u2019n\u0131n kendileri i\u00e7in \u00f6nemine de\u011finen Ondrej Safar:<\/p>\n<p>\u201cFaaliyet g\u00f6sterdi\u011fimiz her b\u00f6lge bizim i\u00e7in olduk\u00e7a \u00f6nemli. Sakarya\u2019ya da olduk\u00e7a b\u00fcy\u00fck \u00f6nem veriyoruz. 1 milyonluk n\u00fcfusu ve geli\u015fen ekonomisiyle T\u00fcrkiye i\u00e7in oldu\u011fu kadar Sepa\u015f Enerji i\u00e7in de olduk\u00e7a m\u00fchim bir il. Biz Sakarya\u2019ya inan\u0131yoruz. Sakarya\u2019da yer alan 7 m\u00fc\u015fteri hizmetleri merkezimiz, 7\/24 \u00e7\u00f6z\u00fcm \u00fcreten \u00e7a\u011fr\u0131 merkezimiz ve her ge\u00e7en g\u00fcn yayg\u0131nla\u015fan \u00f6deme noktalar\u0131m\u0131zla Sakarya\u2019daki m\u00fc\u015fterilerimizin memnuniyeti i\u00e7in durmadan \u00e7al\u0131\u015fmaya devam etti\u011fimizi bilmenizi isteriz\u2019\u2019 diye konu\u015ftu.<\/p>","protected":false},"excerpt":{"rendered":"<p>Sorry, this entry is only available in Turkish. For the sake of viewer convenience, the content is shown below in the alternative language. You may click the link to switch the active language.Ge\u00e7en y\u0131l 1,6 milyon yak\u0131n m\u00fc\u015fteriye elektrik tedarik hizmeti veren Sepa\u015f Enerji \u015fehrin ekonomisine katk\u0131 sa\u011flamaya devam ediyor. Sepa\u015f Enerji Genel M\u00fcd\u00fcr\u00fc Ondrej [&hellip;]<\/p>\n","protected":false},"author":1,"featured_media":64030,"comment_status":"open","ping_status":"open","sticky":false,"template":"","format":"standard","meta":[],"categories":[51,53],"tags":[68,61,19638,1451,2873,63,67,1009,2698,165,33521,21296],"views":1580,"_links":{"self":[{"href":"https:\/\/www.enerjigazetesi.ist\/en\/wp-json\/wp\/v2\/posts\/64029"}],"collection":[{"href":"https:\/\/www.enerjigazetesi.ist\/en\/wp-json\/wp\/v2\/posts"}],"about":[{"href":"https:\/\/www.enerjigazetesi.ist\/en\/wp-json\/wp\/v2\/types\/post"}],"author":[{"embeddable":true,"href":"https:\/\/www.enerjigazetesi.ist\/en\/wp-json\/wp\/v2\/users\/1"}],"replies":[{"embeddable":true,"href":"https:\/\/www.enerjigazetesi.ist\/en\/wp-json\/wp\/v2\/comments?post=64029"}],"version-history":[{"count":1,"href":"https:\/\/www.enerjigazetesi.ist\/en\/wp-json\/wp\/v2\/posts\/64029\/revisions"}],"predecessor-version":[{"id":64031,"href":"https:\/\/www.enerjigazetesi.ist\/en\/wp-json\/wp\/v2\/posts\/64029\/revisions\/64031"}],"wp:featuredmedia":[{"embeddable":true,"href":"https:\/\/www.enerjigazetesi.ist\/en\/wp-json\/wp\/v2\/media\/64030"}],"wp:attachment":[{"href":"https:\/\/www.enerjigazetesi.ist\/en\/wp-json\/wp\/v2\/media?parent=64029"}],"wp:term":[{"taxonomy":"category","embeddable":true,"href":"https:\/\/www.enerjigazetesi.ist\/en\/wp-json\/wp\/v2\/categories?post=64029"},{"taxonomy":"post_tag","embeddable":true,"href":"https:\/\/www.enerjigazetesi.ist\/en\/wp-json\/wp\/v2\/tags?post=64029"}],"curies":[{"name":"wp","href":"https:\/\/api.w.org\/{rel}","templated":true}]}}