{"id":63989,"date":"2017-05-07T13:51:38","date_gmt":"2017-05-07T10:51:38","guid":{"rendered":"https:\/\/www.enerjigazetesi.ist\/?p=63989"},"modified":"2017-05-07T13:53:14","modified_gmt":"2017-05-07T10:53:14","slug":"tesladan-turkiye-icin-10-yeni-supercharger-istasyonu","status":"publish","type":"post","link":"https:\/\/www.enerjigazetesi.ist\/en\/tesladan-turkiye-icin-10-yeni-supercharger-istasyonu\/","title":{"rendered":"(Turkish) TESLA\u2019dan T\u00fcrkiye \u0130\u00e7in 10 Yeni Supercharger \u0130stasyonu&#8230;"},"content":{"rendered":"<p class=\"qtranxs-available-languages-message qtranxs-available-languages-message-en\">Sorry, this entry is only available in <a href=\"https:\/\/www.enerjigazetesi.ist\/tr\/wp-json\/wp\/v2\/posts\/63989\" class=\"qtranxs-available-language-link qtranxs-available-language-link-tr\" title=\"Turkish\">Turkish<\/a>. For the sake of viewer convenience, the content is shown below in the alternative language. You may click the link to switch the active language.<\/p><p><strong><span style=\"color: #0a0a0a;\">24 Nisan\u2019da yapt\u0131\u011f\u0131 yaz\u0131l\u0131 a\u00e7\u0131klamas\u0131 ile \u015farj istasyonu Supercharger\u2019lar\u0131n yay\u0131lma plan\u0131n\u0131 a\u00e7\u0131klayan Tesla, 2017&#8217;nin sonuna kadar Tesla \u015farj istasyonu a\u011f\u0131ndaki Supercharger say\u0131s\u0131n\u0131 tam iki kat\u0131na \u00e7\u0131karmay\u0131 hedeflemektedir.<a href=\"https:\/\/www.enerjigazetesi.ist\/wp-content\/uploads\/2017\/05\/tesladan-turkiye-icin-10-yeni-supercharger-istasyonu.jpg\"><img loading=\"lazy\" class=\"alignright size-medium wp-image-63990\" src=\"https:\/\/www.enerjigazetesi.ist\/wp-content\/uploads\/2017\/05\/tesladan-turkiye-icin-10-yeni-supercharger-istasyonu-300x164.jpg\" alt=\"tesladan-turkiye-icin-10-yeni-supercharger-istasyonu\" width=\"300\" height=\"164\" srcset=\"https:\/\/www.enerjigazetesi.ist\/wp-content\/uploads\/2017\/05\/tesladan-turkiye-icin-10-yeni-supercharger-istasyonu-300x164.jpg 300w, https:\/\/www.enerjigazetesi.ist\/wp-content\/uploads\/2017\/05\/tesladan-turkiye-icin-10-yeni-supercharger-istasyonu-1024x562.jpg 1024w, https:\/\/www.enerjigazetesi.ist\/wp-content\/uploads\/2017\/05\/tesladan-turkiye-icin-10-yeni-supercharger-istasyonu-500x274.jpg 500w, https:\/\/www.enerjigazetesi.ist\/wp-content\/uploads\/2017\/05\/tesladan-turkiye-icin-10-yeni-supercharger-istasyonu-80x43.jpg 80w, https:\/\/www.enerjigazetesi.ist\/wp-content\/uploads\/2017\/05\/tesladan-turkiye-icin-10-yeni-supercharger-istasyonu.jpg 2048w\" sizes=\"(max-width: 300px) 100vw, 300px\" \/><\/a><\/span><\/strong><\/p>\n<p>Tesla\u2019n\u0131n bu y\u0131l ba\u015f\u0131nda d\u00fcnya \u00e7ap\u0131nda 5 binden fazla noktada Supercharger istasyonu mevcut. Tesla\u2019n\u0131n bu y\u0131l sonuna kadar bu say\u0131y\u0131 10 binin \u00fcst\u00fcne \u00e7\u0131karma plan\u0131 mevcuttur.<\/p>\n<p>2015 y\u0131l\u0131ndan g\u00fcn\u00fcm\u00fcze T\u00fcrkiye\u2019yi de kapsama almas\u0131 beklenen Tesla, g\u00fcncelledi\u011fi yay\u0131l\u0131m plan\u0131nda T\u00fcrkiye i\u00e7in on noktada Supercharger istasyonu kurmay\u0131 planlad\u0131\u011f\u0131n\u0131 g\u00f6stermektedir.\u00a0Haritaya g\u00f6re, Supercharger\u2019lar ile ilk etapta daha \u00e7ok Marmara ve Ege b\u00f6lgesinde yo\u011funla\u015f\u0131lacakt\u0131r.<\/p>\n<p>Tesla\u2019n\u0131n gelecekte kurmay\u0131 planlad\u0131\u011f\u0131 Supercharger istasyonlar\u0131n\u0131n tam listesine\u00a0<a href=\"https:\/\/www.tesla.com\/en_CA\/findus#\/bounds\/65,55,34,-11,d?search=supercharger&amp;name=europe\" target=\"_blank\">web sitesinden<\/a>\u00a0g\u00f6z atman\u0131z m\u00fcmk\u00fcn.<\/p>","protected":false},"excerpt":{"rendered":"<p>Sorry, this entry is only available in Turkish. For the sake of viewer convenience, the content is shown below in the alternative language. You may click the link to switch the active language.24 Nisan\u2019da yapt\u0131\u011f\u0131 yaz\u0131l\u0131 a\u00e7\u0131klamas\u0131 ile \u015farj istasyonu Supercharger\u2019lar\u0131n yay\u0131lma plan\u0131n\u0131 a\u00e7\u0131klayan Tesla, 2017&#8217;nin sonuna kadar Tesla \u015farj istasyonu a\u011f\u0131ndaki Supercharger say\u0131s\u0131n\u0131 tam [&hellip;]<\/p>\n","protected":false},"author":1,"featured_media":63990,"comment_status":"open","ping_status":"open","sticky":false,"template":"","format":"standard","meta":[],"categories":[51,53,157],"tags":[33966,33967,21691,17750,33968,33969,63,67,1009,2698,165,33970,21693,19437,26030,33971,26031,33972],"views":2830,"_links":{"self":[{"href":"https:\/\/www.enerjigazetesi.ist\/en\/wp-json\/wp\/v2\/posts\/63989"}],"collection":[{"href":"https:\/\/www.enerjigazetesi.ist\/en\/wp-json\/wp\/v2\/posts"}],"about":[{"href":"https:\/\/www.enerjigazetesi.ist\/en\/wp-json\/wp\/v2\/types\/post"}],"author":[{"embeddable":true,"href":"https:\/\/www.enerjigazetesi.ist\/en\/wp-json\/wp\/v2\/users\/1"}],"replies":[{"embeddable":true,"href":"https:\/\/www.enerjigazetesi.ist\/en\/wp-json\/wp\/v2\/comments?post=63989"}],"version-history":[{"count":4,"href":"https:\/\/www.enerjigazetesi.ist\/en\/wp-json\/wp\/v2\/posts\/63989\/revisions"}],"predecessor-version":[{"id":63994,"href":"https:\/\/www.enerjigazetesi.ist\/en\/wp-json\/wp\/v2\/posts\/63989\/revisions\/63994"}],"wp:featuredmedia":[{"embeddable":true,"href":"https:\/\/www.enerjigazetesi.ist\/en\/wp-json\/wp\/v2\/media\/63990"}],"wp:attachment":[{"href":"https:\/\/www.enerjigazetesi.ist\/en\/wp-json\/wp\/v2\/media?parent=63989"}],"wp:term":[{"taxonomy":"category","embeddable":true,"href":"https:\/\/www.enerjigazetesi.ist\/en\/wp-json\/wp\/v2\/categories?post=63989"},{"taxonomy":"post_tag","embeddable":true,"href":"https:\/\/www.enerjigazetesi.ist\/en\/wp-json\/wp\/v2\/tags?post=63989"}],"curies":[{"name":"wp","href":"https:\/\/api.w.org\/{rel}","templated":true}]}}