{"id":63986,"date":"2017-05-07T13:39:13","date_gmt":"2017-05-07T10:39:13","guid":{"rendered":"https:\/\/www.enerjigazetesi.ist\/?p=63986"},"modified":"2017-05-07T13:39:13","modified_gmt":"2017-05-07T10:39:13","slug":"cin-2020ye-kadar-110-gigawatti-asan-enerji-kapasitesi-ekleyecek","status":"publish","type":"post","link":"https:\/\/www.enerjigazetesi.ist\/en\/cin-2020ye-kadar-110-gigawatti-asan-enerji-kapasitesi-ekleyecek\/","title":{"rendered":"(Turkish) \u00c7in, 2020&#8217;ye Kadar 110 Gigawatt&#8217;\u0131 A\u015fan Enerji Kapasitesi Ekleyecek"},"content":{"rendered":"<p class=\"qtranxs-available-languages-message qtranxs-available-languages-message-en\">Sorry, this entry is only available in <a href=\"https:\/\/www.enerjigazetesi.ist\/tr\/wp-json\/wp\/v2\/posts\/63986\" class=\"qtranxs-available-language-link qtranxs-available-language-link-tr\" title=\"Turkish\">Turkish<\/a>. For the sake of viewer convenience, the content is shown below in the alternative language. You may click the link to switch the active language.<\/p><p><strong><span style=\"color: #0a0a0a;\">D\u00fcnyan\u0131n en b\u00fcy\u00fck g\u00fcne\u015f enerjisi \u00fcreticisi konumunda olan \u00c7in, ayn\u0131 zamanda yenilenebilir enerjide de lider konuma geldi.<a href=\"https:\/\/www.enerjigazetesi.ist\/wp-content\/uploads\/2016\/02\/cin-gunes-elektriginde-dunya-lideri-oldu.jpg\"><img loading=\"lazy\" class=\"alignleft  wp-image-50057\" src=\"https:\/\/www.enerjigazetesi.ist\/wp-content\/uploads\/2016\/02\/cin-gunes-elektriginde-dunya-lideri-oldu-300x163.jpg\" alt=\"cin-gunes-elektriginde-dunya-lideri-oldu\" width=\"300\" height=\"194\" \/><\/a><\/span><\/strong><\/p>\n<p>Yenilenebilir enerjiye ciddi olarak y\u00f6nelen \u00c7in, ge\u00e7ti\u011fimiz y\u0131l 35 gigawatt enerji \u00fcreten yeni tesisleriyle birlikte toplamda 80 gigawatta\u00a0g\u00fcce ula\u015ft\u0131.<\/p>\n<p>\u00c7in Ulusal Enerji \u0130daresi (NEA)\u2019nin\u00a0a\u00e7\u0131klamas\u0131nda, \u00c7in\u2019in, 2020&#8217;ye kadar 110 gigawatt\u2019\u0131n \u00fczerinde enerji kapasitesi daha eklemeyi hedefledi\u011fi belirtildi. 2016&#8217;da \u00c7in\u2019in g\u00fcne\u015f enerjisi santrallerinden \u00fcretti\u011fi enerji miktar\u0131, \u00fclkenin enerji ihtiyac\u0131n\u0131n %1\u2019ine denk gelmektedir. Ayr\u0131ca \u00c7in h\u00fck\u00fcmeti yenilenebilir enerji projelerine 360 milyar dolardan fazla yat\u0131r\u0131m yapaca\u011f\u0131n\u0131 da a\u00e7\u0131klad\u0131.<\/p>","protected":false},"excerpt":{"rendered":"<p>Sorry, this entry is only available in Turkish. For the sake of viewer convenience, the content is shown below in the alternative language. You may click the link to switch the active language.D\u00fcnyan\u0131n en b\u00fcy\u00fck g\u00fcne\u015f enerjisi \u00fcreticisi konumunda olan \u00c7in, ayn\u0131 zamanda yenilenebilir enerjide de lider konuma geldi. Yenilenebilir enerjiye ciddi olarak y\u00f6nelen \u00c7in, [&hellip;]<\/p>\n","protected":false},"author":1,"featured_media":50057,"comment_status":"open","ping_status":"open","sticky":false,"template":"","format":"standard","meta":[],"categories":[51,53,49],"tags":[886,63,67,1009,2698,165,227,13,23133,22975,4269,105],"views":714,"_links":{"self":[{"href":"https:\/\/www.enerjigazetesi.ist\/en\/wp-json\/wp\/v2\/posts\/63986"}],"collection":[{"href":"https:\/\/www.enerjigazetesi.ist\/en\/wp-json\/wp\/v2\/posts"}],"about":[{"href":"https:\/\/www.enerjigazetesi.ist\/en\/wp-json\/wp\/v2\/types\/post"}],"author":[{"embeddable":true,"href":"https:\/\/www.enerjigazetesi.ist\/en\/wp-json\/wp\/v2\/users\/1"}],"replies":[{"embeddable":true,"href":"https:\/\/www.enerjigazetesi.ist\/en\/wp-json\/wp\/v2\/comments?post=63986"}],"version-history":[{"count":1,"href":"https:\/\/www.enerjigazetesi.ist\/en\/wp-json\/wp\/v2\/posts\/63986\/revisions"}],"predecessor-version":[{"id":63987,"href":"https:\/\/www.enerjigazetesi.ist\/en\/wp-json\/wp\/v2\/posts\/63986\/revisions\/63987"}],"wp:featuredmedia":[{"embeddable":true,"href":"https:\/\/www.enerjigazetesi.ist\/en\/wp-json\/wp\/v2\/media\/50057"}],"wp:attachment":[{"href":"https:\/\/www.enerjigazetesi.ist\/en\/wp-json\/wp\/v2\/media?parent=63986"}],"wp:term":[{"taxonomy":"category","embeddable":true,"href":"https:\/\/www.enerjigazetesi.ist\/en\/wp-json\/wp\/v2\/categories?post=63986"},{"taxonomy":"post_tag","embeddable":true,"href":"https:\/\/www.enerjigazetesi.ist\/en\/wp-json\/wp\/v2\/tags?post=63986"}],"curies":[{"name":"wp","href":"https:\/\/api.w.org\/{rel}","templated":true}]}}