{"id":63929,"date":"2017-05-05T08:33:52","date_gmt":"2017-05-05T05:33:52","guid":{"rendered":"https:\/\/www.enerjigazetesi.ist\/?p=63929"},"modified":"2017-05-05T08:33:52","modified_gmt":"2017-05-05T05:33:52","slug":"gunes-enerjisi-yatirimcilari-derneginin-yeni-baskani-cem-ozkok-oldu","status":"publish","type":"post","link":"https:\/\/www.enerjigazetesi.ist\/en\/gunes-enerjisi-yatirimcilari-derneginin-yeni-baskani-cem-ozkok-oldu\/","title":{"rendered":"(Turkish) G\u00fcne\u015f Enerjisi Yat\u0131r\u0131mc\u0131lar\u0131 Derne\u011fi\u2019nin Yeni Ba\u015fkan\u0131 Cem \u00d6zk\u00f6k Oldu"},"content":{"rendered":"<p class=\"qtranxs-available-languages-message qtranxs-available-languages-message-en\">Sorry, this entry is only available in <a href=\"https:\/\/www.enerjigazetesi.ist\/tr\/wp-json\/wp\/v2\/posts\/63929\" class=\"qtranxs-available-language-link qtranxs-available-language-link-tr\" title=\"Turkish\">Turkish<\/a>. For the sake of viewer convenience, the content is shown below in the alternative language. You may click the link to switch the active language.<\/p><p><\/p>\n<p class=\"m_5772600094375507134MsoNoSpacing\"><strong>G\u00fcne\u015f enerjisi ile ilgili fark\u0131ndal\u0131\u011f\u0131 art\u0131rmak amac\u0131yla 2016 y\u0131l\u0131nda kurulan G\u00fcne\u015f Enerjisi Yat\u0131r\u0131mc\u0131lar\u0131 Derne\u011fi 2 May\u0131s tarihinde yap\u0131lan ilk ola\u011fan genel kurulunda yeni y\u00f6netimini belirledi. <a href=\"https:\/\/www.enerjigazetesi.ist\/wp-content\/uploads\/2017\/05\/gunes-enerjisi-yatirimcilari-derneginin-yeni-baskani-cem-ozkok-oldu.jpg\"><img loading=\"lazy\" class=\"alignright size-medium wp-image-63930\" src=\"https:\/\/www.enerjigazetesi.ist\/wp-content\/uploads\/2017\/05\/gunes-enerjisi-yatirimcilari-derneginin-yeni-baskani-cem-ozkok-oldu-300x168.jpg\" alt=\"gunes-enerjisi-yatirimcilari-derneginin-yeni-baskani-cem-ozkok-oldu\" width=\"300\" height=\"168\" srcset=\"https:\/\/www.enerjigazetesi.ist\/wp-content\/uploads\/2017\/05\/gunes-enerjisi-yatirimcilari-derneginin-yeni-baskani-cem-ozkok-oldu-300x168.jpg 300w, https:\/\/www.enerjigazetesi.ist\/wp-content\/uploads\/2017\/05\/gunes-enerjisi-yatirimcilari-derneginin-yeni-baskani-cem-ozkok-oldu-1024x576.jpg 1024w, https:\/\/www.enerjigazetesi.ist\/wp-content\/uploads\/2017\/05\/gunes-enerjisi-yatirimcilari-derneginin-yeni-baskani-cem-ozkok-oldu-500x281.jpg 500w, https:\/\/www.enerjigazetesi.ist\/wp-content\/uploads\/2017\/05\/gunes-enerjisi-yatirimcilari-derneginin-yeni-baskani-cem-ozkok-oldu-80x45.jpg 80w, https:\/\/www.enerjigazetesi.ist\/wp-content\/uploads\/2017\/05\/gunes-enerjisi-yatirimcilari-derneginin-yeni-baskani-cem-ozkok-oldu.jpg 1032w\" sizes=\"(max-width: 300px) 100vw, 300px\" \/><\/a>Genel Kurul sonucunda G\u00fcri\u015f \u0130\u015f Geli\u015ftirme Koordinat\u00f6r\u00fc Cem \u00d6zk\u00f6k yeni y\u00f6netim kurulu ba\u015fkan\u0131 olarak se\u00e7ildi.<\/strong><\/p>\n<p class=\"m_5772600094375507134MsoNoSpacing\">G\u00f6revi Limak Enerji CEO\u2019su Birol Erg\u00fcven\u2019den devralan \u00d6zk\u00f6k, yapt\u0131\u011f\u0131 de\u011ferlendirmede \u201cT\u00fcrkiye g\u00fcne\u015f enerjisi a\u00e7\u0131s\u0131ndan \u00e7ok b\u00fcy\u00fck bir potansiyele sahip. Yerli ve yenilenebilir bu enerji kayna\u011f\u0131 ile ilgili potansiyelimizi harekete ge\u00e7irmek istiyoruz. GES yat\u0131r\u0131mlar\u0131 ile ilgili maliyetler her ge\u00e7en g\u00fcn azal\u0131yor\u201d dedi.<\/p>\n<p class=\"m_5772600094375507134MsoNoSpacing\">T\u00fcrkiye\u2019nin 2017 sonu itibariyle g\u00fcne\u015fte 2,000 MW kurulu g\u00fcc\u00fc a\u015faca\u011f\u0131n\u0131 ifade eden \u00d6zk\u00f6k, \u201c2018 sonu itibariyle de 2,500-3,000 MW civar\u0131nda bir kurulu g\u00fcce ula\u015fmay\u0131 hedefliyoruz\u201d diye konu\u015ftu. G\u00dcYAD\u2019\u0131n yeni y\u00f6netim kurulunda G\u00fcri\u015f, Enerjisa, Limak, Akfen ve T-Dinamik \u015firketlerinin temsilcileri yer ald\u0131.<\/p>\n<p><\/p>","protected":false},"excerpt":{"rendered":"<p>Sorry, this entry is only available in Turkish. For the sake of viewer convenience, the content is shown below in the alternative language. You may click the link to switch the active language. G\u00fcne\u015f enerjisi ile ilgili fark\u0131ndal\u0131\u011f\u0131 art\u0131rmak amac\u0131yla 2016 y\u0131l\u0131nda kurulan G\u00fcne\u015f Enerjisi Yat\u0131r\u0131mc\u0131lar\u0131 Derne\u011fi 2 May\u0131s tarihinde yap\u0131lan ilk ola\u011fan genel kurulunda [&hellip;]<\/p>\n","protected":false},"author":1,"featured_media":63930,"comment_status":"open","ping_status":"open","sticky":false,"template":"","format":"standard","meta":[],"categories":[53,49],"tags":[63,67,1009,2698,165,227,13,23133,22975,4269],"views":1059,"_links":{"self":[{"href":"https:\/\/www.enerjigazetesi.ist\/en\/wp-json\/wp\/v2\/posts\/63929"}],"collection":[{"href":"https:\/\/www.enerjigazetesi.ist\/en\/wp-json\/wp\/v2\/posts"}],"about":[{"href":"https:\/\/www.enerjigazetesi.ist\/en\/wp-json\/wp\/v2\/types\/post"}],"author":[{"embeddable":true,"href":"https:\/\/www.enerjigazetesi.ist\/en\/wp-json\/wp\/v2\/users\/1"}],"replies":[{"embeddable":true,"href":"https:\/\/www.enerjigazetesi.ist\/en\/wp-json\/wp\/v2\/comments?post=63929"}],"version-history":[{"count":1,"href":"https:\/\/www.enerjigazetesi.ist\/en\/wp-json\/wp\/v2\/posts\/63929\/revisions"}],"predecessor-version":[{"id":63931,"href":"https:\/\/www.enerjigazetesi.ist\/en\/wp-json\/wp\/v2\/posts\/63929\/revisions\/63931"}],"wp:featuredmedia":[{"embeddable":true,"href":"https:\/\/www.enerjigazetesi.ist\/en\/wp-json\/wp\/v2\/media\/63930"}],"wp:attachment":[{"href":"https:\/\/www.enerjigazetesi.ist\/en\/wp-json\/wp\/v2\/media?parent=63929"}],"wp:term":[{"taxonomy":"category","embeddable":true,"href":"https:\/\/www.enerjigazetesi.ist\/en\/wp-json\/wp\/v2\/categories?post=63929"},{"taxonomy":"post_tag","embeddable":true,"href":"https:\/\/www.enerjigazetesi.ist\/en\/wp-json\/wp\/v2\/tags?post=63929"}],"curies":[{"name":"wp","href":"https:\/\/api.w.org\/{rel}","templated":true}]}}