{"id":63910,"date":"2017-05-04T12:15:41","date_gmt":"2017-05-04T09:15:41","guid":{"rendered":"https:\/\/www.enerjigazetesi.ist\/?p=63910"},"modified":"2017-05-04T12:15:41","modified_gmt":"2017-05-04T09:15:41","slug":"aksa-jenerator-insaat-ve-makine-sektoruyle-bulusuyor","status":"publish","type":"post","link":"https:\/\/www.enerjigazetesi.ist\/en\/aksa-jenerator-insaat-ve-makine-sektoruyle-bulusuyor\/","title":{"rendered":"(Turkish) Aksa Jenerat\u00f6r \u0130n\u015faat ve Makine Sekt\u00f6r\u00fcyle Bulu\u015fuyor"},"content":{"rendered":"<p class=\"qtranxs-available-languages-message qtranxs-available-languages-message-en\">Sorry, this entry is only available in <a href=\"https:\/\/www.enerjigazetesi.ist\/tr\/wp-json\/wp\/v2\/posts\/63910\" class=\"qtranxs-available-language-link qtranxs-available-language-link-tr\" title=\"Turkish\">Turkish<\/a>. For the sake of viewer convenience, the content is shown below in the alternative language. You may click the link to switch the active language.<\/p><p><\/p>\n<p style=\"text-align: left;\" align=\"center\"><strong>T\u00fcrkiye\u2019nin lider jenerat\u00f6r markas\u0131 Aksa Jenerat\u00f6r, 3-7 May\u0131s tarihleri aras\u0131nda Ankara Atat\u00fcrk K\u00fclt\u00fcr Merkezi\u2019nde d\u00fczenlenen 15. Uluslararas\u0131 \u0130\u015f ve \u0130n\u015faat Makina, Teknoloji ve Ekipmanlar\u0131 \u0130htisas Fuar\u0131\u2019na (KOMATEK 2017) kat\u0131l\u0131yor. T\u00fcrkiye\u2019yi global i\u015f makineleri end\u00fcstrisi ile bulu\u015fturacak fuarda Aksa Jenerat\u00f6r, in\u015faat ve makine sekt\u00f6r\u00fcyle bir araya gelecek.<\/strong><\/p>\n<p>D\u00fcnyan\u0131n ilk be\u015f jenerat\u00f6r \u00fcreticisinden biri olan Aksa Jenerat\u00f6r, 3-7 May\u0131s tarihleri aras\u0131nda Ankara Atat\u00fcrk K\u00fclt\u00fcr <a href=\"https:\/\/www.enerjigazetesi.ist\/wp-content\/uploads\/2017\/05\/aksa-jenerator-insaat-ve-makine-sektoruyle-bulusuyor.jpg\"><img loading=\"lazy\" class=\"alignleft size-medium wp-image-63911\" src=\"https:\/\/www.enerjigazetesi.ist\/wp-content\/uploads\/2017\/05\/aksa-jenerator-insaat-ve-makine-sektoruyle-bulusuyor-300x229.jpg\" alt=\"aksa-jenerator-insaat-ve-makine-sektoruyle-bulusuyor\" width=\"300\" height=\"229\" srcset=\"https:\/\/www.enerjigazetesi.ist\/wp-content\/uploads\/2017\/05\/aksa-jenerator-insaat-ve-makine-sektoruyle-bulusuyor-300x229.jpg 300w, https:\/\/www.enerjigazetesi.ist\/wp-content\/uploads\/2017\/05\/aksa-jenerator-insaat-ve-makine-sektoruyle-bulusuyor-500x382.jpg 500w, https:\/\/www.enerjigazetesi.ist\/wp-content\/uploads\/2017\/05\/aksa-jenerator-insaat-ve-makine-sektoruyle-bulusuyor-65x50.jpg 65w, https:\/\/www.enerjigazetesi.ist\/wp-content\/uploads\/2017\/05\/aksa-jenerator-insaat-ve-makine-sektoruyle-bulusuyor.jpg 750w\" sizes=\"(max-width: 300px) 100vw, 300px\" \/><\/a>Merkezi\u2019nde ger\u00e7ekle\u015fecek KOMATEK 2017 Fuar\u0131\u2019nda, in\u015faat ve makine sekt\u00f6r\u00fc ile bulu\u015fmaya haz\u0131rlan\u0131yor. Aksa Jenerat\u00f6r, 2015 y\u0131l\u0131nda a\u011f\u0131rlad\u0131\u011f\u0131 33 binin \u00fczerinde ziyaret\u00e7isiyle b\u00f6lgenin en b\u00fcy\u00fck ve \u00f6nemli in\u015faat ve makine ekipmanlar\u0131 fuar\u0131 olan KOMATEK 2017\u2019de yeni \u00fcr\u00fcnlerini sergilerken, sekt\u00f6r profesyonellerine jenerat\u00f6r sekt\u00f6r\u00fcnde kiralama alternatifleri ve detaylar\u0131yla ilgili bilgilendirme de yapacak.<\/p>\n<p>Bu y\u0131l 15\u2019cisi d\u00fczenlenen KOMATEK 2017\u2019nin Anadolu\u2019da sekt\u00f6r profesyonelleri ile bir araya gelmek i\u00e7in \u00f6nemli bir f\u0131rsat oldu\u011funun alt\u0131n\u0131 \u00e7izen <strong>Aksa Jenerat\u00f6r Ceo\u2019su Alper Peker<\/strong>, fuara ili\u015fkin \u015funlar\u0131 s\u00f6yledi:<\/p>\n<p><i>\u201cGerek yurtd\u0131\u015f\u0131nda gerekse yurti\u00e7inde kat\u0131ld\u0131\u011f\u0131m\u0131z fuarlarla d\u00fcnyan\u0131n her bir noktas\u0131ndan m\u00fc\u015fterilerimizle bulu\u015fuyor, \u00e7\u00f6z\u00fcm orta\u011f\u0131 oluyoruz. \u0130\u015f ve in\u015faat, makine, teknoloji ve ekipmanlar\u0131 sekt\u00f6rlerinde T\u00fcrkiye\u2019nin en b\u00fcy\u00fck ve \u00f6nemli fuarlar\u0131ndan olan KOMATEK bu y\u00fczden bizler i\u00e7in b\u00fcy\u00fck \u00f6nem ta\u015f\u0131yor. T\u00fcrkiye\u2019nin lider jenerat\u00f6r markas\u0131 Aksa olarak, farkl\u0131 sekt\u00f6rlerde ve pazarlarda m\u00fc\u015fterilerimizle bulu\u015fmaya devam edece\u011fiz.\u201d\u00a0<\/i><\/p>","protected":false},"excerpt":{"rendered":"<p>Sorry, this entry is only available in Turkish. For the sake of viewer convenience, the content is shown below in the alternative language. You may click the link to switch the active language. T\u00fcrkiye\u2019nin lider jenerat\u00f6r markas\u0131 Aksa Jenerat\u00f6r, 3-7 May\u0131s tarihleri aras\u0131nda Ankara Atat\u00fcrk K\u00fclt\u00fcr Merkezi\u2019nde d\u00fczenlenen 15. Uluslararas\u0131 \u0130\u015f ve \u0130n\u015faat Makina, Teknoloji [&hellip;]<\/p>\n","protected":false},"author":1,"featured_media":63911,"comment_status":"open","ping_status":"open","sticky":false,"template":"","format":"standard","meta":[],"categories":[51,53],"tags":[33951,12982,63,67,1009,2698,165,33950,33952],"views":991,"_links":{"self":[{"href":"https:\/\/www.enerjigazetesi.ist\/en\/wp-json\/wp\/v2\/posts\/63910"}],"collection":[{"href":"https:\/\/www.enerjigazetesi.ist\/en\/wp-json\/wp\/v2\/posts"}],"about":[{"href":"https:\/\/www.enerjigazetesi.ist\/en\/wp-json\/wp\/v2\/types\/post"}],"author":[{"embeddable":true,"href":"https:\/\/www.enerjigazetesi.ist\/en\/wp-json\/wp\/v2\/users\/1"}],"replies":[{"embeddable":true,"href":"https:\/\/www.enerjigazetesi.ist\/en\/wp-json\/wp\/v2\/comments?post=63910"}],"version-history":[{"count":1,"href":"https:\/\/www.enerjigazetesi.ist\/en\/wp-json\/wp\/v2\/posts\/63910\/revisions"}],"predecessor-version":[{"id":63912,"href":"https:\/\/www.enerjigazetesi.ist\/en\/wp-json\/wp\/v2\/posts\/63910\/revisions\/63912"}],"wp:featuredmedia":[{"embeddable":true,"href":"https:\/\/www.enerjigazetesi.ist\/en\/wp-json\/wp\/v2\/media\/63911"}],"wp:attachment":[{"href":"https:\/\/www.enerjigazetesi.ist\/en\/wp-json\/wp\/v2\/media?parent=63910"}],"wp:term":[{"taxonomy":"category","embeddable":true,"href":"https:\/\/www.enerjigazetesi.ist\/en\/wp-json\/wp\/v2\/categories?post=63910"},{"taxonomy":"post_tag","embeddable":true,"href":"https:\/\/www.enerjigazetesi.ist\/en\/wp-json\/wp\/v2\/tags?post=63910"}],"curies":[{"name":"wp","href":"https:\/\/api.w.org\/{rel}","templated":true}]}}