{"id":63901,"date":"2017-05-04T11:11:03","date_gmt":"2017-05-04T08:11:03","guid":{"rendered":"https:\/\/www.enerjigazetesi.ist\/?p=63901"},"modified":"2017-05-04T11:11:03","modified_gmt":"2017-05-04T08:11:03","slug":"desiba-enerjide-genel-mudur-degisikligi-yapildi","status":"publish","type":"post","link":"https:\/\/www.enerjigazetesi.ist\/en\/desiba-enerjide-genel-mudur-degisikligi-yapildi\/","title":{"rendered":"(Turkish) Desiba Enerji&#8217;de Genel M\u00fcd\u00fcr De\u011fi\u015fikli\u011fi Yap\u0131ld\u0131"},"content":{"rendered":"<p class=\"qtranxs-available-languages-message qtranxs-available-languages-message-en\">Sorry, this entry is only available in <a href=\"https:\/\/www.enerjigazetesi.ist\/tr\/wp-json\/wp\/v2\/posts\/63901\" class=\"qtranxs-available-language-link qtranxs-available-language-link-tr\" title=\"Turkish\">Turkish<\/a>. For the sake of viewer convenience, the content is shown below in the alternative language. You may click the link to switch the active language.<\/p><p><strong>400MW kapasitesi ve \u00fcst\u00fcn Alman teknolojisi ile T\u00fcrkiye&#8217;nin en b\u00fcy\u00fck yerli g\u00fcne\u015f panel<a href=\"https:\/\/www.enerjigazetesi.ist\/wp-content\/uploads\/2017\/05\/desiba-enerjide-genel-mudur-degisikligi-yapildi.jpg\"><img loading=\"lazy\" class=\"alignright  wp-image-63902\" src=\"https:\/\/www.enerjigazetesi.ist\/wp-content\/uploads\/2017\/05\/desiba-enerjide-genel-mudur-degisikligi-yapildi-300x298.jpg\" alt=\"desiba-enerjide-genel-mudur-degisikligi-yapildi\" width=\"300\" height=\"218\" \/><\/a>i \u00fcreticilerinden olan Desiba Enerji-Jurawatt&#8217;\u0131n yeni genel m\u00fcd\u00fcr\u00fc g\u00fcne\u015f enerjisi sekt\u00f6r\u00fcn\u00fcn deneyimli ismi, ayn\u0131 zamanda GENSED ( G\u00fcne\u015f Enerjisi Sanayicileri ve End\u00fcstrisi Derne\u011fi ) kurucu ba\u015fkan\u0131 Levent G\u00fclbahar oldu.<\/strong><\/p>\n<p>Lisans ve master e\u011fitimini \u0130stanbul Teknik \u00dcniversitesi Elektrik Elektronik b\u00f6l\u00fcm\u00fcnde 1982 y\u0131l\u0131nda tamamlayan G\u00fclbahar; Siemens&#8217;te 10 y\u0131l Kalite, Ar-Ge ve \u00dcretimden Sorumlu M\u00fcd\u00fcr, \u0130nform Elektrik&#8217;te 7 y\u0131l Genel M\u00fcd\u00fcr Yard\u0131mc\u0131l\u0131\u011f\u0131 g\u00f6revlerinde bulundu. Ard\u0131ndan 2007 y\u0131l\u0131nda Anel Telekominikasyon&#8217;daki \u0130\u015f Geli\u015ftirme Direkt\u00f6rl\u00fc\u011f\u00fc g\u00f6revi esnas\u0131nda T\u00fcrkiye&#8217;nin ilk 13,5MW kapasiteli yerli g\u00fcne\u015f paneli \u00fcretim tesisini ve ilk GES olan K\u0131br\u0131s 1 MW g\u00fcne\u015f enerji santralini kurdu.<\/p>\n<p>Canovate \u015firketinde Genel M\u00fcd\u00fcrl\u00fck g\u00f6revinden sonra DMY \u015eirketler Grubu \u0130cra Kurulu \u00dcyeli\u011fi g\u00f6revini y\u00fcr\u00fcten Levent G\u00fclbahar 25 y\u0131ll\u0131k y\u00f6neticilik tecr\u00fcbesi ile 1 May\u0131s 2017 tarihi itibari ile Desiba Enerji \u015firketinde Genel M\u00fcd\u00fcrl\u00fck g\u00f6revini \u00fcstlenmi\u015ftir.<\/p>","protected":false},"excerpt":{"rendered":"<p>Sorry, this entry is only available in Turkish. For the sake of viewer convenience, the content is shown below in the alternative language. You may click the link to switch the active language.400MW kapasitesi ve \u00fcst\u00fcn Alman teknolojisi ile T\u00fcrkiye&#8217;nin en b\u00fcy\u00fck yerli g\u00fcne\u015f paneli \u00fcreticilerinden olan Desiba Enerji-Jurawatt&#8217;\u0131n yeni genel m\u00fcd\u00fcr\u00fc g\u00fcne\u015f enerjisi sekt\u00f6r\u00fcn\u00fcn [&hellip;]<\/p>\n","protected":false},"author":1,"featured_media":63902,"comment_status":"open","ping_status":"open","sticky":false,"template":"","format":"standard","meta":[],"categories":[53,49],"tags":[63,67,1009,2698,165,727,227,13,15237,23133,22975,4269,33949],"views":897,"_links":{"self":[{"href":"https:\/\/www.enerjigazetesi.ist\/en\/wp-json\/wp\/v2\/posts\/63901"}],"collection":[{"href":"https:\/\/www.enerjigazetesi.ist\/en\/wp-json\/wp\/v2\/posts"}],"about":[{"href":"https:\/\/www.enerjigazetesi.ist\/en\/wp-json\/wp\/v2\/types\/post"}],"author":[{"embeddable":true,"href":"https:\/\/www.enerjigazetesi.ist\/en\/wp-json\/wp\/v2\/users\/1"}],"replies":[{"embeddable":true,"href":"https:\/\/www.enerjigazetesi.ist\/en\/wp-json\/wp\/v2\/comments?post=63901"}],"version-history":[{"count":1,"href":"https:\/\/www.enerjigazetesi.ist\/en\/wp-json\/wp\/v2\/posts\/63901\/revisions"}],"predecessor-version":[{"id":63903,"href":"https:\/\/www.enerjigazetesi.ist\/en\/wp-json\/wp\/v2\/posts\/63901\/revisions\/63903"}],"wp:featuredmedia":[{"embeddable":true,"href":"https:\/\/www.enerjigazetesi.ist\/en\/wp-json\/wp\/v2\/media\/63902"}],"wp:attachment":[{"href":"https:\/\/www.enerjigazetesi.ist\/en\/wp-json\/wp\/v2\/media?parent=63901"}],"wp:term":[{"taxonomy":"category","embeddable":true,"href":"https:\/\/www.enerjigazetesi.ist\/en\/wp-json\/wp\/v2\/categories?post=63901"},{"taxonomy":"post_tag","embeddable":true,"href":"https:\/\/www.enerjigazetesi.ist\/en\/wp-json\/wp\/v2\/tags?post=63901"}],"curies":[{"name":"wp","href":"https:\/\/api.w.org\/{rel}","templated":true}]}}