{"id":63861,"date":"2017-05-02T12:04:53","date_gmt":"2017-05-02T09:04:53","guid":{"rendered":"https:\/\/www.enerjigazetesi.ist\/?p=63861"},"modified":"2017-05-02T12:05:12","modified_gmt":"2017-05-02T09:05:12","slug":"schneider-electric-uluslararasi-surdurulebilir-markalar-konferansinda-yer-aldi","status":"publish","type":"post","link":"https:\/\/www.enerjigazetesi.ist\/en\/schneider-electric-uluslararasi-surdurulebilir-markalar-konferansinda-yer-aldi\/","title":{"rendered":"(Turkish) Schneider Electric, Uluslararas\u0131 S\u00fcrd\u00fcr\u00fclebilir Markalar Konferans\u0131\u2019ndayd\u0131"},"content":{"rendered":"<p class=\"qtranxs-available-languages-message qtranxs-available-languages-message-en\">Sorry, this entry is only available in <a href=\"https:\/\/www.enerjigazetesi.ist\/tr\/wp-json\/wp\/v2\/posts\/63861\" class=\"qtranxs-available-language-link qtranxs-available-language-link-tr\" title=\"Turkish\">Turkish<\/a>. For the sake of viewer convenience, the content is shown below in the alternative language. You may click the link to switch the active language.<\/p><p><\/p>\n<h4>Schneider Electric, bu y\u0131l \u201cAmac\u0131n\u0131 Etkinle\u015ftirme\u201d temas\u0131yla ger\u00e7ekle\u015ftirilen \u2018Uluslararas\u0131 S\u00fcrd\u00fcr\u00fclebilir Markalar\u00ae Konferans\u0131\u2019n\u0131n kat\u0131l\u0131mc\u0131lar\u0131 aras\u0131ndayd\u0131. Konferansta konu\u015fmac\u0131 olarak yer alan Schneider Electric Ortado\u011fu B\u00f6lgesi Perakende Kanal\u0131 Geli\u015ftirme Genel M\u00fcd\u00fcr Yard\u0131mc\u0131s\u0131 Mustafa Demirkol, dijital d\u00f6n\u00fc\u015f\u00fcm\u00fcn i\u015f s\u00fcrd\u00fcr\u00fclebilirli\u011fine katk\u0131s\u0131n\u0131 \u015firketin yenilik\u00e7i \u00e7al\u0131\u015fmalar\u0131ndan \u00f6rneklerle anlatt\u0131.<\/h4>\n<p>Enerji y\u00f6netimi ve otomasyonda d\u00fcnya \u00e7ap\u0131nda bir uzman olan Schneider Electric, d\u00fcnyan\u0131n en \u00f6nemli 50 konferans\u0131 aras\u0131nda g\u00f6sterilen \u2018Uluslararas\u0131 S\u00fcrd\u00fcr\u00fclebilir Markalar\u00ae Konferans\u0131\u2019nda yer ald\u0131. \u201cAmac\u0131n\u0131 Etkinle\u015ftirme\u201d (Activating Purpose) <a href=\"https:\/\/www.enerjigazetesi.ist\/wp-content\/uploads\/2017\/05\/schneider-electric-uluslararasi-surdurulebilir-markalar-konferansinda-yer-aldi.jpg\"><img loading=\"lazy\" class=\"alignleft size-medium wp-image-63862\" src=\"https:\/\/www.enerjigazetesi.ist\/wp-content\/uploads\/2017\/05\/schneider-electric-uluslararasi-surdurulebilir-markalar-konferansinda-yer-aldi-300x200.jpg\" alt=\"schneider-electric-uluslararasi-surdurulebilir-markalar-konferansinda-yer-aldi\" width=\"300\" height=\"200\" srcset=\"https:\/\/www.enerjigazetesi.ist\/wp-content\/uploads\/2017\/05\/schneider-electric-uluslararasi-surdurulebilir-markalar-konferansinda-yer-aldi-300x200.jpg 300w, https:\/\/www.enerjigazetesi.ist\/wp-content\/uploads\/2017\/05\/schneider-electric-uluslararasi-surdurulebilir-markalar-konferansinda-yer-aldi-500x333.jpg 500w, https:\/\/www.enerjigazetesi.ist\/wp-content\/uploads\/2017\/05\/schneider-electric-uluslararasi-surdurulebilir-markalar-konferansinda-yer-aldi-74x50.jpg 74w, https:\/\/www.enerjigazetesi.ist\/wp-content\/uploads\/2017\/05\/schneider-electric-uluslararasi-surdurulebilir-markalar-konferansinda-yer-aldi.jpg 850w\" sizes=\"(max-width: 300px) 100vw, 300px\" \/><\/a>temas\u0131yla ger\u00e7ekle\u015ftirilen konferansa ulusal ve uluslararas\u0131 arenadan sekt\u00f6r liderleri ve fikir \u00f6nderleri kat\u0131ld\u0131.<\/p>\n<p>Markalar\u0131n yeni yol haritalar\u0131n\u0131n belirlendi\u011fi ve ilham verici \u00e7al\u0131\u015fmalar\u0131n payla\u015f\u0131ld\u0131\u011f\u0131 Uluslararas\u0131 S\u00fcrd\u00fcr\u00fclebilir Markalar Konferans\u0131\u2019nda 15\u2019i yabanc\u0131 35 konu\u015fmac\u0131 s\u00fcrd\u00fcr\u00fclebilirli\u011fin gelece\u011fini anlatt\u0131. Schneider Electric Ortado\u011fu B\u00f6lgesi Perakende Kanal\u0131 Geli\u015ftirme Genel M\u00fcd\u00fcr Yard\u0131mc\u0131s\u0131 Mustafa Demirkol da \u201cElektrik\u00e7i Kanad\u0131nda Dijitalle\u015fme\u201d ba\u015fl\u0131kl\u0131 konu\u015fmas\u0131yla konferansta yer ald\u0131.<\/p>\n<p>Dijitalle\u015fmenin kurumsal i\u015f yap\u0131\u015f bi\u00e7iminde \u00f6nemli bir paradigma de\u011fi\u015fikli\u011fi yaratt\u0131\u011f\u0131na de\u011finen Demirkol konu\u015fmas\u0131nda \u015funlara de\u011findi: \u201cSchneider Electric olarak dijital d\u00f6n\u00fc\u015f\u00fcmle B2B \u00e7al\u0131\u015fan i\u015f ortaklar\u0131m\u0131za ve m\u00fc\u015fterilerimize de\u011fer sunmaya odaklan\u0131yoruz. Bu kapsamda gerek mobil gerek online platformlarla onlar\u0131n daha h\u0131zl\u0131, daha verimli bir \u015fekilde \u00e7al\u0131\u015fmalar\u0131na ve i\u015flerinin s\u00fcrd\u00fcr\u00fclebilirli\u011fine katk\u0131 sa\u011fl\u0131yoruz. Dijitalle\u015fme sayesinde sat\u0131\u015f g\u00fcc\u00fcm\u00fcz\u00fc geni\u015fletiyoruz. Schneider Electric\u2019in ula\u015fabildi\u011fi m\u00fc\u015fteri baz\u0131n\u0131, sadakat programlar\u0131 ve yeni sat\u0131\u015f kanallar\u0131yla artt\u0131r\u0131yoruz. Program\u0131m\u0131z dahilinde 500.000 elektrik\u00e7iyi kapsamay\u0131 hedefliyoruz. FazPuan gibi yenilik\u00e7i y\u00f6ntemlerle de sadakatlerini art\u0131rmay\u0131 ve birlikte i\u015fletmemizi b\u00fcy\u00fctmeyi hedefliyoruz. Bu platformlar ile m\u00fc\u015fterilerimizin etkile\u015fimlerini art\u0131r\u0131yor ve onlara yard\u0131mc\u0131 olacak \u00e7\u00f6z\u00fcmleri geni\u015fletiyoruz. S\u00fcrd\u00fcr\u00fclebilir i\u015f modellerimizle bug\u00fcnden gelece\u011fin \u00e7al\u0131\u015fma mimarisini yarat\u0131yoruz\u201d.<\/p>\n<p>Schneider Electric, e-ticaret \u00e7al\u0131\u015fmalar\u0131 ile uzak noktalardaki elektrik\u00e7ilerin ya\u015fad\u0131\u011f\u0131 da\u011f\u0131t\u0131m ve sat\u0131\u015f zorluklar\u0131 ile acil ihtiya\u00e7lar\u0131na h\u0131zl\u0131 \u00e7\u00f6z\u00fcm sunuyor, onlar i\u00e7in alternatif \u00f6deme y\u00f6ntemleri geli\u015ftiriyor, merkezi sat\u0131\u015f ve destek fonksiyonlar\u0131 sa\u011fl\u0131yor. SEO ve SEM ile daha etkin dijital pazarlama f\u0131rsat\u0131 yarat\u0131yor ve \u00fcr\u00fcn bulunabilirli\u011fini art\u0131r\u0131yor.<\/p>","protected":false},"excerpt":{"rendered":"<p>Sorry, this entry is only available in Turkish. For the sake of viewer convenience, the content is shown below in the alternative language. You may click the link to switch the active language. Schneider Electric, bu y\u0131l \u201cAmac\u0131n\u0131 Etkinle\u015ftirme\u201d temas\u0131yla ger\u00e7ekle\u015ftirilen \u2018Uluslararas\u0131 S\u00fcrd\u00fcr\u00fclebilir Markalar\u00ae Konferans\u0131\u2019n\u0131n kat\u0131l\u0131mc\u0131lar\u0131 aras\u0131ndayd\u0131. Konferansta konu\u015fmac\u0131 olarak yer alan Schneider Electric Ortado\u011fu [&hellip;]<\/p>\n","protected":false},"author":1,"featured_media":63862,"comment_status":"open","ping_status":"open","sticky":false,"template":"","format":"standard","meta":[],"categories":[53,157],"tags":[63,67,1009,2698,165,33936,4157,33937],"views":860,"_links":{"self":[{"href":"https:\/\/www.enerjigazetesi.ist\/en\/wp-json\/wp\/v2\/posts\/63861"}],"collection":[{"href":"https:\/\/www.enerjigazetesi.ist\/en\/wp-json\/wp\/v2\/posts"}],"about":[{"href":"https:\/\/www.enerjigazetesi.ist\/en\/wp-json\/wp\/v2\/types\/post"}],"author":[{"embeddable":true,"href":"https:\/\/www.enerjigazetesi.ist\/en\/wp-json\/wp\/v2\/users\/1"}],"replies":[{"embeddable":true,"href":"https:\/\/www.enerjigazetesi.ist\/en\/wp-json\/wp\/v2\/comments?post=63861"}],"version-history":[{"count":2,"href":"https:\/\/www.enerjigazetesi.ist\/en\/wp-json\/wp\/v2\/posts\/63861\/revisions"}],"predecessor-version":[{"id":63864,"href":"https:\/\/www.enerjigazetesi.ist\/en\/wp-json\/wp\/v2\/posts\/63861\/revisions\/63864"}],"wp:featuredmedia":[{"embeddable":true,"href":"https:\/\/www.enerjigazetesi.ist\/en\/wp-json\/wp\/v2\/media\/63862"}],"wp:attachment":[{"href":"https:\/\/www.enerjigazetesi.ist\/en\/wp-json\/wp\/v2\/media?parent=63861"}],"wp:term":[{"taxonomy":"category","embeddable":true,"href":"https:\/\/www.enerjigazetesi.ist\/en\/wp-json\/wp\/v2\/categories?post=63861"},{"taxonomy":"post_tag","embeddable":true,"href":"https:\/\/www.enerjigazetesi.ist\/en\/wp-json\/wp\/v2\/tags?post=63861"}],"curies":[{"name":"wp","href":"https:\/\/api.w.org\/{rel}","templated":true}]}}