{"id":63854,"date":"2017-05-02T11:45:32","date_gmt":"2017-05-02T08:45:32","guid":{"rendered":"https:\/\/www.enerjigazetesi.ist\/?p=63854"},"modified":"2017-05-02T11:45:52","modified_gmt":"2017-05-02T08:45:52","slug":"tedas-ve-temsan-ozellestirme-programindan-cikartildi","status":"publish","type":"post","link":"https:\/\/www.enerjigazetesi.ist\/en\/tedas-ve-temsan-ozellestirme-programindan-cikartildi\/","title":{"rendered":"(Turkish) TEDA\u015e ve TEMSAN \u00d6zelle\u015ftirme Program\u0131ndan \u00c7\u0131kart\u0131ld\u0131"},"content":{"rendered":"<p class=\"qtranxs-available-languages-message qtranxs-available-languages-message-en\">Sorry, this entry is only available in <a href=\"https:\/\/www.enerjigazetesi.ist\/tr\/wp-json\/wp\/v2\/posts\/63854\" class=\"qtranxs-available-language-link qtranxs-available-language-link-tr\" title=\"Turkish\">Turkish<\/a>. For the sake of viewer convenience, the content is shown below in the alternative language. You may click the link to switch the active language.<\/p><p><strong><span style=\"color: #0a0a0a;\">T\u00fcrkiye Elektrik Da\u011f\u0131t\u0131m A\u015e (TEDA\u015e) ve Temsan \u00f6zelle\u015ftirme program\u0131ndan \u00e7\u0131kar\u0131l\u0131rken, Antalya EXPO Fuar Merkezi ise programa\u00a0dahil edildi.<a href=\"https:\/\/www.enerjigazetesi.ist\/wp-content\/uploads\/2015\/02\/tedasin-kamulastirma-maliyeti-7-milyar-lira.jpg\"><img loading=\"lazy\" class=\"alignleft  wp-image-36160\" src=\"https:\/\/www.enerjigazetesi.ist\/wp-content\/uploads\/2015\/02\/tedasin-kamulastirma-maliyeti-7-milyar-lira-300x152.jpg\" alt=\"tedas\" width=\"300\" height=\"175\" \/><\/a><\/span><\/strong><\/p>\n<p>A\u011fustos 2013 itibariyle \u015firketlerle TEDA\u015e aras\u0131ndaki hisse devri s\u00f6zle\u015fmeleri tamamlanm\u0131\u015ft\u0131. T\u00fcm bu geli\u015fmelerin ard\u0131ndan, TEDA\u015e ge\u00e7ti\u011fimiz g\u00fcnlerde \u00f6zelle\u015ftirme program\u0131ndan \u00e7\u0131kart\u0131ld\u0131. TEDA\u015e\u2019\u0131n bundan sonra da\u011f\u0131t\u0131m sekt\u00f6r\u00fcnde denetim g\u00f6revini s\u00fcrd\u00fcrecektir. Ayn\u0131 \u015fekilde T\u00fcrkiye Elektromekanik Sanayi A\u015e (TEMSAN)&#8217;da \u00f6zelle\u015ftirme s\u00fcrecinden \u00e7\u0131kart\u0131larak, enerji sekt\u00f6r\u00fcnde yerli ekipman oran\u0131n\u0131n art\u0131r\u0131lmas\u0131 i\u00e7in \u00e7al\u0131\u015faca\u011f\u0131\u00a0belirtildi.<\/p>\n<p>Enerji \u015firketleri \u00f6zelle\u015ftirme kapsam\u0131ndan \u00e7\u0131karken, Antalya\u2019daki EXPO ise \u00f6zelle\u015ftirme kapsam\u0131na girdi.<\/p>","protected":false},"excerpt":{"rendered":"<p>Sorry, this entry is only available in Turkish. For the sake of viewer convenience, the content is shown below in the alternative language. You may click the link to switch the active language.T\u00fcrkiye Elektrik Da\u011f\u0131t\u0131m A\u015e (TEDA\u015e) ve Temsan \u00f6zelle\u015ftirme program\u0131ndan \u00e7\u0131kar\u0131l\u0131rken, Antalya EXPO Fuar Merkezi ise programa\u00a0dahil edildi. A\u011fustos 2013 itibariyle \u015firketlerle TEDA\u015e aras\u0131ndaki [&hellip;]<\/p>\n","protected":false},"author":1,"featured_media":36160,"comment_status":"open","ping_status":"open","sticky":false,"template":"","format":"standard","meta":[],"categories":[51,53],"tags":[68,61,19638,2873,63,67,1009,2698,165,33933,1248,1216,5550],"views":1122,"_links":{"self":[{"href":"https:\/\/www.enerjigazetesi.ist\/en\/wp-json\/wp\/v2\/posts\/63854"}],"collection":[{"href":"https:\/\/www.enerjigazetesi.ist\/en\/wp-json\/wp\/v2\/posts"}],"about":[{"href":"https:\/\/www.enerjigazetesi.ist\/en\/wp-json\/wp\/v2\/types\/post"}],"author":[{"embeddable":true,"href":"https:\/\/www.enerjigazetesi.ist\/en\/wp-json\/wp\/v2\/users\/1"}],"replies":[{"embeddable":true,"href":"https:\/\/www.enerjigazetesi.ist\/en\/wp-json\/wp\/v2\/comments?post=63854"}],"version-history":[{"count":2,"href":"https:\/\/www.enerjigazetesi.ist\/en\/wp-json\/wp\/v2\/posts\/63854\/revisions"}],"predecessor-version":[{"id":63856,"href":"https:\/\/www.enerjigazetesi.ist\/en\/wp-json\/wp\/v2\/posts\/63854\/revisions\/63856"}],"wp:featuredmedia":[{"embeddable":true,"href":"https:\/\/www.enerjigazetesi.ist\/en\/wp-json\/wp\/v2\/media\/36160"}],"wp:attachment":[{"href":"https:\/\/www.enerjigazetesi.ist\/en\/wp-json\/wp\/v2\/media?parent=63854"}],"wp:term":[{"taxonomy":"category","embeddable":true,"href":"https:\/\/www.enerjigazetesi.ist\/en\/wp-json\/wp\/v2\/categories?post=63854"},{"taxonomy":"post_tag","embeddable":true,"href":"https:\/\/www.enerjigazetesi.ist\/en\/wp-json\/wp\/v2\/tags?post=63854"}],"curies":[{"name":"wp","href":"https:\/\/api.w.org\/{rel}","templated":true}]}}