{"id":63836,"date":"2017-05-01T18:00:44","date_gmt":"2017-05-01T15:00:44","guid":{"rendered":"https:\/\/www.enerjigazetesi.ist\/?p=63836"},"modified":"2017-05-01T18:00:44","modified_gmt":"2017-05-01T15:00:44","slug":"elektrik-dogalgaz-su-yol-kopru-hizmetlerine-zam-yok","status":"publish","type":"post","link":"https:\/\/www.enerjigazetesi.ist\/en\/elektrik-dogalgaz-su-yol-kopru-hizmetlerine-zam-yok\/","title":{"rendered":"(Turkish) Elektrik, Do\u011falgaz, Su ,Yol ,K\u00f6pr\u00fc Hizmetlerine Zam Yok!"},"content":{"rendered":"<p class=\"qtranxs-available-languages-message qtranxs-available-languages-message-en\">Sorry, this entry is only available in <a href=\"https:\/\/www.enerjigazetesi.ist\/tr\/wp-json\/wp\/v2\/posts\/63836\" class=\"qtranxs-available-language-link qtranxs-available-language-link-tr\" title=\"Turkish\">Turkish<\/a>. For the sake of viewer convenience, the content is shown below in the alternative language. You may click the link to switch the active language.<\/p><p><strong><span style=\"color: #0a0a0a;\">H\u00fck\u00fcmet taraf\u0131ndan ekonomide iyile\u015f<img loading=\"lazy\" class=\"alignright wp-image-2645 \" src=\"https:\/\/www.enerjigazetesi.ist\/wp-content\/uploads\/2012\/10\/enerji-zammi-sanayici-isyani-300x244.jpg\" alt=\"enerji-zammi-yok\" width=\"300\" height=\"180\" \/>meye y\u00f6nelik vatanda\u015flara y\u00f6nelik \u00f6nemli kararlar al\u0131nd\u0131.<\/span><\/strong><\/p>\n<p>Bununla birlikte kamunun sundu\u011fu hizmetlere y\u00f6nelik bu y\u0131l zam olmayacak, fiyatlar de\u011fi\u015fmeyecek. Elektrik, do\u011falgaz, su, yol, k\u00f6pr\u00fc gibi hizmetlerin \u00fccretlerinde bu y\u0131l zam\u00a0olmayacak.<\/p>\n<p>Kamu \u00fcretimi olan \u00fcr\u00fcnlere de zam ger\u00e7ekle\u015fmeyerek\u00a0fiyatlardaki de\u011fi\u015fimin \u00f6n\u00fcne ge\u00e7ilecek. Baz\u0131 vergi indirimleri ise h\u00fck\u00fcmetin g\u00fcndeminde yer alacak.<\/p>","protected":false},"excerpt":{"rendered":"<p>Sorry, this entry is only available in Turkish. For the sake of viewer convenience, the content is shown below in the alternative language. You may click the link to switch the active language.H\u00fck\u00fcmet taraf\u0131ndan ekonomide iyile\u015fmeye y\u00f6nelik vatanda\u015flara y\u00f6nelik \u00f6nemli kararlar al\u0131nd\u0131. Bununla birlikte kamunun sundu\u011fu hizmetlere y\u00f6nelik bu y\u0131l zam olmayacak, fiyatlar de\u011fi\u015fmeyecek. Elektrik, [&hellip;]<\/p>\n","protected":false},"author":1,"featured_media":2645,"comment_status":"open","ping_status":"open","sticky":false,"template":"","format":"standard","meta":[],"categories":[46,51,53],"tags":[92,1893,68,63,67,1009,2698,165,8989],"views":637,"_links":{"self":[{"href":"https:\/\/www.enerjigazetesi.ist\/en\/wp-json\/wp\/v2\/posts\/63836"}],"collection":[{"href":"https:\/\/www.enerjigazetesi.ist\/en\/wp-json\/wp\/v2\/posts"}],"about":[{"href":"https:\/\/www.enerjigazetesi.ist\/en\/wp-json\/wp\/v2\/types\/post"}],"author":[{"embeddable":true,"href":"https:\/\/www.enerjigazetesi.ist\/en\/wp-json\/wp\/v2\/users\/1"}],"replies":[{"embeddable":true,"href":"https:\/\/www.enerjigazetesi.ist\/en\/wp-json\/wp\/v2\/comments?post=63836"}],"version-history":[{"count":1,"href":"https:\/\/www.enerjigazetesi.ist\/en\/wp-json\/wp\/v2\/posts\/63836\/revisions"}],"predecessor-version":[{"id":63837,"href":"https:\/\/www.enerjigazetesi.ist\/en\/wp-json\/wp\/v2\/posts\/63836\/revisions\/63837"}],"wp:featuredmedia":[{"embeddable":true,"href":"https:\/\/www.enerjigazetesi.ist\/en\/wp-json\/wp\/v2\/media\/2645"}],"wp:attachment":[{"href":"https:\/\/www.enerjigazetesi.ist\/en\/wp-json\/wp\/v2\/media?parent=63836"}],"wp:term":[{"taxonomy":"category","embeddable":true,"href":"https:\/\/www.enerjigazetesi.ist\/en\/wp-json\/wp\/v2\/categories?post=63836"},{"taxonomy":"post_tag","embeddable":true,"href":"https:\/\/www.enerjigazetesi.ist\/en\/wp-json\/wp\/v2\/tags?post=63836"}],"curies":[{"name":"wp","href":"https:\/\/api.w.org\/{rel}","templated":true}]}}