{"id":63728,"date":"2017-04-28T09:40:27","date_gmt":"2017-04-28T06:40:27","guid":{"rendered":"https:\/\/www.enerjigazetesi.ist\/?p=63728"},"modified":"2017-04-28T09:41:59","modified_gmt":"2017-04-28T06:41:59","slug":"enerji-kimlik-belgesinde-alim-satim-ve-kiralama-uygulamasi-2020ye-ertelendi","status":"publish","type":"post","link":"https:\/\/www.enerjigazetesi.ist\/en\/enerji-kimlik-belgesinde-alim-satim-ve-kiralama-uygulamasi-2020ye-ertelendi\/","title":{"rendered":"(Turkish) Enerji Kimlik Belgesi&#8217;nde Al\u0131m-Sat\u0131m ve Kiralama Uyg.s\u0131 2020\u2019ye Ertelendi!"},"content":{"rendered":"<p class=\"qtranxs-available-languages-message qtranxs-available-languages-message-en\">Sorry, this entry is only available in <a href=\"https:\/\/www.enerjigazetesi.ist\/tr\/wp-json\/wp\/v2\/posts\/63728\" class=\"qtranxs-available-language-link qtranxs-available-language-link-tr\" title=\"Turkish\">Turkish<\/a>. For the sake of viewer convenience, the content is shown below in the alternative language. You may click the link to switch the active language.<\/p><p><\/p>\n<p style=\"color: #0a0a0a;\"><strong>Binalarda enerji kimlik belgesinde\u00a0al\u0131m-sat\u0131m ve kiralama uygulamas\u0131 1 Ocak 2020 tarihine ertelendi.<\/strong><\/p>\n<p style=\"color: #0a0a0a;\"><span id=\"more-90869\"><\/span>\u00c7evre ve \u015eehircilik Bakanl\u0131\u011f\u0131 taraf\u0131nd<a href=\"https:\/\/www.enerjigazetesi.ist\/wp-content\/uploads\/2012\/08\/yeni-binalarda-ekb-zorunlulugu1.jpg\"><img loading=\"lazy\" class=\"alignleft wp-image-1595 size-medium\" src=\"https:\/\/www.enerjigazetesi.ist\/wp-content\/uploads\/2012\/08\/yeni-binalarda-ekb-zorunlulugu1-300x167.jpg\" alt=\"binalarda-ekb-zorunlulugu\" width=\"300\" height=\"167\" srcset=\"https:\/\/www.enerjigazetesi.ist\/wp-content\/uploads\/2012\/08\/yeni-binalarda-ekb-zorunlulugu1-300x167.jpg 300w, https:\/\/www.enerjigazetesi.ist\/wp-content\/uploads\/2012\/08\/yeni-binalarda-ekb-zorunlulugu1-80x44.jpg 80w, https:\/\/www.enerjigazetesi.ist\/wp-content\/uploads\/2012\/08\/yeni-binalarda-ekb-zorunlulugu1.jpg 480w\" sizes=\"(max-width: 300px) 100vw, 300px\" \/><\/a>an 2 May\u0131s 2017&#8217;de ba\u015flamas\u0131 planlanan\u00a0binalarda enerji kimlik belgesiz al\u0131m-sat\u0131m ve kiralama i\u015fleminin yap\u0131lamayaca\u011f\u0131 y\u00f6n\u00fcndeki uygulama 1 Ocak 2020 tarihine ertelendi.<\/p>\n<p style=\"color: #0a0a0a;\">Resmi Gazete\u2019de bug\u00fcn yay\u0131mlanan ve\u00a0binalarda enerji performans\u0131 y\u00f6netmeli\u011finde de\u011fi\u015fiklik yapan y\u00f6netmelikle, \u201cBinalar veya ba\u011f\u0131ms\u0131z b\u00f6l\u00fcmlere ili\u015fkin al\u0131m, sat\u0131m ve kiraya verme ile ilgili i\u015f ve i\u015flemlerde enerji kimlik belgesi d\u00fczenlenmi\u015f olmas\u0131 \u015fart\u0131n\u0131n aranmas\u0131na\u201d dair h\u00fckm\u00fcn uygulanmas\u0131 1 Ocak 2020 tarihine ertelendi.<\/p>\n<p><\/p>","protected":false},"excerpt":{"rendered":"<p>Sorry, this entry is only available in Turkish. For the sake of viewer convenience, the content is shown below in the alternative language. You may click the link to switch the active language. Binalarda enerji kimlik belgesinde\u00a0al\u0131m-sat\u0131m ve kiralama uygulamas\u0131 1 Ocak 2020 tarihine ertelendi. \u00c7evre ve \u015eehircilik Bakanl\u0131\u011f\u0131 taraf\u0131ndan 2 May\u0131s 2017&#8217;de ba\u015flamas\u0131 planlanan\u00a0binalarda [&hellip;]<\/p>\n","protected":false},"author":1,"featured_media":1595,"comment_status":"open","ping_status":"open","sticky":false,"template":"","format":"standard","meta":[],"categories":[53,52],"tags":[335,9456,63,67,1009,336,2698,165,12,793],"views":843,"_links":{"self":[{"href":"https:\/\/www.enerjigazetesi.ist\/en\/wp-json\/wp\/v2\/posts\/63728"}],"collection":[{"href":"https:\/\/www.enerjigazetesi.ist\/en\/wp-json\/wp\/v2\/posts"}],"about":[{"href":"https:\/\/www.enerjigazetesi.ist\/en\/wp-json\/wp\/v2\/types\/post"}],"author":[{"embeddable":true,"href":"https:\/\/www.enerjigazetesi.ist\/en\/wp-json\/wp\/v2\/users\/1"}],"replies":[{"embeddable":true,"href":"https:\/\/www.enerjigazetesi.ist\/en\/wp-json\/wp\/v2\/comments?post=63728"}],"version-history":[{"count":2,"href":"https:\/\/www.enerjigazetesi.ist\/en\/wp-json\/wp\/v2\/posts\/63728\/revisions"}],"predecessor-version":[{"id":63730,"href":"https:\/\/www.enerjigazetesi.ist\/en\/wp-json\/wp\/v2\/posts\/63728\/revisions\/63730"}],"wp:featuredmedia":[{"embeddable":true,"href":"https:\/\/www.enerjigazetesi.ist\/en\/wp-json\/wp\/v2\/media\/1595"}],"wp:attachment":[{"href":"https:\/\/www.enerjigazetesi.ist\/en\/wp-json\/wp\/v2\/media?parent=63728"}],"wp:term":[{"taxonomy":"category","embeddable":true,"href":"https:\/\/www.enerjigazetesi.ist\/en\/wp-json\/wp\/v2\/categories?post=63728"},{"taxonomy":"post_tag","embeddable":true,"href":"https:\/\/www.enerjigazetesi.ist\/en\/wp-json\/wp\/v2\/tags?post=63728"}],"curies":[{"name":"wp","href":"https:\/\/api.w.org\/{rel}","templated":true}]}}