{"id":63688,"date":"2017-04-27T10:55:34","date_gmt":"2017-04-27T07:55:34","guid":{"rendered":"https:\/\/www.enerjigazetesi.ist\/?p=63688"},"modified":"2017-04-27T11:00:07","modified_gmt":"2017-04-27T08:00:07","slug":"karbon-ayak-izini-dusuren-sirketler-sut-d-tarafindan-odullendirildi","status":"publish","type":"post","link":"https:\/\/www.enerjigazetesi.ist\/en\/karbon-ayak-izini-dusuren-sirketler-sut-d-tarafindan-odullendirildi\/","title":{"rendered":"(Turkish) Karbon Ayak \u0130zini D\u00fc\u015f\u00fcren \u015eirketler S\u00fct-D Taraf\u0131ndan \u00d6d\u00fcllendirildi"},"content":{"rendered":"<p class=\"qtranxs-available-languages-message qtranxs-available-languages-message-en\">Sorry, this entry is only available in <a href=\"https:\/\/www.enerjigazetesi.ist\/tr\/wp-json\/wp\/v2\/posts\/63688\" class=\"qtranxs-available-language-link qtranxs-available-language-link-tr\" title=\"Turkish\">Turkish<\/a>. For the sake of viewer convenience, the content is shown below in the alternative language. You may click the link to switch the active language.<\/p><p><strong>Karbon ayak izini azaltarak iklim de\u011fi\u015fikli\u011fi ile m\u00fccadeleye destek olan 19 firma\u00a0S\u00fcrd\u00fcr\u00fclebilir \u00dcretim ve T\u00fcketim Derne\u011fi&#8217;nce\u00a0D\u00fc\u015f\u00fck Karbon Kahraman\u0131\u00a0<\/strong><strong>olarak \u00f6d\u00fcllendirildi.<\/strong><\/p>\n<p>Karbon sal\u0131m\u0131nda cimri davranarak iklim de\u011fi\u015fimine kar\u015f\u0131 m\u00fccadelede \u00f6rnek olan kurulu\u015flar, \u0130stanbul Teknik \u00dcniversitesi (\u0130T\u00dc) ev sahipli\u011finde, Uluslararas\u0131 Emisyon Ticareti Derne\u011fi (IETA) deste\u011finde d\u00fczenlenen 4. \u0130<img loading=\"lazy\" class=\"alignright size-medium wp-image-63689\" src=\"https:\/\/www.enerjigazetesi.ist\/wp-content\/uploads\/2017\/04\/sut-d-karbon-ayak-izini-dusuren-sirketleri-odullendirdi-300x200.jpg\" alt=\"sut-d-karbon-ayak-izini-dusuren-sirketleri-odullendirdi\" width=\"300\" height=\"200\" srcset=\"https:\/\/www.enerjigazetesi.ist\/wp-content\/uploads\/2017\/04\/sut-d-karbon-ayak-izini-dusuren-sirketleri-odullendirdi-300x200.jpg 300w, https:\/\/www.enerjigazetesi.ist\/wp-content\/uploads\/2017\/04\/sut-d-karbon-ayak-izini-dusuren-sirketleri-odullendirdi-500x333.jpg 500w, https:\/\/www.enerjigazetesi.ist\/wp-content\/uploads\/2017\/04\/sut-d-karbon-ayak-izini-dusuren-sirketleri-odullendirdi-75x50.jpg 75w, https:\/\/www.enerjigazetesi.ist\/wp-content\/uploads\/2017\/04\/sut-d-karbon-ayak-izini-dusuren-sirketleri-odullendirdi.jpg 900w\" sizes=\"(max-width: 300px) 100vw, 300px\" \/>stanbul Karbon Zirvesi\u2019nde S\u00fcrd\u00fcr\u00fclebilir \u00dcretim ve T\u00fcketim Derne\u011fi (S\u00dcT-D) taraf\u0131ndan D\u00fc\u015f\u00fck Karbon Kahraman\u0131 olarak \u00f6d\u00fcllendirildi. Karbon emisyonunu azaltan 42 projenin aday oldu\u011fu yar\u0131\u015fta, 19 kurulu\u015f S\u00dcT-D taraf\u0131ndan \u00f6d\u00fcle lay\u0131k g\u00f6r\u00fcld\u00fc. 2017 D\u00fc\u015f\u00fck Karbon Kahramanlar\u0131 \u00f6d\u00fcllerini, Enerji ve Tabii Kaynaklar Bakanl\u0131\u011f\u0131 Yenilenebilir Enerji Genel M\u00fcd\u00fcr\u00fc Dr. O\u011fuz Can&#8217;\u0131n elinden ald\u0131.<\/p>\n<p><strong>Karbon cimrisi kurulu\u015flar iklim de\u011fi\u015fimine diren\u00e7li d\u00fcnyam\u0131z i\u00e7in \u00f6nemli<\/strong><\/p>\n<p>\u0130T\u00dc \u00d6\u011fretim \u00dcyesi ve S\u00dcT-D Ba\u015fkan\u0131 Prof. Dr. Filiz Karaosmano\u011flu, &#8220;\u0130klim de\u011fi\u015fimi ile m\u00fccadele etmemiz i\u00e7in g\u00fczelim d\u00fcnyam\u0131z\u00a0 bizden g\u00f6rev bekliyor. Karbon cimrisi kurulu\u015flar iklim de\u011fi\u015fimine diren\u00e7li d\u00fcnyam\u0131z i\u00e7in \u00f6nemli. Sanayimizin d\u00fc\u015f\u00fck karbon ekonomisinde ilerlemesi \u015fart. Bu y\u0131l \u00fc\u00e7\u00fcnc\u00fcs\u00fcn\u00fc verdi\u011fimiz bu \u00f6d\u00fclle, sadece bug\u00fcn\u00fc de\u011fil, yar\u0131n\u0131n\u0131 da d\u00fc\u015f\u00fcnen, s\u00fcrd\u00fcr\u00fclebilirlik y\u00f6netim stratejisi ile ilerleyen karbon cimrilerini \u00f6d\u00fcllendirdik&#8221; dedi. Enerji \u015firketleri ve sanayide enerji verimlili\u011fi uygulayan projeler ba\u015fvurularda \u00f6ne \u00e7\u0131kt\u0131.<\/p>\n<p>Enerji, kimya ve g\u0131da sekt\u00f6rleri ile yerel y\u00f6netimlerin D\u00fc\u015f\u00fck Karbon Kahramanlar\u0131, ba\u015far\u0131l\u0131 teknik uygulamalar\u0131n\u0131n yan\u0131 s\u0131ra karbon azalt\u0131m\u0131 konusundaki e\u011fitim ve bilin\u00e7lendirme \u00e7al\u0131\u015fmalar\u0131 ile S\u00dcT-D&#8217;nin s\u00fcrd\u00fcr\u00fclebilirlik ya\u015fam k\u00fclt\u00fcr\u00fc kazand\u0131r\u0131lmas\u0131 eylemine de katk\u0131 yaparak payda\u015f oldular diyen Prof. Karaosmano\u011flu S\u00dcT-D 2017 D\u00fc\u015f\u00fck Karbon Kahramanlar\u0131 ile gurur duyuyoruz a\u00e7\u0131klamas\u0131n\u0131 yapt\u0131.<\/p>\n<p><strong>\u015eirketler ve belediyeler d\u00fc\u015f\u00fck karbon kahraman\u0131\u00a0 olmak i\u00e7in yar\u0131\u015ft\u0131<\/strong><\/p>\n<p>\u0130ncesu R\u00fczgar Enerji Santral\u0131 ve Yerele Etki Projesi ile<strong> Aki\u015f Grup,<\/strong> Arnaz\u00a0 R\u00fczgar Elektrik Santral\u0131 ile<strong> Bereket Enerji,<\/strong> LAMAS III-IV Hidroelektrik Santral\u0131 Karbon Ticareti ve Sosyal Sorumluluk Projesi ile<strong> Gama Enerji<\/strong> d\u00fc\u015f\u00fck karbon kahraman\u0131 olurken, <strong>Enervis<\/strong> tekstil sekt\u00f6r\u00fcnde at\u0131ksu \u0131s\u0131 geri kazan\u0131m\u0131, \u00a0&#8220;\u00d6nce Biz Karbon Ayak \u0130zimizi D\u00fc\u015f\u00fcr\u00fcyoruz&#8221; diyerek <strong>EY T\u00fcrkiye,<\/strong> pirinadan ye\u015fil mangal k\u00f6m\u00fcr\u00fc \u00fcretimi ile <strong>Ege Tar\u0131msal Enerji, <\/strong>D\u00f6n\u00fc\u015f\u00fcm M\u00fczesi ile karbon y\u00f6netimi bilin\u00e7lenmesine katk\u0131 yapan <strong>Samsun Avdan,<\/strong> &#8220;Bitkisel At\u0131k Ya\u011flar\u0131 Topla, Karbonu Azalt&#8221; projesiyle <strong>Kolza Geri Kazan\u0131m<\/strong>d\u00fc\u015f\u00fck karbon kahraman\u0131 ilan edildiler. &#8220;K\u00f6yde Ye\u015fil Ekonomi Projesi&#8221; sonu\u00e7lar\u0131yla <strong>Temiz Enerji Vakf\u0131 (TEMEV) <\/strong>d\u00fc\u015f\u00fck karbon kahraman\u0131 oldu. &#8220;Enerjimiz \u00c7ocuklar i\u00e7in Projesi&#8221; ile ilk\u00f6\u011frenimde 8000 \u00f6\u011frenciye e\u011fitim seti, kitap, oyun, tiyatro ile ula\u015fma ve &#8220;Zorlu ile Karbon Ayak \u0130zi&#8221; kitab\u0131n\u0131 haz\u0131rlama \u00f6l\u00e7\u00fcmlenmi\u015f ba\u015far\u0131s\u0131<strong> Zorlu Enerji&#8217;yi<\/strong> D\u00fc\u015f\u00fck Karbon Kahraman\u0131 yapt\u0131.<\/p>\n<p>At\u0131k \u0131s\u0131 geri kazan\u0131m\u0131ndan ye\u015fil fonlama ile engelli e\u011fitimine destek projesi i\u00e7in <strong>Shell T\u00fcrkiye<\/strong>&#8216;ye, boyahane pompalar\u0131nda bas\u0131n\u00e7 optimizasyonu ile enerji verimlili\u011fi sa\u011flayarak karbon ayak izi azalt\u0131lmas\u0131 konusunda <strong>Vestel Beyaz E\u015fya<\/strong> \u2018ya d\u00fc\u015f\u00fck karbon kahraman\u0131 \u00f6d\u00fcl\u00fc verildi. &#8220;Bursa Hafif Yayl\u0131 Sistem II. A\u015fama Projesi&#8221; sera gaz\u0131 azalt\u0131m\u0131 ile <strong>Bursa B\u00fcy\u00fck\u015fehir Belediyesi<\/strong>, &#8220;Sudan Sebep Fidan Da\u011f\u0131t\u0131m\u0131 Projesi&#8221; ile <strong>Kartal Belediyesi<\/strong>, &#8220;Bilim Hatt\u0131 Projesi&#8221; ile<strong> \u0130ETT <\/strong>\u00f6d\u00fcllendirildi.<strong> &#8220;<\/strong>Gelece\u011fe Enerjimiz Kals\u0131n&#8221; projesi ile <strong>Halkbank<\/strong> \u00f6d\u00fcle lay\u0131k bulundu. <strong>S\u00fcta\u015f<\/strong> \u00e7iftlikten sofralara at\u0131ktan enerji eldesi uygulamas\u0131, ya\u015fam bilimleri ve medikal teknoloji operasyonlar\u0131nda ve de\u011fer zinciri boyunca sera gaz\u0131 emisyonlar\u0131n\u0131 azaltma ve iklim esnekli\u011fini art\u0131rma uygulamas\u0131 ile <strong>BD T\u00fcrkiye<\/strong> d\u00fc\u015f\u00fck karbon kahraman\u0131 oldu. T\u00fcrkiye&#8217;nin ilk \u0131s\u0131tmal\u0131 pres teknolojisini kullanan at\u0131ksu ar\u0131tma \u00e7amuru susuzla\u015ft\u0131rma pojesi ile karbon ayak izini azaltan <strong>Organik Kimya <\/strong>d\u00fc\u015f\u00fck karbon kahraman\u0131 ilan edildi.<\/p>\n<p><strong>At\u0131k y\u00f6netimindeki ba\u015far\u0131s\u0131yla bir STK da \u00f6d\u00fcllendirildi<\/strong><\/p>\n<p>S\u00dcT-D bu y\u0131l bir sivil toplum \u00f6rg\u00fct\u00fcn\u00fc kendi izleme ve de\u011ferlendirmesi ile D\u00fc\u015f\u00fck Karbon Kahraman\u0131 olarak belirledi. T\u00fcm At\u0131k ve \u00c7evre Y\u00f6netimi Derne\u011fi (TAY\u00c7ED) at\u0131k y\u00f6netimi ve karbon azalt\u0131m\u0131 konusunda \u00f6nc\u00fc ve s\u00f6zc\u00fc olmas\u0131 nedeni ile D\u00fc\u015f\u00fck Karbon Kahraman\u0131 se\u00e7ildi.<\/p>\n<p><strong>S\u00dcT-D Hakk\u0131nda Bilgilendirme:<\/strong><\/p>\n<p>S\u00fcrd\u00fcr\u00fclebilir \u00dcretim ve T\u00fcketim Derne\u011fi (S\u00dcT-D), \u201cS\u00fcrd\u00fcr\u00fclebilir \u00dcretim ve T\u00fcketim\u201d olgusu konusunda bilgi ve kapasite olu\u015fturmak, konunun fark\u0131ndal\u0131\u011f\u0131n\u0131 art\u0131rarak, ulusal ve uluslararas\u0131 etkinliklerle yayg\u0131n etki yaratmak hedefi ile 2013 y\u0131l\u0131nda kamu, i\u015f ve akademi temsilcilerince kuruldu. S\u00dcT-D t\u00fcm etkinliklerinde resmi erk, yerel y\u00f6netimler, \u00fcniversiteler, i\u015f d\u00fcnyas\u0131, sivil toplum \u00f6rg\u00fctleri ve medya ile yak\u0131n i\u015fbirli\u011finde olma ve \u201cS\u00fcrd\u00fcr\u00fclebilirlik\u201d kavram\u0131n\u0131n t\u00fcm sosyal ve teknik y\u00f6nleriyle u\u011fra\u015f vermeyi \u00f6ncelikli g\u00f6rerek, yerk\u00fcre i\u00e7in ye\u015fil sivil g\u00fcc\u00fcn\u00fc ortaya koymaktad\u0131r.<\/p>","protected":false},"excerpt":{"rendered":"<p>Sorry, this entry is only available in Turkish. For the sake of viewer convenience, the content is shown below in the alternative language. You may click the link to switch the active language.Karbon ayak izini azaltarak iklim de\u011fi\u015fikli\u011fi ile m\u00fccadeleye destek olan 19 firma\u00a0S\u00fcrd\u00fcr\u00fclebilir \u00dcretim ve T\u00fcketim Derne\u011fi&#8217;nce\u00a0D\u00fc\u015f\u00fck Karbon Kahraman\u0131\u00a0olarak \u00f6d\u00fcllendirildi. Karbon sal\u0131m\u0131nda cimri davranarak [&hellip;]<\/p>\n","protected":false},"author":1,"featured_media":63689,"comment_status":"open","ping_status":"open","sticky":false,"template":"","format":"standard","meta":[],"categories":[53,52],"tags":[33885,33862,31986,63,67,1009,2698,165,33884,7728,870,18346,33299,33886],"views":940,"_links":{"self":[{"href":"https:\/\/www.enerjigazetesi.ist\/en\/wp-json\/wp\/v2\/posts\/63688"}],"collection":[{"href":"https:\/\/www.enerjigazetesi.ist\/en\/wp-json\/wp\/v2\/posts"}],"about":[{"href":"https:\/\/www.enerjigazetesi.ist\/en\/wp-json\/wp\/v2\/types\/post"}],"author":[{"embeddable":true,"href":"https:\/\/www.enerjigazetesi.ist\/en\/wp-json\/wp\/v2\/users\/1"}],"replies":[{"embeddable":true,"href":"https:\/\/www.enerjigazetesi.ist\/en\/wp-json\/wp\/v2\/comments?post=63688"}],"version-history":[{"count":4,"href":"https:\/\/www.enerjigazetesi.ist\/en\/wp-json\/wp\/v2\/posts\/63688\/revisions"}],"predecessor-version":[{"id":63693,"href":"https:\/\/www.enerjigazetesi.ist\/en\/wp-json\/wp\/v2\/posts\/63688\/revisions\/63693"}],"wp:featuredmedia":[{"embeddable":true,"href":"https:\/\/www.enerjigazetesi.ist\/en\/wp-json\/wp\/v2\/media\/63689"}],"wp:attachment":[{"href":"https:\/\/www.enerjigazetesi.ist\/en\/wp-json\/wp\/v2\/media?parent=63688"}],"wp:term":[{"taxonomy":"category","embeddable":true,"href":"https:\/\/www.enerjigazetesi.ist\/en\/wp-json\/wp\/v2\/categories?post=63688"},{"taxonomy":"post_tag","embeddable":true,"href":"https:\/\/www.enerjigazetesi.ist\/en\/wp-json\/wp\/v2\/tags?post=63688"}],"curies":[{"name":"wp","href":"https:\/\/api.w.org\/{rel}","templated":true}]}}