{"id":63548,"date":"2017-04-22T12:02:20","date_gmt":"2017-04-22T09:02:20","guid":{"rendered":"https:\/\/www.enerjigazetesi.ist\/?p=63548"},"modified":"2017-04-22T12:02:20","modified_gmt":"2017-04-22T09:02:20","slug":"rusya-iranda-2-nukleer-santral-kurmaya-hazirlaniyor","status":"publish","type":"post","link":"https:\/\/www.enerjigazetesi.ist\/en\/rusya-iranda-2-nukleer-santral-kurmaya-hazirlaniyor\/","title":{"rendered":"(Turkish) Rusya, \u0130ran\u2019da 2 N\u00fckleer Santral Kurmaya Haz\u0131rlan\u0131yor"},"content":{"rendered":"<p class=\"qtranxs-available-languages-message qtranxs-available-languages-message-en\">Sorry, this entry is only available in <a href=\"https:\/\/www.enerjigazetesi.ist\/tr\/wp-json\/wp\/v2\/posts\/63548\" class=\"qtranxs-available-language-link qtranxs-available-language-link-tr\" title=\"Turkish\">Turkish<\/a>. For the sake of viewer convenience, the content is shown below in the alternative language. You may click the link to switch the active language.<\/p><p><\/p>\n<p style=\"color: #0a0a0a;\"><strong>Rusya, \u0130ran\u2019da 2 n\u00fckleer santral kurma haz\u0131rl\u0131klar\u0131na ba\u015flad\u0131.<a href=\"https:\/\/www.enerjigazetesi.ist\/wp-content\/uploads\/2015\/12\/istanbul-nukleer-santraller-zirvesi-8-9-martta-duzenlenecek.jpg\"><img loading=\"lazy\" class=\"alignright  wp-image-48194\" src=\"https:\/\/www.enerjigazetesi.ist\/wp-content\/uploads\/2015\/12\/istanbul-nukleer-santraller-zirvesi-8-9-martta-duzenlenecek-300x165.jpg\" alt=\"nukleer-santraller\" width=\"300\" height=\"177\" \/><\/a><\/strong><\/p>\n<p style=\"color: #0a0a0a;\"><span id=\"more-90708\"><\/span>\u0130ran Enerji Bakan\u0131 Hamid Chitchian, Rus uzmanlar\u0131n Atomic Energy Organization of \u0130ran\u2019\u0131n (AEOI), \u00fclkenin g\u00fcneyindeki Bushehr kentinde 2 yeni n\u00fckleer enerji santrali kurulmas\u0131na destek olacaklar\u0131n\u0131\u00a0ifade etti.<\/p>\n<p style=\"color: #0a0a0a;\">AEOI ile Rusya aras\u0131nda imzalanan anla\u015fma ile iki adet 1.000 megawatt n\u00fckleer enerji santrali kurulaca\u011f\u0131 a\u00e7\u0131kland\u0131. Bakan Chitchian, Rusya ile 1.400 MW kapasiteli \u00fc\u00e7\u00fcnc\u00fc bir ortak elektrik santralinin in\u015fas\u0131na zaten ba\u015flad\u0131\u011f\u0131n\u0131 da\u00a0belirtti.<\/p>\n<p><\/p>","protected":false},"excerpt":{"rendered":"<p>Sorry, this entry is only available in Turkish. For the sake of viewer convenience, the content is shown below in the alternative language. You may click the link to switch the active language. Rusya, \u0130ran\u2019da 2 n\u00fckleer santral kurma haz\u0131rl\u0131klar\u0131na ba\u015flad\u0131. \u0130ran Enerji Bakan\u0131 Hamid Chitchian, Rus uzmanlar\u0131n Atomic Energy Organization of \u0130ran\u2019\u0131n (AEOI), \u00fclkenin [&hellip;]<\/p>\n","protected":false},"author":1,"featured_media":51491,"comment_status":"open","ping_status":"open","sticky":false,"template":"","format":"standard","meta":[],"categories":[53,43],"tags":[33850,63,67,1009,2698,165,1333,71,21,25480,23614,88,2973,885],"views":622,"_links":{"self":[{"href":"https:\/\/www.enerjigazetesi.ist\/en\/wp-json\/wp\/v2\/posts\/63548"}],"collection":[{"href":"https:\/\/www.enerjigazetesi.ist\/en\/wp-json\/wp\/v2\/posts"}],"about":[{"href":"https:\/\/www.enerjigazetesi.ist\/en\/wp-json\/wp\/v2\/types\/post"}],"author":[{"embeddable":true,"href":"https:\/\/www.enerjigazetesi.ist\/en\/wp-json\/wp\/v2\/users\/1"}],"replies":[{"embeddable":true,"href":"https:\/\/www.enerjigazetesi.ist\/en\/wp-json\/wp\/v2\/comments?post=63548"}],"version-history":[{"count":1,"href":"https:\/\/www.enerjigazetesi.ist\/en\/wp-json\/wp\/v2\/posts\/63548\/revisions"}],"predecessor-version":[{"id":63549,"href":"https:\/\/www.enerjigazetesi.ist\/en\/wp-json\/wp\/v2\/posts\/63548\/revisions\/63549"}],"wp:featuredmedia":[{"embeddable":true,"href":"https:\/\/www.enerjigazetesi.ist\/en\/wp-json\/wp\/v2\/media\/51491"}],"wp:attachment":[{"href":"https:\/\/www.enerjigazetesi.ist\/en\/wp-json\/wp\/v2\/media?parent=63548"}],"wp:term":[{"taxonomy":"category","embeddable":true,"href":"https:\/\/www.enerjigazetesi.ist\/en\/wp-json\/wp\/v2\/categories?post=63548"},{"taxonomy":"post_tag","embeddable":true,"href":"https:\/\/www.enerjigazetesi.ist\/en\/wp-json\/wp\/v2\/tags?post=63548"}],"curies":[{"name":"wp","href":"https:\/\/api.w.org\/{rel}","templated":true}]}}