{"id":63526,"date":"2017-04-21T12:49:31","date_gmt":"2017-04-21T09:49:31","guid":{"rendered":"https:\/\/www.enerjigazetesi.ist\/?p=63526"},"modified":"2017-04-21T12:49:31","modified_gmt":"2017-04-21T09:49:31","slug":"inform-gunes-enerjisi-cozumlerini-solarex-fuarinda-tanitti","status":"publish","type":"post","link":"https:\/\/www.enerjigazetesi.ist\/en\/inform-gunes-enerjisi-cozumlerini-solarex-fuarinda-tanitti\/","title":{"rendered":"(Turkish) \u0130nform, G\u00fcne\u015f Enerjisi \u00c7\u00f6z\u00fcmlerini Solarex Fuar\u0131\u2019nda Tan\u0131tt\u0131"},"content":{"rendered":"<p class=\"qtranxs-available-languages-message qtranxs-available-languages-message-en\">Sorry, this entry is only available in <a href=\"https:\/\/www.enerjigazetesi.ist\/tr\/wp-json\/wp\/v2\/posts\/63526\" class=\"qtranxs-available-language-link qtranxs-available-language-link-tr\" title=\"Turkish\">Turkish<\/a>. For the sake of viewer convenience, the content is shown below in the alternative language. You may click the link to switch the active language.<\/p><p><strong>\u0130nform, 6-8 Nisan 2017 tarihlerinde ger\u00e7ekle\u015fen Solarex \u0130stanbul G\u00fcne\u015f Enerjileri ve Teknolojileri Fuar\u0131\u2019nda sergiledi\u011fi g\u00fcne\u015f enerjisi \u00e7\u00f6z\u00fcmleriyle ziyaret\u00e7ilerden tam not ald\u0131.<\/strong><\/p>\n<p>T\u00fcrkiye\u2019de g\u00fcne\u015f enerjisinden elek<a href=\"https:\/\/www.enerjigazetesi.ist\/wp-content\/uploads\/2017\/04\/inform-gunes-enerjisi-cozumlerini-solarex-fuarinda-tanitti.jpg\"><img loading=\"lazy\" class=\"alignleft size-medium wp-image-63527\" src=\"https:\/\/www.enerjigazetesi.ist\/wp-content\/uploads\/2017\/04\/inform-gunes-enerjisi-cozumlerini-solarex-fuarinda-tanitti-300x199.jpg\" alt=\"inform-gunes-enerjisi-cozumlerini-solarex-fuarinda-tanitti\" width=\"300\" height=\"199\" srcset=\"https:\/\/www.enerjigazetesi.ist\/wp-content\/uploads\/2017\/04\/inform-gunes-enerjisi-cozumlerini-solarex-fuarinda-tanitti-300x199.jpg 300w, https:\/\/www.enerjigazetesi.ist\/wp-content\/uploads\/2017\/04\/inform-gunes-enerjisi-cozumlerini-solarex-fuarinda-tanitti-75x50.jpg 75w, https:\/\/www.enerjigazetesi.ist\/wp-content\/uploads\/2017\/04\/inform-gunes-enerjisi-cozumlerini-solarex-fuarinda-tanitti.jpg 450w\" sizes=\"(max-width: 300px) 100vw, 300px\" \/><\/a>trik \u00fcretimine y\u00f6nelik projeleriyle sekt\u00f6re \u00f6nc\u00fcl\u00fck eden <strong>\u0130nform<\/strong>, T\u00fcrkiye\u2019nin Avrupa s\u0131n\u0131rlar\u0131ndaki en g\u00fcne\u015fli \u00fclke olmas\u0131 bilinciyle GES projelerindeki potansiyelini g\u00fcne\u015f enerjisi \u00e7\u00f6z\u00fcmleriyle bulu\u015fturuyor. 1980 y\u0131l\u0131nda kurulan ve 2010 y\u0131l\u0131nda Legrand Grubu b\u00fcnyesine kat\u0131lan \u0130nform,yenilenebilir enerji alan\u0131nda 2008 y\u0131l\u0131nda ba\u015flad\u0131\u011f\u0131 faaliyetlerine; g\u00fc\u00e7 elektroni\u011fi konusunda sahip oldu\u011fu 37 y\u0131ll\u0131k bilgi birikimi ve deneyimi bu alana da aktararak Anahtar Teslim M\u00fchendislik (EPC) firmas\u0131 olarak sekt\u00f6re \u00f6nc\u00fcl\u00fck ediyor.\u00d6te yandanyenilenebilir enerji alan\u0131ndaki faaliyetlerine ba\u015flad\u0131\u011f\u0131ndan bu yana 30 MW g\u00fcc\u00fcnde\u00a0Anahtar Teslimi G\u00fcne\u015f Enerjisi Santrali\u00a0projelerine imza atan \u0130nform, 2017\u2019de bu g\u00fcc\u00fc 50 MW\u2019 ye \u00e7\u0131kartmay\u0131 hedefliyor.<\/p>\n<p><strong>Teknik Tecr\u00fcbe ve Bak\u0131m<\/strong><\/p>\n<p>Sekt\u00f6rde markala\u015fm\u0131\u015f, d\u00fcnya \u00e7ap\u0131nda kendini ispatlam\u0131\u015f ve g\u00fcvenilir tedarik\u00e7ilerle \u00e7al\u0131\u015fan\u0130nform,T\u00fcrkiye\u2019nin 14 farkl\u0131 b\u00f6lgesindeki bayi a\u011f\u0131yla 7\/24 hizmet veriyor. G\u00fcne\u015f enerjisi santralinin kontrolleri, periyodik bak\u0131mlar\u0131, ar\u0131zalara an\u0131nda m\u00fcdahale, panel temizli\u011fi, performans \u00f6l\u00e7\u00fcmlerinin yan\u0131 s\u0131ra yedek par\u00e7a y\u00f6netimi gibi detayl\u0131 hizmetleri i\u015f ortaklar\u0131 i\u00e7in sa\u011flayan \u0130nform, t\u00fcm i\u015f s\u00fcre\u00e7lerini s\u00fcrd\u00fcr\u00fclebilirlik bak\u0131\u015f a\u00e7\u0131s\u0131yla ger\u00e7ekle\u015ftiriyor.<\/p>\n<p>Ayr\u0131nt\u0131l\u0131 bilgi i\u00e7in <a href=\"http:\/\/www.inform.com.tr\/\"><strong>www.inform.com.tr<\/strong><\/a> web sitesini ziyaret edebilirsiniz.<\/p>","protected":false},"excerpt":{"rendered":"<p>Sorry, this entry is only available in Turkish. For the sake of viewer convenience, the content is shown below in the alternative language. You may click the link to switch the active language.\u0130nform, 6-8 Nisan 2017 tarihlerinde ger\u00e7ekle\u015fen Solarex \u0130stanbul G\u00fcne\u015f Enerjileri ve Teknolojileri Fuar\u0131\u2019nda sergiledi\u011fi g\u00fcne\u015f enerjisi \u00e7\u00f6z\u00fcmleriyle ziyaret\u00e7ilerden tam not ald\u0131. T\u00fcrkiye\u2019de g\u00fcne\u015f [&hellip;]<\/p>\n","protected":false},"author":1,"featured_media":63527,"comment_status":"open","ping_status":"open","sticky":false,"template":"","format":"standard","meta":[],"categories":[53,49],"tags":[63,67,1009,2698,165,2326,227,13,2569,1876,23133,22975,4269],"views":880,"_links":{"self":[{"href":"https:\/\/www.enerjigazetesi.ist\/en\/wp-json\/wp\/v2\/posts\/63526"}],"collection":[{"href":"https:\/\/www.enerjigazetesi.ist\/en\/wp-json\/wp\/v2\/posts"}],"about":[{"href":"https:\/\/www.enerjigazetesi.ist\/en\/wp-json\/wp\/v2\/types\/post"}],"author":[{"embeddable":true,"href":"https:\/\/www.enerjigazetesi.ist\/en\/wp-json\/wp\/v2\/users\/1"}],"replies":[{"embeddable":true,"href":"https:\/\/www.enerjigazetesi.ist\/en\/wp-json\/wp\/v2\/comments?post=63526"}],"version-history":[{"count":1,"href":"https:\/\/www.enerjigazetesi.ist\/en\/wp-json\/wp\/v2\/posts\/63526\/revisions"}],"predecessor-version":[{"id":63528,"href":"https:\/\/www.enerjigazetesi.ist\/en\/wp-json\/wp\/v2\/posts\/63526\/revisions\/63528"}],"wp:featuredmedia":[{"embeddable":true,"href":"https:\/\/www.enerjigazetesi.ist\/en\/wp-json\/wp\/v2\/media\/63527"}],"wp:attachment":[{"href":"https:\/\/www.enerjigazetesi.ist\/en\/wp-json\/wp\/v2\/media?parent=63526"}],"wp:term":[{"taxonomy":"category","embeddable":true,"href":"https:\/\/www.enerjigazetesi.ist\/en\/wp-json\/wp\/v2\/categories?post=63526"},{"taxonomy":"post_tag","embeddable":true,"href":"https:\/\/www.enerjigazetesi.ist\/en\/wp-json\/wp\/v2\/tags?post=63526"}],"curies":[{"name":"wp","href":"https:\/\/api.w.org\/{rel}","templated":true}]}}