{"id":63479,"date":"2017-04-20T11:14:50","date_gmt":"2017-04-20T08:14:50","guid":{"rendered":"https:\/\/www.enerjigazetesi.ist\/?p=63479"},"modified":"2017-04-20T11:15:27","modified_gmt":"2017-04-20T08:15:27","slug":"izmirde-4-8-mwlik-biyogaz-tesisi-kurulacak","status":"publish","type":"post","link":"https:\/\/www.enerjigazetesi.ist\/en\/izmirde-4-8-mwlik-biyogaz-tesisi-kurulacak\/","title":{"rendered":"(Turkish) \u0130zmir&#8217;de 4.8 MW&#8217;l\u0131k Biyogaz Tesisi Kurulacak"},"content":{"rendered":"<p class=\"qtranxs-available-languages-message qtranxs-available-languages-message-en\">Sorry, this entry is only available in <a href=\"https:\/\/www.enerjigazetesi.ist\/tr\/wp-json\/wp\/v2\/posts\/63479\" class=\"qtranxs-available-language-link qtranxs-available-language-link-tr\" title=\"Turkish\">Turkish<\/a>. For the sake of viewer convenience, the content is shown below in the alternative language. You may click the link to switch the active language.<\/p><p><strong>Arf Bio Yenilenebilir E<a href=\"https:\/\/www.enerjigazetesi.ist\/wp-content\/uploads\/2013\/01\/biyogaz-tesisi.jpg\"><img loading=\"lazy\" class=\"alignleft  wp-image-4959\" src=\"https:\/\/www.enerjigazetesi.ist\/wp-content\/uploads\/2013\/01\/biyogaz-tesisi-300x224.jpg\" alt=\"biyogaz-tesisi\" width=\"300\" height=\"215\" \/><\/a>nerji \u00dcretim A.\u015e., \u0130zmir \u0130li, \u00d6demi\u015f \u0130l\u00e7esi, Bozcayaka Mevkiinde &#8220;Biyogaz Tesisi (4,8 MWe) ve Organik G\u00fcbre \u00dcretim Tesisi&#8221; kurmay\u0131 planlamaktad\u0131r.<\/strong><\/p>\n<p>Yat\u0131r\u0131m bedeli 39.342.856 TL olan proje ile\u00a0 ayr\u0131ca 125 ton\/g\u00fcn kapasiteli organik g\u00fcbre \u00fcretim tesisi de kurulacakt\u0131r. \u00dcretilen elektri\u011fin orta gerilim hatt\u0131na verilerek enterkonnekte a\u011fa ula\u015f\u0131m\u0131 sa\u011flanacakt\u0131r.<\/p>\n<p>\u00c7evresel Etki De\u011ferlendirmesi Raporu ( \u00c7ED ) 10 (on) g\u00fcn halk\u0131n g\u00f6r\u00fc\u015f\u00fcne sunuldu. G\u00f6r\u00fc\u015f ve \u00f6neriler i\u00e7in bu s\u00fcre\u00e7 kapsam\u0131nda \u0130ZM\u0130R \u00c7evre ve \u015eehircilik \u0130l M\u00fcd\u00fcrl\u00fcklerine veya \u00c7evre ve \u015eehircilik Bakanl\u0131\u011f\u0131&#8217;na m\u00fcracaat edilecektir.<\/p>","protected":false},"excerpt":{"rendered":"<p>Sorry, this entry is only available in Turkish. For the sake of viewer convenience, the content is shown below in the alternative language. You may click the link to switch the active language.Arf Bio Yenilenebilir Enerji \u00dcretim A.\u015e., \u0130zmir \u0130li, \u00d6demi\u015f \u0130l\u00e7esi, Bozcayaka Mevkiinde &#8220;Biyogaz Tesisi (4,8 MWe) ve Organik G\u00fcbre \u00dcretim Tesisi&#8221; kurmay\u0131 planlamaktad\u0131r. [&hellip;]<\/p>\n","protected":false},"author":1,"featured_media":4959,"comment_status":"open","ping_status":"open","sticky":false,"template":"","format":"standard","meta":[],"categories":[22893,53],"tags":[33836,640,68,63,67,1009,2698,165,2689,33837],"views":3033,"_links":{"self":[{"href":"https:\/\/www.enerjigazetesi.ist\/en\/wp-json\/wp\/v2\/posts\/63479"}],"collection":[{"href":"https:\/\/www.enerjigazetesi.ist\/en\/wp-json\/wp\/v2\/posts"}],"about":[{"href":"https:\/\/www.enerjigazetesi.ist\/en\/wp-json\/wp\/v2\/types\/post"}],"author":[{"embeddable":true,"href":"https:\/\/www.enerjigazetesi.ist\/en\/wp-json\/wp\/v2\/users\/1"}],"replies":[{"embeddable":true,"href":"https:\/\/www.enerjigazetesi.ist\/en\/wp-json\/wp\/v2\/comments?post=63479"}],"version-history":[{"count":2,"href":"https:\/\/www.enerjigazetesi.ist\/en\/wp-json\/wp\/v2\/posts\/63479\/revisions"}],"predecessor-version":[{"id":63481,"href":"https:\/\/www.enerjigazetesi.ist\/en\/wp-json\/wp\/v2\/posts\/63479\/revisions\/63481"}],"wp:featuredmedia":[{"embeddable":true,"href":"https:\/\/www.enerjigazetesi.ist\/en\/wp-json\/wp\/v2\/media\/4959"}],"wp:attachment":[{"href":"https:\/\/www.enerjigazetesi.ist\/en\/wp-json\/wp\/v2\/media?parent=63479"}],"wp:term":[{"taxonomy":"category","embeddable":true,"href":"https:\/\/www.enerjigazetesi.ist\/en\/wp-json\/wp\/v2\/categories?post=63479"},{"taxonomy":"post_tag","embeddable":true,"href":"https:\/\/www.enerjigazetesi.ist\/en\/wp-json\/wp\/v2\/tags?post=63479"}],"curies":[{"name":"wp","href":"https:\/\/api.w.org\/{rel}","templated":true}]}}