{"id":63467,"date":"2017-04-20T09:49:02","date_gmt":"2017-04-20T06:49:02","guid":{"rendered":"https:\/\/www.enerjigazetesi.ist\/?p=63467"},"modified":"2017-04-20T09:49:50","modified_gmt":"2017-04-20T06:49:50","slug":"cinde-enerji-tuketimi-gectigimiz-yila-gore-yuzde-79-oraninda-yukseldi","status":"publish","type":"post","link":"https:\/\/www.enerjigazetesi.ist\/en\/cinde-enerji-tuketimi-gectigimiz-yila-gore-yuzde-79-oraninda-yukseldi\/","title":{"rendered":"(Turkish) \u00c7in\u2019in Enerji T\u00fcketimi Ge\u00e7ti\u011fimiz Y\u0131la G\u00f6re Y\u00fczde 7,9 Oran\u0131nda Y\u00fckseldi"},"content":{"rendered":"<p class=\"qtranxs-available-languages-message qtranxs-available-languages-message-en\">Sorry, this entry is only available in <a href=\"https:\/\/www.enerjigazetesi.ist\/tr\/wp-json\/wp\/v2\/posts\/63467\" class=\"qtranxs-available-language-link qtranxs-available-language-link-tr\" title=\"Turkish\">Turkish<\/a>. For the sake of viewer convenience, the content is shown below in the alternative language. You may click the link to switch the active language.<\/p><p><\/p>\n<p style=\"color: #0a0a0a;\"><strong>\u00c7in\u2019de enerji t\u00fcketim<a href=\"https:\/\/www.enerjigazetesi.ist\/wp-content\/uploads\/2016\/03\/subatta-elektrik-tuketimi-dustu.jpg\"><img loading=\"lazy\" class=\"alignleft  wp-image-51233\" src=\"https:\/\/www.enerjigazetesi.ist\/wp-content\/uploads\/2016\/03\/subatta-elektrik-tuketimi-dustu.jpg\" alt=\"elektrik-tuketimi\" width=\"300\" height=\"193\" \/><\/a>i martta bir \u00f6nceki y\u0131la g\u00f6re y\u00fczde 7,9 art\u0131\u015f g\u00f6stererek 513,9 milyar kWh seviyesine y\u00fckseldi.<\/strong><\/p>\n<p style=\"color: #0a0a0a;\"><span id=\"more-90640\"><\/span>\u00c7in Ulusal Enerji \u0130daresi verilerine g\u00f6re, \u00fclkenin enerji t\u00fcketimi mart ay\u0131nda \u00f6nceki y\u0131la g\u00f6re y\u00fczde 7,9 art\u0131\u015f ile 513,9 milyar kWh\u2019a y\u00fckseldi. T\u00fcketim y\u0131l\u0131n ilk 3 ay\u0131nda ise y\u00fczde 6,9 art\u0131\u015f ile 1 trilyon 446,1 milyar kWh olarak olmu\u015ftur.<\/p>\n<p style=\"color: #0a0a0a;\">Mart&#8217;ta konutlarda enerji kullan\u0131m\u0131 y\u00fczde 1,4 art\u0131\u015f g\u00f6stererek 71,3 milyar kWh olurken, ocak-mart d\u00f6neminde ise y\u00fczde 2,8 art\u0131\u015f ile 216,8 milyar kWh enerji t\u00fcketimi ger\u00e7ekle\u015fti.<\/p>\n<p><\/p>","protected":false},"excerpt":{"rendered":"<p>Sorry, this entry is only available in Turkish. For the sake of viewer convenience, the content is shown below in the alternative language. You may click the link to switch the active language. \u00c7in\u2019de enerji t\u00fcketimi martta bir \u00f6nceki y\u0131la g\u00f6re y\u00fczde 7,9 art\u0131\u015f g\u00f6stererek 513,9 milyar kWh seviyesine y\u00fckseldi. \u00c7in Ulusal Enerji \u0130daresi verilerine [&hellip;]<\/p>\n","protected":false},"author":1,"featured_media":46353,"comment_status":"open","ping_status":"open","sticky":false,"template":"","format":"standard","meta":[],"categories":[51,53],"tags":[886,33830,68,61,19638,1451,2873,63,67,1009,2698,165,148],"views":976,"_links":{"self":[{"href":"https:\/\/www.enerjigazetesi.ist\/en\/wp-json\/wp\/v2\/posts\/63467"}],"collection":[{"href":"https:\/\/www.enerjigazetesi.ist\/en\/wp-json\/wp\/v2\/posts"}],"about":[{"href":"https:\/\/www.enerjigazetesi.ist\/en\/wp-json\/wp\/v2\/types\/post"}],"author":[{"embeddable":true,"href":"https:\/\/www.enerjigazetesi.ist\/en\/wp-json\/wp\/v2\/users\/1"}],"replies":[{"embeddable":true,"href":"https:\/\/www.enerjigazetesi.ist\/en\/wp-json\/wp\/v2\/comments?post=63467"}],"version-history":[{"count":2,"href":"https:\/\/www.enerjigazetesi.ist\/en\/wp-json\/wp\/v2\/posts\/63467\/revisions"}],"predecessor-version":[{"id":63469,"href":"https:\/\/www.enerjigazetesi.ist\/en\/wp-json\/wp\/v2\/posts\/63467\/revisions\/63469"}],"wp:featuredmedia":[{"embeddable":true,"href":"https:\/\/www.enerjigazetesi.ist\/en\/wp-json\/wp\/v2\/media\/46353"}],"wp:attachment":[{"href":"https:\/\/www.enerjigazetesi.ist\/en\/wp-json\/wp\/v2\/media?parent=63467"}],"wp:term":[{"taxonomy":"category","embeddable":true,"href":"https:\/\/www.enerjigazetesi.ist\/en\/wp-json\/wp\/v2\/categories?post=63467"},{"taxonomy":"post_tag","embeddable":true,"href":"https:\/\/www.enerjigazetesi.ist\/en\/wp-json\/wp\/v2\/tags?post=63467"}],"curies":[{"name":"wp","href":"https:\/\/api.w.org\/{rel}","templated":true}]}}