{"id":63455,"date":"2017-04-19T16:31:47","date_gmt":"2017-04-19T13:31:47","guid":{"rendered":"https:\/\/www.enerjigazetesi.ist\/?p=63455"},"modified":"2017-04-19T16:31:47","modified_gmt":"2017-04-19T13:31:47","slug":"akilli-sehirler-kongresinde-enerjisaya-odul","status":"publish","type":"post","link":"https:\/\/www.enerjigazetesi.ist\/en\/akilli-sehirler-kongresinde-enerjisaya-odul\/","title":{"rendered":"(Turkish) Ak\u0131ll\u0131 \u015eehirler Kongresi\u2019nde Enerjisa\u2019ya \u00d6d\u00fcl"},"content":{"rendered":"<p class=\"qtranxs-available-languages-message qtranxs-available-languages-message-en\">Sorry, this entry is only available in <a href=\"https:\/\/www.enerjigazetesi.ist\/tr\/wp-json\/wp\/v2\/posts\/63455\" class=\"qtranxs-available-language-link qtranxs-available-language-link-tr\" title=\"Turkish\">Turkish<\/a>. For the sake of viewer convenience, the content is shown below in the alternative language. You may click the link to switch the active language.<\/p><p><strong>5. Uluslararas\u0131 \u0130stanbul Ak\u0131ll\u0131 \u015eebekeler ve \u015eehirler Kongre ve Fuar\u0131\u2019nda sekt\u00f6re katk\u0131lar\u0131ndan dolay\u0131 Enerjisa\u2019ya \u00f6d\u00fcl verildi. \u00d6d\u00fcl\u00fc alan Enerjisa CEO\u2019su K\u0131van\u00e7 Zaimler, m\u00fc\u015fteri odakl\u0131 \u00e7al\u0131\u015fmay\u0131 s\u00fcrd\u00fcreceklerini s\u00f6yledi.<\/strong><\/p>\n<p>5. Uluslararas\u0131 \u0130stanbul Ak\u0131ll\u0131 \u015eebekeler ve \u015eehirler Kongre ve Fuar\u0131 (ICSG 2017), \u0130talya\u2019n\u0131n \u00fclke partnerli\u011finde \u0130stanbul Kongre Merkezi\u2019nde ba\u015flad\u0131. Zirvede, sekt\u00f6re katk\u0131lar\u0131ndan dolay\u0131 <strong>Enerjisa CEO\u2019su K\u0131van\u00e7 Zaimler<\/strong>\u2019e bir \u00f6d\u00fcl verildi. \u00d6d\u00fcl\u00fc <a href=\"https:\/\/www.enerjigazetesi.ist\/wp-content\/uploads\/2017\/04\/akilli-sehirler-kongresinde-enerjisaya-odul.jpg\"><img loading=\"lazy\" class=\"alignleft size-medium wp-image-63456\" src=\"https:\/\/www.enerjigazetesi.ist\/wp-content\/uploads\/2017\/04\/akilli-sehirler-kongresinde-enerjisaya-odul-300x225.jpg\" alt=\"akilli-sehirler-kongresinde-enerjisaya-odul\" width=\"300\" height=\"225\" srcset=\"https:\/\/www.enerjigazetesi.ist\/wp-content\/uploads\/2017\/04\/akilli-sehirler-kongresinde-enerjisaya-odul-300x225.jpg 300w, https:\/\/www.enerjigazetesi.ist\/wp-content\/uploads\/2017\/04\/akilli-sehirler-kongresinde-enerjisaya-odul-500x375.jpg 500w, https:\/\/www.enerjigazetesi.ist\/wp-content\/uploads\/2017\/04\/akilli-sehirler-kongresinde-enerjisaya-odul-66x50.jpg 66w, https:\/\/www.enerjigazetesi.ist\/wp-content\/uploads\/2017\/04\/akilli-sehirler-kongresinde-enerjisaya-odul.jpg 900w\" sizes=\"(max-width: 300px) 100vw, 300px\" \/><\/a>almaktan gurur duydu\u011funu belirten Zaimler, \u201cHer faaliyetimizde i\u015fimizin oda\u011f\u0131 m\u00fc\u015fterilerimiz. M\u00fc\u015fterilerimizin elektrik enerjisine y\u00f6nelik ihtiya\u00e7lar\u0131n\u0131 g\u00fcncel teknoloji ve inovatif \u00fcr\u00fcnlerle \u00e7\u00f6zebilmek i\u00e7in \u00e7al\u0131\u015f\u0131yoruz. \u00c7al\u0131\u015fmalar\u0131m\u0131z\u0131n bu \u00f6d\u00fclle ta\u00e7land\u0131r\u0131lmas\u0131 bizim i\u00e7in \u00e7ok de\u011ferli\u201d diye konu\u015ftu.<\/p>\n<p><strong>\u2018AKILLI \u015eEH\u0130RLER B\u00d6LGESEL \u0130HT\u0130YACA CEVAP VERMEL\u0130\u2019<\/strong><\/p>\n<p>30 farkl\u0131 \u00fclkeden heyetlerin kat\u0131ld\u0131\u011f\u0131 zirvede bir konu\u015fma yapan <strong>Enerjisa Da\u011f\u0131t\u0131m \u015eirketleri Genel M\u00fcd\u00fcr\u00fc ve ELDER Y\u00f6netim Kurulu \u00dcyesi Murat P\u0131nar<\/strong>, ak\u0131ll\u0131 \u015fehirlerin insan hayat\u0131nda yarataca\u011f\u0131 farka dikkat \u00e7ekerek mutlaka yerel ihtiya\u00e7 ve dinamiklere bak\u0131larak b\u00f6lge halk\u0131na \u00f6zel olarak geli\u015ftirilmesi gerekti\u011fini ifade etti. Enerjisa Da\u011f\u0131t\u0131m \u015eirketleri olarak T\u00fcrkiye\u2019deki ilk ak\u0131ll\u0131 \u015fehir uygulamas\u0131na \u201cKritik Altyap\u0131lar\u0131n Y\u00f6netimi Projesi (KR\u0130TA) ile Gaziantep\u2019te ba\u015flad\u0131klar\u0131n\u0131 an\u0131msatan P\u0131nar, 3.6 milyon liraya mal olacak projenin Haziran 2018\u2019de tamamlanaca\u011f\u0131n\u0131 s\u00f6yledi. Konu\u015fmas\u0131nda, KR\u0130TA\u2019n\u0131n \u00f6nemli ayaklar\u0131ndan biri olacak elektrikli ara\u00e7larla ilgili de bilgi veren P\u0131nar, s\u00f6zlerini \u015f\u00f6yle s\u00fcrd\u00fcrd\u00fc: \u201c2014 y\u0131l\u0131nda bu konuyla ilgili bir projeye ba\u015flad\u0131k ve \u015firketin ara\u00e7 park\u0131na 18 adet elektrikli BMW i3 otomobil ekleyerek iki y\u0131l boyunca kulland\u0131k. Uygulama sonucunda elektrikli ara\u00e7lar\u0131n 5-6 liral\u0131k enerjiyle 100 kilometre yol kat edebildi\u011fi ortaya \u00e7\u0131kt\u0131. Bu rakam, orta s\u0131n\u0131f bir benzinli ve motorinli arac\u0131n harcad\u0131\u011f\u0131 yak\u0131t\u0131n d\u00f6rtte birine, hatta daha alt\u0131na kar\u015f\u0131l\u0131k geliyor.\u201d<\/p>\n<p>P\u0131nar, kongrede yapt\u0131\u011f\u0131 konu\u015fmada Eurogia2020 Toplulu\u011fu\u2019nda y\u00f6netim kurulu \u00fcyeli\u011fine se\u00e7ildi\u011fini dile getirerek, \u00f6n\u00fcm\u00fczdeki d\u00f6nemde yurtd\u0131\u015f\u0131ndaki uygulamalar\u0131n T\u00fcrkiye\u2019ye ta\u015f\u0131nd\u0131\u011f\u0131n\u0131 da s\u00f6zlerine ekledi.<\/p>","protected":false},"excerpt":{"rendered":"<p>Sorry, this entry is only available in Turkish. For the sake of viewer convenience, the content is shown below in the alternative language. You may click the link to switch the active language.5. Uluslararas\u0131 \u0130stanbul Ak\u0131ll\u0131 \u015eebekeler ve \u015eehirler Kongre ve Fuar\u0131\u2019nda sekt\u00f6re katk\u0131lar\u0131ndan dolay\u0131 Enerjisa\u2019ya \u00f6d\u00fcl verildi. \u00d6d\u00fcl\u00fc alan Enerjisa CEO\u2019su K\u0131van\u00e7 Zaimler, m\u00fc\u015fteri [&hellip;]<\/p>\n","protected":false},"author":1,"featured_media":63456,"comment_status":"open","ping_status":"open","sticky":false,"template":"","format":"standard","meta":[],"categories":[53],"tags":[33800,63,67,1009,2698,165,422,21689,33828],"views":781,"_links":{"self":[{"href":"https:\/\/www.enerjigazetesi.ist\/en\/wp-json\/wp\/v2\/posts\/63455"}],"collection":[{"href":"https:\/\/www.enerjigazetesi.ist\/en\/wp-json\/wp\/v2\/posts"}],"about":[{"href":"https:\/\/www.enerjigazetesi.ist\/en\/wp-json\/wp\/v2\/types\/post"}],"author":[{"embeddable":true,"href":"https:\/\/www.enerjigazetesi.ist\/en\/wp-json\/wp\/v2\/users\/1"}],"replies":[{"embeddable":true,"href":"https:\/\/www.enerjigazetesi.ist\/en\/wp-json\/wp\/v2\/comments?post=63455"}],"version-history":[{"count":1,"href":"https:\/\/www.enerjigazetesi.ist\/en\/wp-json\/wp\/v2\/posts\/63455\/revisions"}],"predecessor-version":[{"id":63457,"href":"https:\/\/www.enerjigazetesi.ist\/en\/wp-json\/wp\/v2\/posts\/63455\/revisions\/63457"}],"wp:featuredmedia":[{"embeddable":true,"href":"https:\/\/www.enerjigazetesi.ist\/en\/wp-json\/wp\/v2\/media\/63456"}],"wp:attachment":[{"href":"https:\/\/www.enerjigazetesi.ist\/en\/wp-json\/wp\/v2\/media?parent=63455"}],"wp:term":[{"taxonomy":"category","embeddable":true,"href":"https:\/\/www.enerjigazetesi.ist\/en\/wp-json\/wp\/v2\/categories?post=63455"},{"taxonomy":"post_tag","embeddable":true,"href":"https:\/\/www.enerjigazetesi.ist\/en\/wp-json\/wp\/v2\/tags?post=63455"}],"curies":[{"name":"wp","href":"https:\/\/api.w.org\/{rel}","templated":true}]}}