{"id":63442,"date":"2017-04-19T14:35:39","date_gmt":"2017-04-19T11:35:39","guid":{"rendered":"https:\/\/www.enerjigazetesi.ist\/?p=63442"},"modified":"2017-04-19T14:41:10","modified_gmt":"2017-04-19T11:41:10","slug":"bogazici-universitesinden-cinli-girisimcilere-yenilenebilir-enerji-icin-davet","status":"publish","type":"post","link":"https:\/\/www.enerjigazetesi.ist\/en\/bogazici-universitesinden-cinli-girisimcilere-yenilenebilir-enerji-icin-davet\/","title":{"rendered":"(Turkish) Bo\u011fazi\u00e7i \u00dcniversitesi&#8217;nden \u00c7inli Giri\u015fimcileri Yenilenebilir Enerji&#8217;ye Davet"},"content":{"rendered":"<p class=\"qtranxs-available-languages-message qtranxs-available-languages-message-en\">Sorry, this entry is only available in <a href=\"https:\/\/www.enerjigazetesi.ist\/tr\/wp-json\/wp\/v2\/posts\/63442\" class=\"qtranxs-available-language-link qtranxs-available-language-link-tr\" title=\"Turkish\">Turkish<\/a>. For the sake of viewer convenience, the content is shown below in the alternative language. You may click the link to switch the active language.<\/p><p><strong>\u00c7in Halk Cumhuriyeti\u2019nde en \u00fcst d\u00fczeydeki kad\u0131n siyaset\u00e7i olan <\/strong><span class=\"s11\"><b>Ba\u015fbakan Yard\u0131mc\u0131s\u0131 <\/b><\/span><strong>Liu Yandong, <\/strong><span class=\"s11\"><b>Bo\u011fazi\u00e7i \u00dcniversitesi Rekt\u00f6r\u00fc Prof. Dr. Mehmed \u00d6zkan\u2019\u0131n ev sahipli\u011finde d\u00fczenlenen <\/b><\/span><strong>\u2019T\u00fcrkiye\u2019de Konf\u00fc\u00e7y\u00fcs Enstit\u00fcleri ve Sinoloji \u00c7al\u0131\u015fmalar\u0131 Konferans\u0131\u2019na kat\u0131ld\u0131<\/strong>. <strong>\u00c7in \u2013 T\u00fcrkiye e\u011fitim i\u015fbirli\u011fi \u00e7al\u0131\u015fmalar\u0131n\u0131n art\u0131r\u0131lmas\u0131 konusunun g\u00f6r\u00fc\u015f\u00fcld\u00fc\u011f\u00fc toplant\u0131da Bo\u011fazi\u00e7i \u00dcniversitesi Rekt\u00f6r\u00fc Prof. Dr. Mehmed \u00d6zkan, \u00c7inli giri\u015fimcileri yenilenebilir enerji alan\u0131nda \u00e7al\u0131\u015fmak \u00fczere \u00fcniversite b\u00fcnyesinde kurulacak Teknopark\u2019a davet etti. <\/strong><\/p>\n<p><span class=\"s11\">\u00c7in Halk Cumhuriyeti, e\u011fitim, k\u00fclt\u00fcr ve sa\u011fl\u0131ktan sorumlu Ba\u015fbakan Yard\u0131mc\u0131s\u0131 Liu Yandong<\/span> Bo\u011fazi\u00e7i \u00dcniversitesi\u2019nde 19 <a href=\"https:\/\/www.enerjigazetesi.ist\/wp-content\/uploads\/2017\/04\/bogazici-universitesi-cinli-girisimcileri-yenilenebilir-enerjiye-davet-etti.jpg\"><img loading=\"lazy\" class=\"alignright size-medium wp-image-63443\" src=\"https:\/\/www.enerjigazetesi.ist\/wp-content\/uploads\/2017\/04\/bogazici-universitesi-cinli-girisimcileri-yenilenebilir-enerjiye-davet-etti-300x199.jpg\" alt=\"bogazici-universitesi-cinli-girisimcileri-yenilenebilir-enerjiye-davet-etti\" width=\"300\" height=\"199\" srcset=\"https:\/\/www.enerjigazetesi.ist\/wp-content\/uploads\/2017\/04\/bogazici-universitesi-cinli-girisimcileri-yenilenebilir-enerjiye-davet-etti-300x199.jpg 300w, https:\/\/www.enerjigazetesi.ist\/wp-content\/uploads\/2017\/04\/bogazici-universitesi-cinli-girisimcileri-yenilenebilir-enerjiye-davet-etti-500x332.jpg 500w, https:\/\/www.enerjigazetesi.ist\/wp-content\/uploads\/2017\/04\/bogazici-universitesi-cinli-girisimcileri-yenilenebilir-enerjiye-davet-etti-75x50.jpg 75w, https:\/\/www.enerjigazetesi.ist\/wp-content\/uploads\/2017\/04\/bogazici-universitesi-cinli-girisimcileri-yenilenebilir-enerjiye-davet-etti.jpg 550w\" sizes=\"(max-width: 300px) 100vw, 300px\" \/><\/a>Nisan \u00c7ar\u015famba g\u00fcn\u00fc d\u00fczenlenen \u2018T\u00fcrkiye\u2019de Konf\u00fc\u00e7y\u00fcs Enstit\u00fcleri ve Sinoloji \u00c7al\u0131\u015fmalar\u0131 Konferans\u0131\u2019na kat\u0131ld\u0131.<\/p>\n<p>Liu Yandong\u2019un onur konu\u011fu oldu\u011fu ve Bo\u011fazi\u00e7i \u00dcniversitesi Rekt\u00f6r\u00fc Prof. Dr. Mehmed \u00d6zkan\u2019\u0131n ev sahipli\u011finde ger\u00e7ekle\u015fen konferansta, Konf\u00fc\u00e7y\u00fcs Enstit\u00fcs\u00fc\u2019n\u00fcn \u00c7inli ve T\u00fcrk direkt\u00f6rleri, T\u00fcrkiye\u2019de \u00c7in \u00fczerine ara\u015ft\u0131rmalar\u0131 bulunan akademisyenler, \u00c7ince ders veren T\u00fcrk \u00f6\u011fretmenler ve \u00f6\u011frenciler yer ald\u0131.<\/p>\n<p><strong>\u00c7in Halk Cumhuriyeti Ba\u015fbakan Yard\u0131mc\u0131s\u0131 Liu Yandong<\/strong>, toplant\u0131da yapt\u0131\u011f\u0131 konu\u015fmada, T\u00fcrkiye ile \u00c7in aras\u0131nda 2000 y\u0131l \u00f6ncesine dayanan \u0130pek Yolu ile kurulmu\u015f, ticari ve k\u00fclt\u00fcrel ili\u015fkiler bulundu\u011funu belirterek, \u2018\u2019Bir Ku\u015fak, Bir Yol\u201d adl\u0131 \u201cmodern \u0130pekyolu\u201d projesinin hayata ge\u00e7irilece\u011fini s\u00f6yledi ve \u015f\u00f6yle devam etti: \u201c<i>\u0130ki \u00fclke aras\u0131nda mesafeler \u00e7ok \u00fczerinde olmas\u0131na kar\u015f\u0131n \u00e7ok yak\u0131n bir ileti\u015fim i\u00e7inde. Ekonomik, sa\u011fl\u0131k, g\u00fcvenlik, enerji gibi konularda i\u015fbirli\u011fi s\u00fcr\u00fcyor. Son iki y\u0131lda <strong>\u00c7in Devlet Ba\u015fkan\u0131<\/strong> <strong>\u015ei Jinping<\/strong> ile <strong>Cumhurba\u015fkan\u0131 Recep Tayyip Erdo\u011fan<\/strong> \u00fc\u00e7 kez g\u00f6r\u00fc\u015ft\u00fc. May\u0131s ay\u0131nda yine g\u00f6r\u00fc\u015fecekler. Bu ne kadar yak\u0131n oldu\u011fumuzun g\u00f6stergesi. \u0130leti\u015fim ve i\u015f birli\u011finde dil \u00e7ok \u00f6nemlidir. Bu anlamda T\u00fcrkiye ile \u00c7in aras\u0131nda dil e\u011fitimi ve geli\u015ftirilmesi y\u00f6n\u00fcndeki \u00e7al\u0131\u015fmalar\u0131m\u0131z yo\u011fun bi\u00e7imde s\u00fcr\u00fcyor.<\/i><\/p>\n<p><span class=\"bumpedfont15\"><i>Bo\u011fazi\u00e7i \u00dcniversitesi ve \u015eangay \u00dcniversitesi\u2019nin ortakl\u0131\u011f\u0131yla 2010 y\u0131l\u0131nda kurulan Bo\u011fazi\u00e7i \u00dcniversitesi Konf\u00fc\u00e7y\u00fcs Enstit\u00fcs\u00fc, \u00c7ince e\u011fitimlerin yan\u0131 s\u0131ra k\u00fclt\u00fcrel ili\u015fkileri g\u00fc\u00e7lendirmek amac\u0131yla pek \u00e7ok akademik \u00e7al\u0131\u015fmaya da destek oluyor. <\/i><\/span><i>Bo\u011fazi\u00e7i \u00dcniversitesi\u2019nde yer alan Konf\u00fc\u00e7y\u00fcs Enstit\u00fcs\u00fc\u2019n\u00fcn \u00c7ince e\u011fitimi ve ara\u015ft\u0131rma \u00e7al\u0131\u015fmalar\u0131, \u00e7evirileri iki \u00fclke aras\u0131ndaki i\u015fbirli\u011fi i\u00e7inde \u00e7ok \u00f6nemli bir kazan\u0131m sa\u011fl\u0131yor. \u00dclkelerin kalk\u0131nmas\u0131na b\u00fcy\u00fck katk\u0131 yarat\u0131yor. Bo\u011fazi\u00e7i \u00dcniversitesi Konf\u00fc\u00e7y\u00fcs Enstit\u00fcs\u00fc T\u00fcrkiye\u2019deki en iyi enstit\u00fc. Bu enstit\u00fcye 2012 y\u0131l\u0131nda \u00f6d\u00fcl verdik. \u00c7ince e\u011fitimi geli\u015ftirmek i\u00e7in bu yaz 100 \u00f6\u011frenciyi daha \u00c7in\u2019de yaz okuluna davet ediyoruz<\/i>\u201d dedi.<\/p>\n<p><strong>Bo\u011fazi\u00e7i \u00dcniversitesi Rekt\u00f6r\u00fc Prof. Dr. Mehmed \u00d6zkan <\/strong><span class=\"bumpedfont15\">ise Konf\u00fc\u00e7y\u00fcs Enstit\u00fcs\u00fc\u2019ndeki akademik ara\u015ft\u0131rmalar\u0131n T\u00fcrkiye ve \u00c7in aras\u0131ndaki k\u00fclt\u00fcrel ili\u015fkilere \u00e7ok \u00f6nemli katk\u0131larda bulundu\u011funu vurgulayarak \u015funlar\u0131 s\u00f6yledi: <\/span><\/p>\n<p><span class=\"bumpedfont15\"><i>&#8220;Bo\u011fazi\u00e7i \u00dcniversitesi, <\/i><\/span><i>\u0130stanbul\u2019da \u00c7ince \u00f6\u011frenme ihtiyac\u0131n\u0131 kar\u015f\u0131lamak \u00fczere 2010 y\u0131l\u0131nda kurdu\u011fu Bo\u011fazi\u00e7i \u00dcniversitesi Konf\u00fc\u00e7y\u00fcs Enstit\u00fcs\u00fc ile \u00c7ince e\u011fitimin yan\u0131 s\u0131ra yapt\u0131\u011f\u0131 akademik \u00e7al\u0131\u015fmalar ve k\u00fclt\u00fcr al\u0131\u015fveri\u015fiyle yedi y\u0131l\u0131 geride b\u0131rakm\u0131\u015ft\u0131r. Bu s\u00fcre i\u00e7inde Konf\u00fc\u00e7y\u00fcs Enstit\u00fcs\u00fc Merkez B\u00fcrosu \/ Hanban taraf\u0131ndan \u201c2012 Y\u0131l\u0131 Konf\u00fc\u00e7y\u00fcs Enstit\u00fcs\u00fc\u201d \u00f6d\u00fcl\u00fcn\u00fc kazanan Bo\u011fazi\u00e7i \u00dcniversitesi Konf\u00fc\u00e7y\u00fcs Enstit\u00fcs\u00fc, k\u00fclt\u00fcr al\u0131\u015fveri\u015fi alan\u0131nda d\u00fczenleyici ve destekleyici olarak di\u011fer kurumlarla da \u00e7e\u015fitli faaliyetler y\u00fcr\u00fctm\u00fc\u015ft\u00fcr. <\/i><\/p>\n<p><span class=\"bumpedfont15\"><i>Bo\u011fazi\u00e7i \u00dcniversitesi ve \u015eangay \u00dcniversitesi ortakl\u0131\u011f\u0131yla y\u00f6netilen Enstit\u00fc\u2019de akademik faaliyetler ve di\u011fer \u00fcniversiteler ile e\u011fitim \u00e7al\u0131\u015fmalar\u0131 tek merkezden y\u00fcr\u00fct\u00fclerek, iki \u00fclke aras\u0131nda i\u015fbirli\u011fi \u00e7al\u0131\u015fmalar\u0131m\u0131z artarak s\u00fcrecektir.<\/i><\/span><\/p>\n<p><span class=\"bumpedfont15\"><i>\u00c7in ile T\u00fcrkiye aras\u0131ndaki anla\u015fmalar \u00e7er\u00e7evesinde Ar-Ge \u00e7al\u0131\u015fmalar\u0131 yapmam\u0131z m\u00fcmk\u00fcn. Bo\u011fazi\u00e7i \u00dcniversitesi\u2019nde yenilenebilir enerji \u00fczerine bir teknopark giri\u015fimi ba\u015flatt\u0131k. 20 d\u00f6n\u00fcm \u00fczerinde olacak bu teknoparkta enerji konusunda ortak ara\u015ft\u0131rmalar yapabiliriz. \u00c7inli giri\u015fimcileri yenilenebilir enerji i\u00e7in Bo\u011fazi\u00e7i \u00dcniversitesi\u2019nde bu teknoparka davet ediyoruz\u201d dedi.<\/i><\/span><\/p>\n<p>Konf\u00fc\u00e7yus Enstit\u00fcs\u00fc Merkez B\u00fcrosu \/Hanban taraf\u0131ndan <strong>\u201c2012 Y\u0131l\u0131 Konf\u00fc\u00e7yus Enstit\u00fcs\u00fc\u201d<\/strong> \u00f6d\u00fcl\u00fcne lay\u0131k g\u00f6r\u00fclen Bo\u011fazi\u00e7i \u00dcniversitesi Konf\u00fc\u00e7yus Enstit\u00fcs\u00fc\u2019n\u00fcn y\u00f6netimi; Bo\u011fazi\u00e7i \u00dcniversitesi ve Shanghai \u00dcniversitesi ortakl\u0131\u011f\u0131yla ge\u00e7ekle\u015ftiriliyor. Her iki taraf, bir ba\u015fkan ve \u00fc\u00e7 dan\u0131\u015fman se\u00e7ip y\u00f6netim kurulunu olu\u015fturuyor.<\/p>\n<p><strong>Prof. Sel\u00e7uk Esenbel,<\/strong> 2008-2013 y\u0131llar\u0131 aras\u0131nda Bo\u011fazi\u00e7i \u00dcniversitesi Konf\u00fc\u00e7yus Enstit\u00fcs\u00fc T\u00fcrk Direkt\u00f6rl\u00fc\u011f\u00fc g\u00f6revinde bulundu. <strong>Dr. Lan Ni<\/strong> 2009-2011 y\u0131llar\u0131 aras\u0131nda ve <strong>Dr. Fuguang Miao<\/strong> ise 2011-2013 y\u0131llar\u0131 aras\u0131nda Bo\u011fazi\u00e7i \u00dcniversitesi Konf\u00fc\u00e7yus Enstit\u00fcs\u00fc direkt\u00f6rl\u00fc\u011f\u00fc g\u00f6revini yapt\u0131. Eyl\u00fcl 2013 tarihinden itibaren ise <strong>Prof. Arzu \u00d6zt\u00fcrkmen<\/strong> T\u00fcrk Direkt\u00f6r olarak, <strong>Dr. Yi Liu<\/strong> \u00c7inli Direkt\u00f6r olarak g\u00f6revlerini s\u00fcrd\u00fcr\u00fcyor.<\/p>\n<p>Bo\u011fazi\u00e7i \u00dcniversitesi Konf\u00fc\u00e7y\u00fcs Enstit\u00fcs\u00fc&#8217;nde \u00c7ince e\u011fitim alan\u0131nda Bo\u011fazi\u00e7i \u00dcniversitesi \u00f6\u011frencileri i\u00e7in ba\u015flang\u0131\u00e7, orta ve ileri farkl\u0131 d\u00fczey se\u00e7meli \u00c7ince dersleri a\u00e7\u0131l\u0131yor. Ayr\u0131ca, Bo\u011fazi\u00e7i \u00dcniversitesi \u00e7al\u0131\u015fanlar\u0131 i\u00e7in \u00c7in Dili ve K\u00fclt\u00fcr\u00fc kursu, ba\u015flang\u0131\u00e7 d\u00fczeyinden ileri d\u00fczeye kadar Taiji kursu, Kaligrafi(\u00c7in yaz\u0131 sanat\u0131) kursu, \u00c7in Yeme\u011fi kursu, \u00c7in \u015fark\u0131lar\u0131 kurslar\u0131 mevcut. <span class=\"s15\">Enstit\u00fcde iki \u00fclke k\u00fclt\u00fcr\u00fc aras\u0131ndaki al\u0131\u015fveri\u015f \u00e7al\u0131\u015fmalar\u0131 \u00e7er\u00e7evesinde \u00c7in Spring Festivali kutlamas\u0131, \u00c7in-T\u00fcrkiye Yazar\u0131 Forumu, Ningxia Kaya Sergisi, \u00c7in Kaligrafi Sergisi, \u00c7in Film Haftas\u0131, \u00c7in M\u00fczi\u011fi Konseri vb. \u00e7e\u015fitli faaliyetler yap\u0131l\u0131yor.<\/span><\/p>\n<p><span class=\"s15\">Bo\u011fazi\u00e7i \u00dcniversitesi Konf\u00fc\u00e7y\u00fcs Enstit\u00fcs\u00fc di\u011fer ilgili okullar ve kurumlar ile de ileti\u015fim ve i\u015f birli\u011fi i\u00e7erisinde bulunuyor. Bug\u00fcne kadar Ko\u00e7 \u00dcniversitesi, Sabanc\u0131 \u00dcniversitesi, Do\u011fu\u015f \u00dcniversitesi, Erciyes \u00dcniversitesi, Heybeliada Anadolu Lisesi ile i\u015fbirli\u011fine gidildi. <\/span><\/p>\n<p>Bo\u011fazi\u00e7i \u00dcniversitesi ayn\u0131 \u00e7al\u0131\u015fmalar paralelinde Enstit\u00fc\u2019de partner olarak \u00e7al\u0131\u015ft\u0131\u011f\u0131 \u015eangay \u00dcniversitesi ile de kar\u015f\u0131l\u0131kl\u0131 \u00f6\u011frenci de\u011fi\u015fim program\u0131 uyguluyor. Bu kapsamda her sene \u015eangay \u00dcniversitesi\u2019nden \u00f6\u011frenci ve misafir ara\u015ft\u0131rmac\u0131 Bo\u011fazi\u00e7i\u2019nde a\u011f\u0131rlan\u0131yor ve Bo\u011fazi\u00e7i \u00dcniversitesi\u2019nde \u00f6\u011frenciler \u015eangay \u00dcniversitesi\u2019ne gidiyor. Enstit\u00fc\u2019de \u015fimdiye kadar <strong>1.350 \u00f6\u011frenci<\/strong> \u00c7ince e\u011fitimi ald\u0131.<\/p>","protected":false},"excerpt":{"rendered":"<p>Sorry, this entry is only available in Turkish. For the sake of viewer convenience, the content is shown below in the alternative language. You may click the link to switch the active language.\u00c7in Halk Cumhuriyeti\u2019nde en \u00fcst d\u00fczeydeki kad\u0131n siyaset\u00e7i olan Ba\u015fbakan Yard\u0131mc\u0131s\u0131 Liu Yandong, Bo\u011fazi\u00e7i \u00dcniversitesi Rekt\u00f6r\u00fc Prof. Dr. Mehmed \u00d6zkan\u2019\u0131n ev sahipli\u011finde d\u00fczenlenen [&hellip;]<\/p>\n","protected":false},"author":1,"featured_media":63443,"comment_status":"open","ping_status":"open","sticky":false,"template":"","format":"standard","meta":[],"categories":[53,49,50],"tags":[886,63,67,1009,2698,165,33827,105],"views":750,"_links":{"self":[{"href":"https:\/\/www.enerjigazetesi.ist\/en\/wp-json\/wp\/v2\/posts\/63442"}],"collection":[{"href":"https:\/\/www.enerjigazetesi.ist\/en\/wp-json\/wp\/v2\/posts"}],"about":[{"href":"https:\/\/www.enerjigazetesi.ist\/en\/wp-json\/wp\/v2\/types\/post"}],"author":[{"embeddable":true,"href":"https:\/\/www.enerjigazetesi.ist\/en\/wp-json\/wp\/v2\/users\/1"}],"replies":[{"embeddable":true,"href":"https:\/\/www.enerjigazetesi.ist\/en\/wp-json\/wp\/v2\/comments?post=63442"}],"version-history":[{"count":7,"href":"https:\/\/www.enerjigazetesi.ist\/en\/wp-json\/wp\/v2\/posts\/63442\/revisions"}],"predecessor-version":[{"id":63450,"href":"https:\/\/www.enerjigazetesi.ist\/en\/wp-json\/wp\/v2\/posts\/63442\/revisions\/63450"}],"wp:featuredmedia":[{"embeddable":true,"href":"https:\/\/www.enerjigazetesi.ist\/en\/wp-json\/wp\/v2\/media\/63443"}],"wp:attachment":[{"href":"https:\/\/www.enerjigazetesi.ist\/en\/wp-json\/wp\/v2\/media?parent=63442"}],"wp:term":[{"taxonomy":"category","embeddable":true,"href":"https:\/\/www.enerjigazetesi.ist\/en\/wp-json\/wp\/v2\/categories?post=63442"},{"taxonomy":"post_tag","embeddable":true,"href":"https:\/\/www.enerjigazetesi.ist\/en\/wp-json\/wp\/v2\/tags?post=63442"}],"curies":[{"name":"wp","href":"https:\/\/api.w.org\/{rel}","templated":true}]}}