{"id":63422,"date":"2017-04-19T10:20:56","date_gmt":"2017-04-19T07:20:56","guid":{"rendered":"https:\/\/www.enerjigazetesi.ist\/?p=63422"},"modified":"2017-04-19T10:21:20","modified_gmt":"2017-04-19T07:21:20","slug":"5-inci-uluslararasi-istanbul-akilli-sebekeler-ve-sehirler-kongresi-icsg-2017-bugun-basladi","status":"publish","type":"post","link":"https:\/\/www.enerjigazetesi.ist\/en\/5-inci-uluslararasi-istanbul-akilli-sebekeler-ve-sehirler-kongresi-icsg-2017-bugun-basladi\/","title":{"rendered":"(Turkish) ICSG 2017 Kongre ve Fuar\u0131 Bug\u00fcn Ba\u015flad\u0131"},"content":{"rendered":"<p class=\"qtranxs-available-languages-message qtranxs-available-languages-message-en\">Sorry, this entry is only available in <a href=\"https:\/\/www.enerjigazetesi.ist\/tr\/wp-json\/wp\/v2\/posts\/63422\" class=\"qtranxs-available-language-link qtranxs-available-language-link-tr\" title=\"Turkish\">Turkish<\/a>. For the sake of viewer convenience, the content is shown below in the alternative language. You may click the link to switch the active language.<\/p><p><\/p>\n<p style=\"color: #0a0a0a;\"><strong>Ak\u0131ll\u0131 \u015febeke uygulamas\u0131na ge\u00e7i\u015f a\u015famas\u0131ndaki T\u00fcrkiye\u2019de, enerjiyi kullanan, \u00fcreten ve da\u011f\u0131tan taraflar; enerjinin verimli, kay\u0131ps\u0131z ve rasyonel kullan\u0131m\u0131 i\u00e7in \u00e7\u00f6z\u00fcmler aran\u0131yor. 35 milyon su, 35 milyon elektrik ve 10 milyon do\u011falgaz abonesi bulunan ve 80 milyon n\u00fcfusa sahip T\u00fcrkiye\u2019de, \u015fuan bir\u00e7ok elektrik da\u011f\u0131t\u0131m \u015firketi bu d\u00f6n\u00fc\u015f\u00fcm i\u00e7erisine girmi\u015f durumdad\u0131r. T\u00fcrkiye\u2019 de ger\u00e7ekle\u015ftirilecek olan fuar, sekt\u00f6r\u00fcn yerli ve yabanc\u0131 bir\u00e7ok temsilcisini bir araya getirmektedir.<a href=\"https:\/\/www.enerjigazetesi.ist\/wp-content\/uploads\/2016\/12\/icsg-ile-turkiye-ve-italya-enerjisini-birlestiriyor.jpg\"><img loading=\"lazy\" class=\"alignright size-medium wp-image-60115\" src=\"https:\/\/www.enerjigazetesi.ist\/wp-content\/uploads\/2016\/12\/icsg-ile-turkiye-ve-italya-enerjisini-birlestiriyor-300x199.jpg\" alt=\"icsg-ile-turkiye-ve-italya-enerjisini-birlestiriyor\" width=\"300\" height=\"199\" srcset=\"https:\/\/www.enerjigazetesi.ist\/wp-content\/uploads\/2016\/12\/icsg-ile-turkiye-ve-italya-enerjisini-birlestiriyor-300x199.jpg 300w, https:\/\/www.enerjigazetesi.ist\/wp-content\/uploads\/2016\/12\/icsg-ile-turkiye-ve-italya-enerjisini-birlestiriyor-500x332.jpg 500w, https:\/\/www.enerjigazetesi.ist\/wp-content\/uploads\/2016\/12\/icsg-ile-turkiye-ve-italya-enerjisini-birlestiriyor-75x50.jpg 75w, https:\/\/www.enerjigazetesi.ist\/wp-content\/uploads\/2016\/12\/icsg-ile-turkiye-ve-italya-enerjisini-birlestiriyor.jpg 772w\" sizes=\"(max-width: 300px) 100vw, 300px\" \/><\/a><\/strong><\/p>\n<p style=\"color: #0a0a0a;\">T\u00fcrkiye\u2019nin i\u00e7inde bulundu\u011fu ge\u00e7i\u015f s\u00fcrecinde d\u00fczenlenen bu kongre; kat\u0131l\u0131mc\u0131lar\u0131n b\u00fct\u00fcn payda\u015flar ile bir arada olmas\u0131, sorular\u0131na cevap bulmas\u0131, ak\u0131ll\u0131 \u015febekeler hakk\u0131ndaki son yenilikleri \u00f6\u011frenmesi, \u00f6rnek uygulamalar\u0131 g\u00f6rmesi ve yat\u0131r\u0131m stratejilerini belirlemesi i\u00e7in uluslararas\u0131 bir platform meydana getirecektir.<\/p>\n<p style=\"color: #0a0a0a;\">\u0130talya\u2019n\u0131n \u00fclke partneri oldu\u011fu ICSG 2017 Fuar\u0131\u2019nda, Torino Politecnico \u00dcniversitesi ile Y\u0131ld\u0131z Teknik \u00dcniversitesi akademik uzmanlar\u0131yla \u0130talya Paneli d\u00fczenlenecektir. Panel ile\u00a0iki \u00fcniversitedeki uzmanlar\u0131n elektrik da\u011f\u0131t\u0131m\u0131n\u0131n ak\u0131ll\u0131 \u015febeke modellemesi, evde elektrik \u00fcretebilen ve bu elektri\u011fi \u015febekeye verebilen abonelerinin katk\u0131lar\u0131, ak\u0131ll\u0131 evlerin ak\u0131ll\u0131 \u015febekelerdeki rol\u00fc ve ak\u0131ll\u0131 \u015febekelerde darbant haberle\u015fme ve di\u011fer bir\u00e7ok alanda yap\u0131lan \u00e7al\u0131\u015fmalar anlat\u0131lacakt\u0131r.<\/p>\n<p><\/p>","protected":false},"excerpt":{"rendered":"<p>Sorry, this entry is only available in Turkish. For the sake of viewer convenience, the content is shown below in the alternative language. You may click the link to switch the active language. Ak\u0131ll\u0131 \u015febeke uygulamas\u0131na ge\u00e7i\u015f a\u015famas\u0131ndaki T\u00fcrkiye\u2019de, enerjiyi kullanan, \u00fcreten ve da\u011f\u0131tan taraflar; enerjinin verimli, kay\u0131ps\u0131z ve rasyonel kullan\u0131m\u0131 i\u00e7in \u00e7\u00f6z\u00fcmler aran\u0131yor. 35 [&hellip;]<\/p>\n","protected":false},"author":1,"featured_media":60115,"comment_status":"open","ping_status":"open","sticky":false,"template":"","format":"standard","meta":[],"categories":[53],"tags":[33821,68,63,67,1009,2698,165,12,32725,33822,31811,29436,33823],"views":749,"_links":{"self":[{"href":"https:\/\/www.enerjigazetesi.ist\/en\/wp-json\/wp\/v2\/posts\/63422"}],"collection":[{"href":"https:\/\/www.enerjigazetesi.ist\/en\/wp-json\/wp\/v2\/posts"}],"about":[{"href":"https:\/\/www.enerjigazetesi.ist\/en\/wp-json\/wp\/v2\/types\/post"}],"author":[{"embeddable":true,"href":"https:\/\/www.enerjigazetesi.ist\/en\/wp-json\/wp\/v2\/users\/1"}],"replies":[{"embeddable":true,"href":"https:\/\/www.enerjigazetesi.ist\/en\/wp-json\/wp\/v2\/comments?post=63422"}],"version-history":[{"count":2,"href":"https:\/\/www.enerjigazetesi.ist\/en\/wp-json\/wp\/v2\/posts\/63422\/revisions"}],"predecessor-version":[{"id":63424,"href":"https:\/\/www.enerjigazetesi.ist\/en\/wp-json\/wp\/v2\/posts\/63422\/revisions\/63424"}],"wp:featuredmedia":[{"embeddable":true,"href":"https:\/\/www.enerjigazetesi.ist\/en\/wp-json\/wp\/v2\/media\/60115"}],"wp:attachment":[{"href":"https:\/\/www.enerjigazetesi.ist\/en\/wp-json\/wp\/v2\/media?parent=63422"}],"wp:term":[{"taxonomy":"category","embeddable":true,"href":"https:\/\/www.enerjigazetesi.ist\/en\/wp-json\/wp\/v2\/categories?post=63422"},{"taxonomy":"post_tag","embeddable":true,"href":"https:\/\/www.enerjigazetesi.ist\/en\/wp-json\/wp\/v2\/tags?post=63422"}],"curies":[{"name":"wp","href":"https:\/\/api.w.org\/{rel}","templated":true}]}}