{"id":63390,"date":"2017-04-18T10:37:18","date_gmt":"2017-04-18T07:37:18","guid":{"rendered":"https:\/\/www.enerjigazetesi.ist\/?p=63390"},"modified":"2017-04-18T10:37:18","modified_gmt":"2017-04-18T07:37:18","slug":"prysmian-group-turkiye-yeni-teknolojileri-solarex-fuarinda-tanitti","status":"publish","type":"post","link":"https:\/\/www.enerjigazetesi.ist\/en\/prysmian-group-turkiye-yeni-teknolojileri-solarex-fuarinda-tanitti\/","title":{"rendered":"(Turkish) Prysmian Group T\u00fcrkiye, Yeni Teknolojileri Solarex Fuar\u0131&#8217;nda Tan\u0131tt\u0131"},"content":{"rendered":"<p class=\"qtranxs-available-languages-message qtranxs-available-languages-message-en\">Sorry, this entry is only available in <a href=\"https:\/\/www.enerjigazetesi.ist\/tr\/wp-json\/wp\/v2\/posts\/63390\" class=\"qtranxs-available-language-link qtranxs-available-language-link-tr\" title=\"Turkish\">Turkish<\/a>. For the sake of viewer convenience, the content is shown below in the alternative language. You may click the link to switch the active language.<\/p><p><strong>Solar kablo ve teknolojileri \u00fczerine ger\u00e7ekle\u015ftirdi\u011fi \u00e7al\u0131\u015fmalarla, sekt\u00f6rdeki liderli\u011fini s\u00fcrd\u00fcren Prysmian Group T\u00fcrkiye, 6-8 Nisan tarihleri aras\u0131nda \u0130stanbul Fuar Merkezi\u2019nde d\u00fczenlenen Solarex \u0130stanbul Fuar\u0131\u2019nda, g\u00fcne\u015f enerjisi sekt\u00f6r\u00fcne sundu\u011fu \u00fcr\u00fcn ve hizmetlerini, sekt\u00f6rle payla\u015fma imkan\u0131 buldu.<\/strong><\/p>\n<p>Enerji ve telekom\u00fcnikasyon kablolar\u0131 sekt\u00f6r\u00fcn\u00fcn lideri Prysmian Group\u2019un T\u00fcrkiye operasyonu Prysmian Group T\u00fcrkiye,6-8 Nisan 2016 tarihleri aras\u0131nda, \u0130stanbul Fuar Merkezi\u2019nde d\u00fczenlenen G\u00fcne\u015f Enerjisi ve Teknolojileri Fuar\u0131 Solarex <a href=\"https:\/\/www.enerjigazetesi.ist\/wp-content\/uploads\/2017\/04\/prysmian-group-yeni-teknolojileri-solarex-fuarinda-tanitti.jpg\"><img loading=\"lazy\" class=\"alignright size-medium wp-image-63391\" src=\"https:\/\/www.enerjigazetesi.ist\/wp-content\/uploads\/2017\/04\/prysmian-group-yeni-teknolojileri-solarex-fuarinda-tanitti-300x225.jpg\" alt=\"prysmian-group-yeni-teknolojileri-solarex-fuarinda-tanitti\" width=\"300\" height=\"225\" srcset=\"https:\/\/www.enerjigazetesi.ist\/wp-content\/uploads\/2017\/04\/prysmian-group-yeni-teknolojileri-solarex-fuarinda-tanitti-300x225.jpg 300w, https:\/\/www.enerjigazetesi.ist\/wp-content\/uploads\/2017\/04\/prysmian-group-yeni-teknolojileri-solarex-fuarinda-tanitti-500x375.jpg 500w, https:\/\/www.enerjigazetesi.ist\/wp-content\/uploads\/2017\/04\/prysmian-group-yeni-teknolojileri-solarex-fuarinda-tanitti-66x50.jpg 66w, https:\/\/www.enerjigazetesi.ist\/wp-content\/uploads\/2017\/04\/prysmian-group-yeni-teknolojileri-solarex-fuarinda-tanitti.jpg 900w\" sizes=\"(max-width: 300px) 100vw, 300px\" \/><\/a>\u0130stanbul\u2019da yeni teknolojilerini tan\u0131tt\u0131.<\/p>\n<p>Prysmian Group T\u00fcrkiye End\u00fcstriyel Sat\u0131\u015flar Direkt\u00f6r\u00fc Mert Erden, Solarex Fuar\u0131\u2019na kat\u0131l\u0131mlar\u0131yla ilgili olarak d\u00fc\u015f\u00fcncelerini \u015fu s\u00f6zlerle dile getirdi:<\/p>\n<p>\u201c<em>Bu sene Solarex Fuar\u0131\u2019na ikinci kez kat\u0131ld\u0131k. Prysmian olarak fuarda, 2015 y\u0131l\u0131nda sekt\u00f6re duyurdu\u011fumuz \u201cDikkat! Her Solar (PV) Kablo Ayn\u0131 De\u011fildir&#8230;\u201d giri\u015fimini bir kez daha sekt\u00f6r ile payla\u015fma f\u0131rsat\u0131 bulduk. Kaliteli \u00fcr\u00fcn se\u00e7iminin \u00f6neminin g\u00fcne\u015f enerjisi sekt\u00f6r\u00fcn\u00fcn gelece\u011fi i\u00e7in ne kadar kritik oldu\u011funu; Prysmian Group\u2019un kablo sekt\u00f6r\u00fcnde 130 y\u0131la dayanan tecr\u00fcbesi ve Ar-Ge \u00e7al\u0131\u015fmalar\u0131n\u0131n bir sonucu olarak, \u00f6zel olarak tasarlad\u0131\u011f\u0131 solar kablolar\u0131n yat\u0131r\u0131mc\u0131lara ve EPC\u2019lere sundu\u011fu avantajlar\u0131, kat\u0131l\u0131mc\u0131lar ile payla\u015fm\u0131\u015f olmaktan mutluyuz.\u201d<\/em><\/p>\n<p>\u00dclkemizde g\u00fcne\u015f enerjisi konusunu ele alan ilk ve tek fuar olan Solarex Fuar\u0131\u2019nda, T\u00fcrkiye\u2019nin g\u00fcne\u015f enerjisi alan\u0131nda, \u00fcretim merkezi olmas\u0131 yolunda b\u00fcy\u00fck ad\u0131mlar at\u0131lmas\u0131na f\u0131rsat tan\u0131n\u0131yor. T\u00fcrkiye\u2019de \u00fcretilen yeni \u00fcr\u00fcnlerin bir arada sunuldu\u011fu bu platformda, sekt\u00f6r\u00fcn lider firmalar\u0131 ve temsilcileri bulu\u015fuyor. Yerli ve yabanc\u0131 g\u00fcne\u015f enerjisi d\u00fcnyas\u0131n\u0131n profesyonellerinin ve sekt\u00f6r\u00fcn \u00f6nc\u00fc kurulu\u015flar\u0131ndan \u00fcst d\u00fczey isimlerle t\u00fcketicilerin, tek \u00e7at\u0131 alt\u0131nda, bir araya geldi\u011fi fuarda bir\u00e7ok seminer de d\u00fczenlendi. Prysmian Group T\u00fcrkiye de, 8 Nisan Cumartesi g\u00fcn\u00fc, End\u00fcstriyel Sat\u0131\u015flar Yetkilisi Canberk Beliba\u011fl\u0131 taraf\u0131ndan ger\u00e7ekle\u015ftirilen, \u201cDikkat! Her Solar (PV) Kablo Ayn\u0131 De\u011fildir&#8230;\u201d seminerinde, sekt\u00f6r profesyonelleri ile yanl\u0131\u015f kablo se\u00e7iminin risklerini payla\u015ft\u0131; ger\u00e7ek sim\u00fclasyonlarla \u00e7evresel fakt\u00f6rlerin kablo \u00fczerindeki etkilerini kullan\u0131c\u0131lar\u0131n g\u00f6rsel olarak farketmelerine destek oldu.<\/p>\n<p>\u201cT\u00fcrkiye\u2019yi Yar\u0131nlara Ba\u011fl\u0131yoruz\u201d misyonu kapsam\u0131nda ve yenilenebilir enerjinin, T\u00fcrkiye\u2019de \u00e7ok daha iyi bir noktaya gelmesi amac\u0131yla, sekt\u00f6r\u00fc ileri seviyelere ta\u015f\u0131yan ad\u0131mlar\u0131n\u0131 s\u00fcrd\u00fcren Prysmian Group T\u00fcrkiye\u2019nin CEO\u2019su Erkan Aydo\u011fdu, \u201c<em>Fuarlar sekt\u00f6r temsilcileri ile bir araya gelmek i\u00e7in \u00f6nemli bir f\u0131rsat. Ancak, T\u00fcrkiye\u2019de g\u00fcne\u015f enerjisi alan\u0131nda d\u00fczenlenen ilk ve tek fuar olan Solarex \u0130stanbul, bizim i\u00e7in \u00f6zel bir \u00f6neme sahip. \u00dclkemizin gelece\u011fi i\u00e7in yenilenebilir enerjiye \u00f6nem veriyoruz ve burada bulunmay\u0131 \u00f6nemsiyoruz\u201d <\/em>dedi ve firman\u0131n solar kablo ve aksesuarlar\u0131 alan\u0131nda lider oldu\u011funun alt\u0131n\u0131 bir kez daha \u00e7izdi.<\/p>","protected":false},"excerpt":{"rendered":"<p>Sorry, this entry is only available in Turkish. For the sake of viewer convenience, the content is shown below in the alternative language. You may click the link to switch the active language.Solar kablo ve teknolojileri \u00fczerine ger\u00e7ekle\u015ftirdi\u011fi \u00e7al\u0131\u015fmalarla, sekt\u00f6rdeki liderli\u011fini s\u00fcrd\u00fcren Prysmian Group T\u00fcrkiye, 6-8 Nisan tarihleri aras\u0131nda \u0130stanbul Fuar Merkezi\u2019nde d\u00fczenlenen Solarex \u0130stanbul [&hellip;]<\/p>\n","protected":false},"author":1,"featured_media":63391,"comment_status":"open","ping_status":"open","sticky":false,"template":"","format":"standard","meta":[],"categories":[53,49],"tags":[63,67,1009,2698,165,227,13,23133,22975,4269,19951,2207],"views":1426,"_links":{"self":[{"href":"https:\/\/www.enerjigazetesi.ist\/en\/wp-json\/wp\/v2\/posts\/63390"}],"collection":[{"href":"https:\/\/www.enerjigazetesi.ist\/en\/wp-json\/wp\/v2\/posts"}],"about":[{"href":"https:\/\/www.enerjigazetesi.ist\/en\/wp-json\/wp\/v2\/types\/post"}],"author":[{"embeddable":true,"href":"https:\/\/www.enerjigazetesi.ist\/en\/wp-json\/wp\/v2\/users\/1"}],"replies":[{"embeddable":true,"href":"https:\/\/www.enerjigazetesi.ist\/en\/wp-json\/wp\/v2\/comments?post=63390"}],"version-history":[{"count":1,"href":"https:\/\/www.enerjigazetesi.ist\/en\/wp-json\/wp\/v2\/posts\/63390\/revisions"}],"predecessor-version":[{"id":63392,"href":"https:\/\/www.enerjigazetesi.ist\/en\/wp-json\/wp\/v2\/posts\/63390\/revisions\/63392"}],"wp:featuredmedia":[{"embeddable":true,"href":"https:\/\/www.enerjigazetesi.ist\/en\/wp-json\/wp\/v2\/media\/63391"}],"wp:attachment":[{"href":"https:\/\/www.enerjigazetesi.ist\/en\/wp-json\/wp\/v2\/media?parent=63390"}],"wp:term":[{"taxonomy":"category","embeddable":true,"href":"https:\/\/www.enerjigazetesi.ist\/en\/wp-json\/wp\/v2\/categories?post=63390"},{"taxonomy":"post_tag","embeddable":true,"href":"https:\/\/www.enerjigazetesi.ist\/en\/wp-json\/wp\/v2\/tags?post=63390"}],"curies":[{"name":"wp","href":"https:\/\/api.w.org\/{rel}","templated":true}]}}