{"id":63368,"date":"2017-04-17T11:50:30","date_gmt":"2017-04-17T08:50:30","guid":{"rendered":"https:\/\/www.enerjigazetesi.ist\/?p=63368"},"modified":"2017-04-17T11:51:12","modified_gmt":"2017-04-17T08:51:12","slug":"yunanistan-disisleri-bakan-y-gaz-hatti-insaatina-yonelik-ilgimiz-degismez","status":"publish","type":"post","link":"https:\/\/www.enerjigazetesi.ist\/en\/yunanistan-disisleri-bakan-y-gaz-hatti-insaatina-yonelik-ilgimiz-degismez\/","title":{"rendered":"(Turkish) Yunanistan D\u0131\u015fi\u015fleri Bakan Y. : Gaz Hatt\u0131 \u0130n\u015faat\u0131na Y\u00f6nelik \u0130lgimiz De\u011fi\u015fmez"},"content":{"rendered":"<p class=\"qtranxs-available-languages-message qtranxs-available-languages-message-en\">Sorry, this entry is only available in <a href=\"https:\/\/www.enerjigazetesi.ist\/tr\/wp-json\/wp\/v2\/posts\/63368\" class=\"qtranxs-available-language-link qtranxs-available-language-link-tr\" title=\"Turkish\">Turkish<\/a>. For the sake of viewer convenience, the content is shown below in the alternative language. You may click the link to switch the active language.<\/p><p><\/p>\n<p style=\"color: #0a0a0a;\"><strong>Rus do\u011falgaz\u0131n\u0131n, Yunanistan \u00fczerinden Avrupa\u2019ya ta\u015f\u0131nmas\u0131na y\u00f6nelik yap\u0131m\u0131 planlanan b<span id=\"more-90506\"><a href=\"https:\/\/www.enerjigazetesi.ist\/wp-content\/uploads\/2017\/04\/yunanistan-disisleri-bakan-y-gaz-hatti-insaatina-yonelik-ilgimiz-degismez.jpg\"><img loading=\"lazy\" class=\"alignright size-medium wp-image-63369\" src=\"https:\/\/www.enerjigazetesi.ist\/wp-content\/uploads\/2017\/04\/yunanistan-disisleri-bakan-y-gaz-hatti-insaatina-yonelik-ilgimiz-degismez-300x168.jpg\" alt=\"yunanistan-disisleri-bakan-y-gaz-hatti-insaatina-yonelik-ilgimiz-degismez\" width=\"300\" height=\"168\" srcset=\"https:\/\/www.enerjigazetesi.ist\/wp-content\/uploads\/2017\/04\/yunanistan-disisleri-bakan-y-gaz-hatti-insaatina-yonelik-ilgimiz-degismez-300x168.jpg 300w, https:\/\/www.enerjigazetesi.ist\/wp-content\/uploads\/2017\/04\/yunanistan-disisleri-bakan-y-gaz-hatti-insaatina-yonelik-ilgimiz-degismez-500x280.jpg 500w, https:\/\/www.enerjigazetesi.ist\/wp-content\/uploads\/2017\/04\/yunanistan-disisleri-bakan-y-gaz-hatti-insaatina-yonelik-ilgimiz-degismez-80x44.jpg 80w, https:\/\/www.enerjigazetesi.ist\/wp-content\/uploads\/2017\/04\/yunanistan-disisleri-bakan-y-gaz-hatti-insaatina-yonelik-ilgimiz-degismez.jpg 640w\" sizes=\"(max-width: 300px) 100vw, 300px\" \/><\/a><\/span>oru hatt\u0131na ili\u015fkin konu\u015fan Yunanistan D\u0131\u015fi\u015fleri Bakan Yard\u0131mc\u0131s\u0131 Yorgos Katrugalos, \u201cGaz hatt\u0131n\u0131n in\u015faat\u0131na olan ilgimiz de\u011fi\u015fmemektedir\u201d\u00a0ifadelerini kulland\u0131.<\/strong><\/p>\n<p style=\"color: #0a0a0a;\">Yunanistan D\u0131\u015fi\u015fleri Bakan Yard\u0131mc\u0131s\u0131 Yorgos Katrugalos, Rus do\u011falgaz\u0131n\u0131n \u00fclkenin topraklar\u0131 \u00fczerinden Avrupa\u2019ya ta\u015f\u0131nmas\u0131 i\u00e7in yap\u0131lmas\u0131 \u00f6ng\u00f6r\u00fclen\u00a0boru hatt\u0131na ilgilerini koruduklar\u0131n\u0131 belirtti. Katrugalos, \u201cGaz hatt\u0131n\u0131n in\u015faat\u0131na olan ilgimiz de\u011fi\u015fmemektedir. Enerji bakanl\u0131\u011f\u0131m\u0131zdan bu konuda hen\u00fcz bir bilgi elime gelmedi. Ama D\u0131\u015f Politika Konseyi\u2019nin 10 May\u0131s tarihinde yapaca\u011f\u0131 toplant\u0131s\u0131nda \u00f6zellikle enerji diplomasisi konusu ele al\u0131nacakt\u0131r\u201d dedi. Katrugalos, \u201cEnerji konular\u0131, 10 May\u0131s tarihinde g\u00f6r\u00fc\u015fmenin merkezinde ger\u00e7ekle\u015ftirilecektir\u201d dedi.<\/p>\n<p><\/p>","protected":false},"excerpt":{"rendered":"<p>Sorry, this entry is only available in Turkish. For the sake of viewer convenience, the content is shown below in the alternative language. You may click the link to switch the active language. Rus do\u011falgaz\u0131n\u0131n, Yunanistan \u00fczerinden Avrupa\u2019ya ta\u015f\u0131nmas\u0131na y\u00f6nelik yap\u0131m\u0131 planlanan boru hatt\u0131na ili\u015fkin konu\u015fan Yunanistan D\u0131\u015fi\u015fleri Bakan Yard\u0131mc\u0131s\u0131 Yorgos Katrugalos, \u201cGaz hatt\u0131n\u0131n in\u015faat\u0131na [&hellip;]<\/p>\n","protected":false},"author":1,"featured_media":63369,"comment_status":"open","ping_status":"open","sticky":false,"template":"","format":"standard","meta":[],"categories":[46,53],"tags":[33802,92,226,19761,2092,2677,63,67,1009,2698,165,33803,33801,1772,33804,255],"views":879,"_links":{"self":[{"href":"https:\/\/www.enerjigazetesi.ist\/en\/wp-json\/wp\/v2\/posts\/63368"}],"collection":[{"href":"https:\/\/www.enerjigazetesi.ist\/en\/wp-json\/wp\/v2\/posts"}],"about":[{"href":"https:\/\/www.enerjigazetesi.ist\/en\/wp-json\/wp\/v2\/types\/post"}],"author":[{"embeddable":true,"href":"https:\/\/www.enerjigazetesi.ist\/en\/wp-json\/wp\/v2\/users\/1"}],"replies":[{"embeddable":true,"href":"https:\/\/www.enerjigazetesi.ist\/en\/wp-json\/wp\/v2\/comments?post=63368"}],"version-history":[{"count":1,"href":"https:\/\/www.enerjigazetesi.ist\/en\/wp-json\/wp\/v2\/posts\/63368\/revisions"}],"predecessor-version":[{"id":63370,"href":"https:\/\/www.enerjigazetesi.ist\/en\/wp-json\/wp\/v2\/posts\/63368\/revisions\/63370"}],"wp:featuredmedia":[{"embeddable":true,"href":"https:\/\/www.enerjigazetesi.ist\/en\/wp-json\/wp\/v2\/media\/63369"}],"wp:attachment":[{"href":"https:\/\/www.enerjigazetesi.ist\/en\/wp-json\/wp\/v2\/media?parent=63368"}],"wp:term":[{"taxonomy":"category","embeddable":true,"href":"https:\/\/www.enerjigazetesi.ist\/en\/wp-json\/wp\/v2\/categories?post=63368"},{"taxonomy":"post_tag","embeddable":true,"href":"https:\/\/www.enerjigazetesi.ist\/en\/wp-json\/wp\/v2\/tags?post=63368"}],"curies":[{"name":"wp","href":"https:\/\/api.w.org\/{rel}","templated":true}]}}