{"id":63348,"date":"2017-04-16T21:48:27","date_gmt":"2017-04-16T18:48:27","guid":{"rendered":"https:\/\/www.enerjigazetesi.ist\/?p=63348"},"modified":"2017-04-16T21:49:14","modified_gmt":"2017-04-16T18:49:14","slug":"ingiltere-karbon-ayak-izini-yuzde-33-oraninda-azaltti","status":"publish","type":"post","link":"https:\/\/www.enerjigazetesi.ist\/en\/ingiltere-karbon-ayak-izini-yuzde-33-oraninda-azaltti\/","title":{"rendered":"(Turkish) \u0130ngiltere Karbon Ayak \u0130zini Y\u00fczde 33 Oran\u0131nda Azaltt\u0131"},"content":{"rendered":"<p class=\"qtranxs-available-languages-message qtranxs-available-languages-message-en\">Sorry, this entry is only available in <a href=\"https:\/\/www.enerjigazetesi.ist\/tr\/wp-json\/wp\/v2\/posts\/63348\" class=\"qtranxs-available-language-link qtranxs-available-language-link-tr\" title=\"Turkish\">Turkish<\/a>. For the sake of viewer convenience, the content is shown below in the alternative language. You may click the link to switch the active language.<\/p><p><strong>\u0130ngiltere&#8217;nin karbon <a href=\"https:\/\/www.enerjigazetesi.ist\/wp-content\/uploads\/2015\/11\/karbon-sal\u0131m\u0131-23983-696x385.jpg\"><img loading=\"lazy\" class=\"alignleft  wp-image-46484\" src=\"https:\/\/www.enerjigazetesi.ist\/wp-content\/uploads\/2015\/11\/karbon-sal\u0131m\u0131-23983-696x385-300x165.jpg\" alt=\"karbon-sal\u0131m\u0131-23983-696x385\" width=\"300\" height=\"193\" \/><\/a>ayak izi g\u00fc\u00e7l\u00fc ekonomik b\u00fcy\u00fcmeyle birlikte 1992&#8217;ye g\u00f6re y\u00fczde 33\u00a0oran\u0131nda azalt\u0131ld\u0131.<\/strong><\/p>\n<p>Energy and Climate Intelligence Unit (ECIU)&#8217;in yay\u0131nlad\u0131\u011f\u0131\u00a0rapora g\u00f6re, di\u011fer G7 \u00fclkelerine g\u00f6re en b\u00fcy\u00fck ekonomik b\u00fcy\u00fcmeye sahip olmas\u0131na ra\u011fmen \u0130ngiltere en fazla karbon ayak izini azaltan \u00fclke konumuna geldi.<\/p>\n<p>Bu de\u011fi\u015fimin\u00a0nedenleri ise, 1990&#8217;l\u0131 y\u0131llarda gaz kullan\u0131m\u0131n\u0131 artmas\u0131, hizmet a\u011f\u0131rl\u0131kl\u0131 ekonomiye ge\u00e7i\u015f, iklim de\u011fi\u015fikli\u011fi m\u00fccadelesi kapsam\u0131nda y\u00fcr\u00fct\u00fclen politikalar, enerji verimlili\u011fi hedefleri ve \u00e7\u00f6p alanlar\u0131nda metan gaz\u0131n\u0131n azalt\u0131lmas\u0131 olmu\u015ftur.<\/p>","protected":false},"excerpt":{"rendered":"<p>Sorry, this entry is only available in Turkish. For the sake of viewer convenience, the content is shown below in the alternative language. You may click the link to switch the active language.\u0130ngiltere&#8217;nin karbon ayak izi g\u00fc\u00e7l\u00fc ekonomik b\u00fcy\u00fcmeyle birlikte 1992&#8217;ye g\u00f6re y\u00fczde 33\u00a0oran\u0131nda azalt\u0131ld\u0131. Energy and Climate Intelligence Unit (ECIU)&#8217;in yay\u0131nlad\u0131\u011f\u0131\u00a0rapora g\u00f6re, di\u011fer G7 [&hellip;]<\/p>\n","protected":false},"author":1,"featured_media":47379,"comment_status":"open","ping_status":"open","sticky":false,"template":"","format":"standard","meta":[],"categories":[53,52],"tags":[63,67,1009,2698,165,33796,1092,1426],"views":737,"_links":{"self":[{"href":"https:\/\/www.enerjigazetesi.ist\/en\/wp-json\/wp\/v2\/posts\/63348"}],"collection":[{"href":"https:\/\/www.enerjigazetesi.ist\/en\/wp-json\/wp\/v2\/posts"}],"about":[{"href":"https:\/\/www.enerjigazetesi.ist\/en\/wp-json\/wp\/v2\/types\/post"}],"author":[{"embeddable":true,"href":"https:\/\/www.enerjigazetesi.ist\/en\/wp-json\/wp\/v2\/users\/1"}],"replies":[{"embeddable":true,"href":"https:\/\/www.enerjigazetesi.ist\/en\/wp-json\/wp\/v2\/comments?post=63348"}],"version-history":[{"count":1,"href":"https:\/\/www.enerjigazetesi.ist\/en\/wp-json\/wp\/v2\/posts\/63348\/revisions"}],"predecessor-version":[{"id":63349,"href":"https:\/\/www.enerjigazetesi.ist\/en\/wp-json\/wp\/v2\/posts\/63348\/revisions\/63349"}],"wp:featuredmedia":[{"embeddable":true,"href":"https:\/\/www.enerjigazetesi.ist\/en\/wp-json\/wp\/v2\/media\/47379"}],"wp:attachment":[{"href":"https:\/\/www.enerjigazetesi.ist\/en\/wp-json\/wp\/v2\/media?parent=63348"}],"wp:term":[{"taxonomy":"category","embeddable":true,"href":"https:\/\/www.enerjigazetesi.ist\/en\/wp-json\/wp\/v2\/categories?post=63348"},{"taxonomy":"post_tag","embeddable":true,"href":"https:\/\/www.enerjigazetesi.ist\/en\/wp-json\/wp\/v2\/tags?post=63348"}],"curies":[{"name":"wp","href":"https:\/\/api.w.org\/{rel}","templated":true}]}}