{"id":6328,"date":"2013-02-09T22:15:07","date_gmt":"2013-02-09T19:15:07","guid":{"rendered":"https:\/\/www.enerjigazetesi.ist\/?p=6328"},"modified":"2013-02-09T22:15:07","modified_gmt":"2013-02-09T19:15:07","slug":"enerjisa-elektrik-dagitiminda-ayedas-ya-da-toroslari-istiyor","status":"publish","type":"post","link":"https:\/\/www.enerjigazetesi.ist\/en\/enerjisa-elektrik-dagitiminda-ayedas-ya-da-toroslari-istiyor\/","title":{"rendered":"(Turkish) Enerjisa, Elektrik Da\u011f\u0131t\u0131m\u0131nda Ayeda\u015f ya da Toroslar\u2019\u0131 \u0130stiyor"},"content":{"rendered":"<p class=\"qtranxs-available-languages-message qtranxs-available-languages-message-en\">Sorry, this entry is only available in <a href=\"https:\/\/www.enerjigazetesi.ist\/tr\/wp-json\/wp\/v2\/posts\/6328\" class=\"qtranxs-available-language-link qtranxs-available-language-link-tr\" title=\"Turkish\">Turkish<\/a>. For the sake of viewer convenience, the content is shown below in the alternative language. You may click the link to switch the active language.<\/p><p><strong>Enerji sekt\u00f6r\u00fcn\u00fcn Sabanc\u0131 Grubu\u2019nun en \u00f6nemli b\u00fcy\u00fcme alanlar\u0131ndan biri olaca\u011f\u0131n\u0131 belirten Sabanc\u0131 Holding Enerji Grup Ba\u015fkan\u0131 Selahattin Hakman, 2020 y\u0131l\u0131na kadar 8 bin megawatt (MW) kurulu g\u00fcce ve \u00fcretimde y\u00fczde 10 pazar pay\u0131na ula\u015fmay\u0131 hedeflediklerini s\u00f6yledi. 2012 y\u0131l\u0131n\u0131 4.5 milyar TL ciro ile kapatan Enerjisa, bu y\u0131l i\u00e7in y\u00fczde 20\u2032nin \u00fczerinde b\u00fcy\u00fcme \u00f6ng\u00f6r\u00fcyor. \u015eirketin halka a\u00e7\u0131lma tarihi ise 2015 olarak planlan\u0131yor.<\/strong><\/p>\n<p>Ekonomi muhabirleriyle bir sohbet toplant\u0131s\u0131 d\u00fczenleyen Selahattin Hakman, Enerjisa\u2019n\u0131n yeni orta\u011f\u0131 E.ON ile b\u00fcy\u00fcme planlar\u0131 konusunda uyum i\u00e7inde olduklar\u0131n\u0131 belirterek \u2018Eski orta\u011f\u0131m\u0131z Verbund\u2019la yeni yat\u0131r\u0131mlar konusunda daha yava\u015f ilerliyorduk. Ancak E.ON T\u00fcrkiye\u2019de b\u00fcy\u00fcmek istedi\u011fi i\u00e7in hedeflerde h\u0131zl\u0131 bir uyum sa\u011flad\u0131k. 2015 ile 2020 aras\u0131nda ek 3 bin MW kapasite daha yaratarak toplam kurulu g\u00fcc\u00fcm\u00fcz\u00fc 8 bin MW\u2019a ula\u015ft\u0131rmay\u0131 hedefliyoruz. \u00dcretimde y\u00fczde 8, da\u011f\u0131t\u0131mda y\u00fczde 10 pazar pay\u0131 belirledik\u2019 dedi.<\/p>\n<p><img loading=\"lazy\" class=\"alignleft size-medium wp-image-6329\" title=\"enerjisa-toroslar-ayedas-hedef-ozellestirme-elektrik-505x247\" src=\"https:\/\/www.enerjigazetesi.ist\/wp-content\/uploads\/2013\/02\/enerjisa-toroslar-ayedas-hedef-ozellestirme-elektrik-505x247-300x146.jpg\" alt=\"\" width=\"300\" height=\"146\" srcset=\"https:\/\/www.enerjigazetesi.ist\/wp-content\/uploads\/2013\/02\/enerjisa-toroslar-ayedas-hedef-ozellestirme-elektrik-505x247-300x146.jpg 300w, https:\/\/www.enerjigazetesi.ist\/wp-content\/uploads\/2013\/02\/enerjisa-toroslar-ayedas-hedef-ozellestirme-elektrik-505x247-500x244.jpg 500w, https:\/\/www.enerjigazetesi.ist\/wp-content\/uploads\/2013\/02\/enerjisa-toroslar-ayedas-hedef-ozellestirme-elektrik-505x247-80x39.jpg 80w, https:\/\/www.enerjigazetesi.ist\/wp-content\/uploads\/2013\/02\/enerjisa-toroslar-ayedas-hedef-ozellestirme-elektrik-505x247.jpg 505w\" sizes=\"(max-width: 300px) 100vw, 300px\" \/>Hakman, Enerjisa\u2019n\u0131n 2015\u2032te 5 bin 300 MW\u2019a ula\u015fmak i\u00e7in elektrik \u00fcretimine bug\u00fcne kadar yakla\u015f\u0131k 2.4 milyar euro yat\u0131r\u0131m yapt\u0131\u011f\u0131n\u0131 belirterek \u2018Enerjisa, 2013 y\u0131l\u0131nda yapaca\u011f\u0131 yakla\u015f\u0131k 1.2 milyar euro, 2014-2016 d\u00f6neminde de 1,7 milyar euro yat\u0131r\u0131m ile yine 2006 y\u0131l\u0131nda s\u00f6z\u00fcn\u00fc etti\u011fimiz 5,5 milyar euroluk \u00fcretim yat\u0131r\u0131m\u0131n\u0131 ger\u00e7ekle\u015ftirmi\u015f olacak\u2019 diye konu\u015ftu.<\/p>\n<p>\u00dcretimde Hamitabat d\u0131\u015f\u0131nda di\u011fer santrallarla ilgilendiklerini ifade eden Hakman, \u2018Do\u011falgaz da\u011f\u0131t\u0131mda olmayaca\u011f\u0131z ama elektrikte b\u00fcy\u00fcmek istiyoruz. 19 \u015eubat\u2019taki da\u011f\u0131t\u0131m ihalelerinde Ayeda\u015f ve Toroslar i\u00e7in masada olaca\u011f\u0131z\u2019 dedi.<\/p>\n<h2>Do\u011falgaz yeni i\u015f alan\u0131<\/h2>\n<p>Balkanlar ve Ortado\u011fu ba\u015fta olmak \u00fczere civar \u00fclkelerde elektrik sekt\u00f6r\u00fc ile ilgili yat\u0131r\u0131m f\u0131rsatlar\u0131n\u0131 da takip edeceklerini vurgulayan Hakman \u2018Balkanlar, T\u00fcrk Cumhuriyetleri, Kuzey Afrika bizim Sabanc\u0131 olarak fark yaratabilece\u011fimiz b\u00f6lgeler. Y\u0131l i\u00e7inde orta\u011f\u0131m\u0131zla bu konuyu \u00e7al\u0131\u015f\u0131p netle\u015ftirece\u011fiz\u2019 dedi. Yeni planlar\u0131ndan birinin de do\u011falgaz oldu\u011funu a\u00e7\u0131klayan Hakman, \u2018Do\u011falgaz sekt\u00f6r\u00fcn\u00fc de \u00f6ncelikle ithalat ve toptan sat\u0131\u015f alanlar\u0131na odaklanmak \u00fczere, Enerjisa i\u00e7inde yeni bir i\u015f alan\u0131 olarak belirledik\u2019 dedi.<\/p>\n<p>Kaynak: Enerji Enstit\u00fcs\u00fc<\/p>","protected":false},"excerpt":{"rendered":"<p>Sorry, this entry is only available in Turkish. For the sake of viewer convenience, the content is shown below in the alternative language. You may click the link to switch the active language.Enerji sekt\u00f6r\u00fcn\u00fcn Sabanc\u0131 Grubu\u2019nun en \u00f6nemli b\u00fcy\u00fcme alanlar\u0131ndan biri olaca\u011f\u0131n\u0131 belirten Sabanc\u0131 Holding Enerji Grup Ba\u015fkan\u0131 Selahattin Hakman, 2020 y\u0131l\u0131na kadar 8 bin [&hellip;]<\/p>\n","protected":false},"author":1,"featured_media":6329,"comment_status":"open","ping_status":"open","sticky":false,"template":"","format":"standard","meta":[],"categories":[51,53],"tags":[2320,68,61,67,165,422,2021,1048,2321],"views":659,"_links":{"self":[{"href":"https:\/\/www.enerjigazetesi.ist\/en\/wp-json\/wp\/v2\/posts\/6328"}],"collection":[{"href":"https:\/\/www.enerjigazetesi.ist\/en\/wp-json\/wp\/v2\/posts"}],"about":[{"href":"https:\/\/www.enerjigazetesi.ist\/en\/wp-json\/wp\/v2\/types\/post"}],"author":[{"embeddable":true,"href":"https:\/\/www.enerjigazetesi.ist\/en\/wp-json\/wp\/v2\/users\/1"}],"replies":[{"embeddable":true,"href":"https:\/\/www.enerjigazetesi.ist\/en\/wp-json\/wp\/v2\/comments?post=6328"}],"version-history":[{"count":2,"href":"https:\/\/www.enerjigazetesi.ist\/en\/wp-json\/wp\/v2\/posts\/6328\/revisions"}],"predecessor-version":[{"id":6331,"href":"https:\/\/www.enerjigazetesi.ist\/en\/wp-json\/wp\/v2\/posts\/6328\/revisions\/6331"}],"wp:featuredmedia":[{"embeddable":true,"href":"https:\/\/www.enerjigazetesi.ist\/en\/wp-json\/wp\/v2\/media\/6329"}],"wp:attachment":[{"href":"https:\/\/www.enerjigazetesi.ist\/en\/wp-json\/wp\/v2\/media?parent=6328"}],"wp:term":[{"taxonomy":"category","embeddable":true,"href":"https:\/\/www.enerjigazetesi.ist\/en\/wp-json\/wp\/v2\/categories?post=6328"},{"taxonomy":"post_tag","embeddable":true,"href":"https:\/\/www.enerjigazetesi.ist\/en\/wp-json\/wp\/v2\/tags?post=6328"}],"curies":[{"name":"wp","href":"https:\/\/api.w.org\/{rel}","templated":true}]}}