{"id":63265,"date":"2017-04-14T10:58:23","date_gmt":"2017-04-14T07:58:23","guid":{"rendered":"https:\/\/www.enerjigazetesi.ist\/?p=63265"},"modified":"2017-04-14T10:59:15","modified_gmt":"2017-04-14T07:59:15","slug":"star-rafinerisi-ve-petkimde-yapilan-eyleme-tuprasta-destek-verdi","status":"publish","type":"post","link":"https:\/\/www.enerjigazetesi.ist\/en\/star-rafinerisi-ve-petkimde-yapilan-eyleme-tuprasta-destek-verdi\/","title":{"rendered":"(Turkish) Star Rafinerisi ve Petkim\u2019de Yap\u0131lan Eyleme T\u00fcpra\u015f&#8217;ta Destek Verdi"},"content":{"rendered":"<p class=\"qtranxs-available-languages-message qtranxs-available-languages-message-en\">Sorry, this entry is only available in <a href=\"https:\/\/www.enerjigazetesi.ist\/tr\/wp-json\/wp\/v2\/posts\/63265\" class=\"qtranxs-available-language-link qtranxs-available-language-link-tr\" title=\"Turkish\">Turkish<\/a>. For the sake of viewer convenience, the content is shown below in the alternative language. You may click the link to switch the active language.<\/p><p><strong><span style=\"color: #0a0a0a;\">\u0130zmir\u2019in Alia\u011fa il\u00e7esindeki SOCAR\u2019\u0131n Star Rafinerisi\u2019nde \u00e7al\u0131\u015fan 132 i\u015f\u00e7inin PETK\u0130M b\u00fcnyesine almak istemesine kar\u015f\u0131 i\u015f\u00e7ilerinin d\u00fcn fabrika \u00f6n\u00fcnde ba\u015flatt\u0131\u011f\u0131 eyleme T\u00dcPRA\u015e\u2019tan da destek geldi. T\u00dcPRA\u015e i\u015f\u00e7ileri, destek i\u00e7in PETK\u0130M\u2019e y<a href=\"https:\/\/www.enerjigazetesi.ist\/wp-content\/uploads\/2017\/04\/star-rafinerisi-ve-petkimde-yapilan-eyleme-tuprasta-destek-verdi.jpg\"><img loading=\"lazy\" class=\"alignleft size-medium wp-image-63266\" src=\"https:\/\/www.enerjigazetesi.ist\/wp-content\/uploads\/2017\/04\/star-rafinerisi-ve-petkimde-yapilan-eyleme-tuprasta-destek-verdi-300x191.jpg\" alt=\"star-rafinerisi-ve-petkimde-yapilan-eyleme-tuprasta-destek-verdi\" width=\"300\" height=\"191\" srcset=\"https:\/\/www.enerjigazetesi.ist\/wp-content\/uploads\/2017\/04\/star-rafinerisi-ve-petkimde-yapilan-eyleme-tuprasta-destek-verdi-300x191.jpg 300w, https:\/\/www.enerjigazetesi.ist\/wp-content\/uploads\/2017\/04\/star-rafinerisi-ve-petkimde-yapilan-eyleme-tuprasta-destek-verdi-500x319.jpg 500w, https:\/\/www.enerjigazetesi.ist\/wp-content\/uploads\/2017\/04\/star-rafinerisi-ve-petkimde-yapilan-eyleme-tuprasta-destek-verdi-78x50.jpg 78w, https:\/\/www.enerjigazetesi.ist\/wp-content\/uploads\/2017\/04\/star-rafinerisi-ve-petkimde-yapilan-eyleme-tuprasta-destek-verdi.jpg 600w\" sizes=\"(max-width: 300px) 100vw, 300px\" \/><\/a>\u00fcr\u00fcd\u00fc.<\/span><\/strong><\/p>\n<p>\u0130\u015f\u00e7ilerin eylemine Petrol-\u0130\u015f Sendikas\u0131\u2019na ba\u011fl\u0131 di\u011fer tesis \u00e7al\u0131\u015fan\u0131 i\u015f\u00e7ilerden de destek geldi. T\u00fcpra\u015f i\u015f\u00e7ileri de vardiya \u00e7\u0131k\u0131\u015f\u0131nda Petkim ve Star i\u015f\u00e7isine destek ziyaretine gitmek istedi ancak beklemedikleri bir engelle kar\u015f\u0131la\u015ft\u0131. Bunun \u00fczerine kortej olu\u015fturup Petkim\u2019e y\u00fcr\u00fcy\u00fc\u015fe ge\u00e7ildi. Star Rafinerisi ile Petkim i\u015f\u00e7ileri de T\u00fcpra\u015f i\u015f\u00e7ilerini kar\u015f\u0131lamak i\u00e7in\u00a0Petkim\u2019in A-B kap\u0131lar\u0131na giden kav\u015fa\u011fa\u00a0gittiler.<\/p>\n<p>Petrol-\u0130\u015f Alia\u011fa \u015eubesi Ba\u015fkan\u0131 Ahmet Oktay Petkim taraf\u0131ndan T\u00dcPRA\u015e ve Star i\u015f\u00e7ilerine y\u00f6nelik bir konu\u015fma yap\u0131larak destek ve dayan\u0131\u015fmalar\u0131ndan dolay\u0131 T\u00dcPRA\u015e i\u015f\u00e7isine te\u015fekk\u00fcr\u00a0edildi.<\/p>","protected":false},"excerpt":{"rendered":"<p>Sorry, this entry is only available in Turkish. For the sake of viewer convenience, the content is shown below in the alternative language. You may click the link to switch the active language.\u0130zmir\u2019in Alia\u011fa il\u00e7esindeki SOCAR\u2019\u0131n Star Rafinerisi\u2019nde \u00e7al\u0131\u015fan 132 i\u015f\u00e7inin PETK\u0130M b\u00fcnyesine almak istemesine kar\u015f\u0131 i\u015f\u00e7ilerinin d\u00fcn fabrika \u00f6n\u00fcnde ba\u015flatt\u0131\u011f\u0131 eyleme T\u00dcPRA\u015e\u2019tan da destek [&hellip;]<\/p>\n","protected":false},"author":1,"featured_media":63266,"comment_status":"open","ping_status":"open","sticky":false,"template":"","format":"standard","meta":[],"categories":[53,44],"tags":[63,67,1009,2698,165,1568,33755,769,1000],"views":2343,"_links":{"self":[{"href":"https:\/\/www.enerjigazetesi.ist\/en\/wp-json\/wp\/v2\/posts\/63265"}],"collection":[{"href":"https:\/\/www.enerjigazetesi.ist\/en\/wp-json\/wp\/v2\/posts"}],"about":[{"href":"https:\/\/www.enerjigazetesi.ist\/en\/wp-json\/wp\/v2\/types\/post"}],"author":[{"embeddable":true,"href":"https:\/\/www.enerjigazetesi.ist\/en\/wp-json\/wp\/v2\/users\/1"}],"replies":[{"embeddable":true,"href":"https:\/\/www.enerjigazetesi.ist\/en\/wp-json\/wp\/v2\/comments?post=63265"}],"version-history":[{"count":2,"href":"https:\/\/www.enerjigazetesi.ist\/en\/wp-json\/wp\/v2\/posts\/63265\/revisions"}],"predecessor-version":[{"id":63268,"href":"https:\/\/www.enerjigazetesi.ist\/en\/wp-json\/wp\/v2\/posts\/63265\/revisions\/63268"}],"wp:featuredmedia":[{"embeddable":true,"href":"https:\/\/www.enerjigazetesi.ist\/en\/wp-json\/wp\/v2\/media\/63266"}],"wp:attachment":[{"href":"https:\/\/www.enerjigazetesi.ist\/en\/wp-json\/wp\/v2\/media?parent=63265"}],"wp:term":[{"taxonomy":"category","embeddable":true,"href":"https:\/\/www.enerjigazetesi.ist\/en\/wp-json\/wp\/v2\/categories?post=63265"},{"taxonomy":"post_tag","embeddable":true,"href":"https:\/\/www.enerjigazetesi.ist\/en\/wp-json\/wp\/v2\/tags?post=63265"}],"curies":[{"name":"wp","href":"https:\/\/api.w.org\/{rel}","templated":true}]}}