{"id":63263,"date":"2017-04-14T10:49:29","date_gmt":"2017-04-14T07:49:29","guid":{"rendered":"https:\/\/www.enerjigazetesi.ist\/?p=63263"},"modified":"2017-04-14T10:49:29","modified_gmt":"2017-04-14T07:49:29","slug":"referandumda-elektrik-kesintisi-yasanmamasi-icin-takip-merkezi-kuruldu","status":"publish","type":"post","link":"https:\/\/www.enerjigazetesi.ist\/en\/referandumda-elektrik-kesintisi-yasanmamasi-icin-takip-merkezi-kuruldu\/","title":{"rendered":"(Turkish) Referandumda Elektrik Kesintisi Ya\u015fanmamas\u0131 \u0130\u00e7in Takip Merkezi Kuruldu"},"content":{"rendered":"<p class=\"qtranxs-available-languages-message qtranxs-available-languages-message-en\">Sorry, this entry is only available in <a href=\"https:\/\/www.enerjigazetesi.ist\/tr\/wp-json\/wp\/v2\/posts\/63263\" class=\"qtranxs-available-language-link qtranxs-available-language-link-tr\" title=\"Turkish\">Turkish<\/a>. For the sake of viewer convenience, the content is shown below in the alternative language. You may click the link to switch the active language.<\/p><p><\/p>\n<p style=\"color: #0a0a0a;\"><strong>Enerji Bakanl\u0131\u011f\u0131 taraf\u0131ndan referandum i\u00e7in \u00e7al\u0131\u015fmalar tamamland\u0131. Referandum g\u00fcn\u00fc kesinti olmamas\u0131 ve olas\u0131 kesintilere de an\u0131nda m\u00fcdahaleye y\u00f6nelik olarak bakanl\u0131k b\u00fcnyesinde \u00f6zel bir takip merk<a href=\"https:\/\/www.enerjigazetesi.ist\/wp-content\/uploads\/2014\/02\/romanya-elektrik-iletimi-hatti-icin-dugmeye-basildi.jpg\"><img loading=\"lazy\" class=\"alignright size-medium wp-image-22122\" src=\"https:\/\/www.enerjigazetesi.ist\/wp-content\/uploads\/2014\/02\/romanya-elektrik-iletimi-hatti-icin-dugmeye-basildi-300x200.jpg\" alt=\"elektrik-iletimi-hatti\" width=\"300\" height=\"200\" srcset=\"https:\/\/www.enerjigazetesi.ist\/wp-content\/uploads\/2014\/02\/romanya-elektrik-iletimi-hatti-icin-dugmeye-basildi-300x200.jpg 300w, https:\/\/www.enerjigazetesi.ist\/wp-content\/uploads\/2014\/02\/romanya-elektrik-iletimi-hatti-icin-dugmeye-basildi-74x50.jpg 74w, https:\/\/www.enerjigazetesi.ist\/wp-content\/uploads\/2014\/02\/romanya-elektrik-iletimi-hatti-icin-dugmeye-basildi.jpg 439w\" sizes=\"(max-width: 300px) 100vw, 300px\" \/><\/a>ezi olu\u015fturuldu.<\/strong><\/p>\n<p style=\"color: #0a0a0a;\"><span id=\"more-90564\"><\/span>Merkezle, T\u00fcrkiye\u2019nin d\u00f6rt bir taraf\u0131ndaki geli\u015fmeler anl\u0131k olarak takip edilecek ve gerekli tedbirler al\u0131nacak. Da\u011f\u0131t\u0131m merkezleri ile canl\u0131 ba\u011flant\u0131lar da ger\u00e7ekle\u015ftirilecektir. Enerji ve Tabii Kaynaklar Bakan\u0131 Berat Albayrak, referandum i\u00e7in \u201cteyakkuz\u201d talimat\u0131 verdi. T\u00fcrkiye Elektrik \u0130letim A\u015e (TE\u0130A\u015e) Genel M\u00fcd\u00fcrl\u00fc\u011f\u00fc\u2019nde bir takip merkezi olu\u015fturuldu. Merkeze kurulacak dev ekranlarla, sahadaki geli\u015fmeler anl\u0131k takip edilecek, 21 da\u011f\u0131t\u0131m b\u00f6lgesi ve 10 adet Y\u00fck Tevzi \u0130\u015fletme M\u00fcd\u00fcrl\u00fc\u011f\u00fc ile canl\u0131 ba\u011flant\u0131lar ger\u00e7ekle\u015ftirilecek.<\/p>\n<p style=\"color: #0a0a0a;\">Elektrik \u015febekesinin korunmas\u0131na y\u00f6nelik 3 bin 476 devriye, 9 bin 674 jandarma personeli ve 8 bin de Emniyet Genel M\u00fcd\u00fcrl\u00fc\u011f\u00fc personeli olmak \u00fczere toplam 21 bin ki\u015filik g\u00fcvenlik ekibi ve teknik eleman g\u00f6rev alacak. Ayr\u0131ca do\u011falgaz ve petrol boru hatlar\u0131 i\u00e7in \u00f6zel g\u00fcvenlik say\u0131s\u0131 da art\u0131r\u0131ld\u0131.<\/p>\n<p><\/p>","protected":false},"excerpt":{"rendered":"<p>Sorry, this entry is only available in Turkish. For the sake of viewer convenience, the content is shown below in the alternative language. You may click the link to switch the active language. Enerji Bakanl\u0131\u011f\u0131 taraf\u0131ndan referandum i\u00e7in \u00e7al\u0131\u015fmalar tamamland\u0131. Referandum g\u00fcn\u00fc kesinti olmamas\u0131 ve olas\u0131 kesintilere de an\u0131nda m\u00fcdahaleye y\u00f6nelik olarak bakanl\u0131k b\u00fcnyesinde \u00f6zel [&hellip;]<\/p>\n","protected":false},"author":1,"featured_media":22122,"comment_status":"open","ping_status":"open","sticky":false,"template":"","format":"standard","meta":[],"categories":[51,53],"tags":[27051,92,140,1565,63,67,1009,2698,165,59,1582],"views":678,"_links":{"self":[{"href":"https:\/\/www.enerjigazetesi.ist\/en\/wp-json\/wp\/v2\/posts\/63263"}],"collection":[{"href":"https:\/\/www.enerjigazetesi.ist\/en\/wp-json\/wp\/v2\/posts"}],"about":[{"href":"https:\/\/www.enerjigazetesi.ist\/en\/wp-json\/wp\/v2\/types\/post"}],"author":[{"embeddable":true,"href":"https:\/\/www.enerjigazetesi.ist\/en\/wp-json\/wp\/v2\/users\/1"}],"replies":[{"embeddable":true,"href":"https:\/\/www.enerjigazetesi.ist\/en\/wp-json\/wp\/v2\/comments?post=63263"}],"version-history":[{"count":1,"href":"https:\/\/www.enerjigazetesi.ist\/en\/wp-json\/wp\/v2\/posts\/63263\/revisions"}],"predecessor-version":[{"id":63264,"href":"https:\/\/www.enerjigazetesi.ist\/en\/wp-json\/wp\/v2\/posts\/63263\/revisions\/63264"}],"wp:featuredmedia":[{"embeddable":true,"href":"https:\/\/www.enerjigazetesi.ist\/en\/wp-json\/wp\/v2\/media\/22122"}],"wp:attachment":[{"href":"https:\/\/www.enerjigazetesi.ist\/en\/wp-json\/wp\/v2\/media?parent=63263"}],"wp:term":[{"taxonomy":"category","embeddable":true,"href":"https:\/\/www.enerjigazetesi.ist\/en\/wp-json\/wp\/v2\/categories?post=63263"},{"taxonomy":"post_tag","embeddable":true,"href":"https:\/\/www.enerjigazetesi.ist\/en\/wp-json\/wp\/v2\/tags?post=63263"}],"curies":[{"name":"wp","href":"https:\/\/api.w.org\/{rel}","templated":true}]}}