{"id":63242,"date":"2017-04-13T09:12:32","date_gmt":"2017-04-13T06:12:32","guid":{"rendered":"https:\/\/www.enerjigazetesi.ist\/?p=63242"},"modified":"2017-04-13T09:25:52","modified_gmt":"2017-04-13T06:25:52","slug":"elektrigin-yuzde-28-i-konutlarda-yuzde-72-si-ticari-kamu-ve-endustride-kullaniliyor","status":"publish","type":"post","link":"https:\/\/www.enerjigazetesi.ist\/en\/elektrigin-yuzde-28-i-konutlarda-yuzde-72-si-ticari-kamu-ve-endustride-kullaniliyor\/","title":{"rendered":"(Turkish) Elektri\u011fin %28\u2019i Konutlarda, %72\u2019si Ticari, Kamu ve End\u00fcstride Kullan\u0131l\u0131yor"},"content":{"rendered":"<p class=\"qtranxs-available-languages-message qtranxs-available-languages-message-en\">Sorry, this entry is only available in <a href=\"https:\/\/www.enerjigazetesi.ist\/tr\/wp-json\/wp\/v2\/posts\/63242\" class=\"qtranxs-available-language-link qtranxs-available-language-link-tr\" title=\"Turkish\">Turkish<\/a>. For the sake of viewer convenience, the content is shown below in the alternative language. You may click the link to switch the active language.<\/p><p><strong><span style=\"color: #0a0a0a;\">TECDE Group b\u00fcnyesinde faaliyet g\u00f6steren elektrik tedarik \u015firketi Uzenergy Y\u00f6netim Kurulu Ba\u015fkan\u0131 H\u00fcseyin Uzun, \u201c2017 Ocak ay\u0131 verilerine g\u00f6re Elektrik t\u00fcketiminin y\u00fczde 39,18 \u2018s\u0131 sanayi kurulu\u015flar\u0131nda, y\u00fczde 30,01\u2019u meskenlerde, y\u00fczde 28,03\u2019s\u0131 ticarethanelerde, y\u00fczde 2,25\u2019i ayd\u0131nlatmada ve y\u00fczde 0,44\u2019\u00fc i<a href=\"https:\/\/www.enerjigazetesi.ist\/wp-content\/uploads\/2015\/10\/alternatif-enerji-elektrik-t\u00fcketimi-500x500_c1.jpg\"><img loading=\"lazy\" class=\"alignright  wp-image-45960\" src=\"https:\/\/www.enerjigazetesi.ist\/wp-content\/uploads\/2015\/10\/alternatif-enerji-elektrik-t\u00fcketimi-500x500_c1-300x300.jpg\" alt=\"alternatif-enerji-elektrik-t\u00fcketimi-500x500_c\" width=\"300\" height=\"223\" \/><\/a>se tar\u0131msal sulamalarda kullan\u0131lmaktad\u0131r.&#8221; dedi.<br \/>\n<\/span><\/strong><\/p>\n<p>Uzenergy olarak \u00f6zellikle sanayi alan\u0131nda kullan\u0131lan elektrik t\u00fcketimine talibiz ve b\u00fcy\u00fcme hedeflerimizi bu alanda ger\u00e7ekle\u015ftirece\u011fiz. Orta vadede sekt\u00f6rde hizmet veren ilk 20 firma aras\u0131nda yer almay\u0131\u00a0hedeflemekteyiz\u201d diye konu\u015ftu.<\/p>\n<p>H\u00fcseyin Uzun H\u00fcseyin Uzun \u201c\u00d6n\u00fcm\u00fczdeki 10 y\u0131lda enerji talebinin iki kat\u0131na \u00e7\u0131kmas\u0131 beklenmektedir. 2016&#8217;da\u00a0d\u00fcnyada ihtiya\u00e7 duyulan elektri\u011fin y\u00fczde 66\u2019s\u0131 fosil yak\u0131tlardan y\u00fczde 34\u2019\u00fc yenilenebilir enerji kaynaklar\u0131nda \u00fcretilmi\u015ftir . T\u00fcrkiye\u2019de 2016 y\u0131l\u0131nda elektrik \u00fcretimimizin, y\u00fczde 32,1\u2019i do\u011falgazdan, y\u00fczde 33,9\u2019u k\u00f6m\u00fcrden, y\u00fczde 24,7\u2019si hidrolikten, y\u00fczde 5,7\u2019si r\u00fczg\u00e2rdan, y\u00fczde 1,8\u2019i jeotermalden ve y\u00fczde 1,8\u2019i di\u011fer kaynaklardan sa\u011flam\u0131\u015ft\u0131r. Yani \u00fcretim kaynaklar\u0131m\u0131z d\u00fcnyada ki \u00fcretim kaynaklar\u0131yla e\u015fde\u011fer bir \u00e7izgide hareket etmektedir. 2016&#8217;da T\u00fcrkiye\u2019de \u00fcretilen elektri\u011fin y\u00fczde 66\u2019s\u0131 fosil yak\u0131tlardan y\u00fczde 34\u2019\u00fc yenilenebilir enerji kaynaklar\u0131nda sa\u011flanm\u0131\u015ft\u0131r.Elektrik enerjisinin b\u00f6lgesel ve \u00fclkesel boyutlar\u0131na bakt\u0131\u011f\u0131m\u0131zda enerji ile ilgili bir\u00e7ok konu milli hedeflere ve \u00e7\u0131karlara dayanmaktad\u0131r. Yeni enerji oyununda elektrik enerjisine ba\u011f\u0131ml\u0131l\u0131k ve elektrik enerji \u00fcretimi stratejileri d\u00fcnya siyasetinde belirleyici bir rol oynayacakt\u0131r\u201d\u00a0ifadelerini kulland\u0131.<\/p>\n<p>Haberin <a href=\"http:\/\/enerjienstitusu.com\/2017\/04\/12\/elektrik-tuketimin-konutlarda-ticari-kamu-endustride-kullaniliyor\/\" target=\"_blank\" rel=\"nofollow\">Devam\u0131 \u0130\u00e7in TIKLAYINIZ&gt;&gt;&gt;<\/a><\/p>\n<p>Kaynak: Enerji Enstit\u00fcs\u00fc<\/p>","protected":false},"excerpt":{"rendered":"<p>Sorry, this entry is only available in Turkish. For the sake of viewer convenience, the content is shown below in the alternative language. You may click the link to switch the active language.TECDE Group b\u00fcnyesinde faaliyet g\u00f6steren elektrik tedarik \u015firketi Uzenergy Y\u00f6netim Kurulu Ba\u015fkan\u0131 H\u00fcseyin Uzun, \u201c2017 Ocak ay\u0131 verilerine g\u00f6re Elektrik t\u00fcketiminin y\u00fczde 39,18 [&hellip;]<\/p>\n","protected":false},"author":1,"featured_media":45960,"comment_status":"open","ping_status":"open","sticky":false,"template":"","format":"standard","meta":[],"categories":[51,53],"tags":[68,61,19638,1451,2873,32603,130,63,67,1009,2698,165,988,33745,33478],"views":820,"_links":{"self":[{"href":"https:\/\/www.enerjigazetesi.ist\/en\/wp-json\/wp\/v2\/posts\/63242"}],"collection":[{"href":"https:\/\/www.enerjigazetesi.ist\/en\/wp-json\/wp\/v2\/posts"}],"about":[{"href":"https:\/\/www.enerjigazetesi.ist\/en\/wp-json\/wp\/v2\/types\/post"}],"author":[{"embeddable":true,"href":"https:\/\/www.enerjigazetesi.ist\/en\/wp-json\/wp\/v2\/users\/1"}],"replies":[{"embeddable":true,"href":"https:\/\/www.enerjigazetesi.ist\/en\/wp-json\/wp\/v2\/comments?post=63242"}],"version-history":[{"count":4,"href":"https:\/\/www.enerjigazetesi.ist\/en\/wp-json\/wp\/v2\/posts\/63242\/revisions"}],"predecessor-version":[{"id":63249,"href":"https:\/\/www.enerjigazetesi.ist\/en\/wp-json\/wp\/v2\/posts\/63242\/revisions\/63249"}],"wp:featuredmedia":[{"embeddable":true,"href":"https:\/\/www.enerjigazetesi.ist\/en\/wp-json\/wp\/v2\/media\/45960"}],"wp:attachment":[{"href":"https:\/\/www.enerjigazetesi.ist\/en\/wp-json\/wp\/v2\/media?parent=63242"}],"wp:term":[{"taxonomy":"category","embeddable":true,"href":"https:\/\/www.enerjigazetesi.ist\/en\/wp-json\/wp\/v2\/categories?post=63242"},{"taxonomy":"post_tag","embeddable":true,"href":"https:\/\/www.enerjigazetesi.ist\/en\/wp-json\/wp\/v2\/tags?post=63242"}],"curies":[{"name":"wp","href":"https:\/\/api.w.org\/{rel}","templated":true}]}}