{"id":63236,"date":"2017-04-13T08:56:18","date_gmt":"2017-04-13T05:56:18","guid":{"rendered":"https:\/\/www.enerjigazetesi.ist\/?p=63236"},"modified":"2017-04-13T08:56:55","modified_gmt":"2017-04-13T05:56:55","slug":"tedasin-verilerine-gore-kayip-kacagin-en-az-oldugu-il-denizli-oldu","status":"publish","type":"post","link":"https:\/\/www.enerjigazetesi.ist\/en\/tedasin-verilerine-gore-kayip-kacagin-en-az-oldugu-il-denizli-oldu\/","title":{"rendered":"(Turkish) Elektrikte Kay\u0131p Ka\u00e7a\u011f\u0131n En Az Oldu\u011fu \u0130l Denizli Oldu"},"content":{"rendered":"<p class=\"qtranxs-available-languages-message qtranxs-available-languages-message-en\">Sorry, this entry is only available in <a href=\"https:\/\/www.enerjigazetesi.ist\/tr\/wp-json\/wp\/v2\/posts\/63236\" class=\"qtranxs-available-language-link qtranxs-available-language-link-tr\" title=\"Turkish\">Turkish<\/a>. For the sake of viewer convenience, the content is shown below in the alternative language. You may click the link to switch the active language.<\/p><p><\/p>\n<p style=\"color: #0a0a0a;\"><strong>Ayd\u0131n, Denizli ve Mu\u011fla illerinin elektrik da\u011f\u0131t\u0131m\u0131n\u0131 yapan ADM Elektrik Da\u011f\u0131t\u0131m \u015firketi taraf\u0131ndan yap\u0131lan a\u00e7\u0131klamaya g\u00f6re, t\u00fcm \u00fclkede elektrik sekt\u00f6r\u00fcn\u00fcn en \u00f6nemli sorunlar\u0131ndan birisi haline g<a href=\"https:\/\/www.enerjigazetesi.ist\/wp-content\/uploads\/2015\/09\/elektrik-kayip-kacak-bedeli-iade-696x385.jpg\"><img loading=\"lazy\" class=\"alignright size-medium wp-image-44115\" src=\"https:\/\/www.enerjigazetesi.ist\/wp-content\/uploads\/2015\/09\/elektrik-kayip-kacak-bedeli-iade-696x385-300x165.jpg\" alt=\"elektrik-kayip-kacak\" width=\"300\" height=\"165\" srcset=\"https:\/\/www.enerjigazetesi.ist\/wp-content\/uploads\/2015\/09\/elektrik-kayip-kacak-bedeli-iade-696x385-300x165.jpg 300w, https:\/\/www.enerjigazetesi.ist\/wp-content\/uploads\/2015\/09\/elektrik-kayip-kacak-bedeli-iade-696x385-500x276.jpg 500w, https:\/\/www.enerjigazetesi.ist\/wp-content\/uploads\/2015\/09\/elektrik-kayip-kacak-bedeli-iade-696x385-80x44.jpg 80w, https:\/\/www.enerjigazetesi.ist\/wp-content\/uploads\/2015\/09\/elektrik-kayip-kacak-bedeli-iade-696x385.jpg 696w\" sizes=\"(max-width: 300px) 100vw, 300px\" \/><\/a>elen\u00a0kay\u0131p &#8211; ka\u00e7ak enerjiyle de ba\u015far\u0131l\u0131 \u015fekilde m\u00fccadelenin s\u00fcrd\u00fcr\u00fcld\u00fc\u011f\u00fc, Denizli\u2019nin ise 81 il aras\u0131nda 2015 ve 2016 y\u0131llar\u0131nda ortalama y\u00fczde 3\u2019l\u00fck kay\u0131p enerji ile \u00f6rnek oldu\u011fu\u00a0a\u00e7\u0131kland\u0131.<\/strong><\/p>\n<p style=\"color: #0a0a0a;\">ADM Elektrik Da\u011f\u0131t\u0131m Genel M\u00fcd\u00fcr\u00fc B\u00fclent Y\u00fcksel, &#8220;kesintisiz ve kaliteli enerji i\u00e7in yapm\u0131\u015f olduklar\u0131 yat\u0131r\u0131mlar kadar kay\u0131p enerji i\u00e7in de gerekli t\u00fcm \u00e7al\u0131\u015fmalar\u0131 yapt\u0131klar\u0131n\u0131 belirterek, \u201c\u00dclkemizin en ciddi sorunlar\u0131ndan birisi olan kay\u0131p enerji, t\u00fcm da\u011f\u0131t\u0131m \u015firketlerinin m\u00fccadele etti\u011fi bir konudur. Biz de hizmet b\u00f6lgemizde yapm\u0131\u015f oldu\u011fumuz \u00e7al\u0131\u015fmalar ile m\u00fccadelemize her ge\u00e7ti\u011fimiz y\u0131l yo\u011funla\u015f\u0131larak\u00a0s\u00fcrd\u00fcr\u00fclmektedir. B\u00f6lgemizde hizmete sundu\u011fumuz yat\u0131r\u0131m \u00e7al\u0131\u015fmalar\u0131, ekip arkada\u015flar\u0131m\u0131z\u0131n \u00f6zverisi ve \u00f6zellikle vatanda\u015flar\u0131m\u0131z\u0131n duyarl\u0131l\u0131\u011f\u0131, en oranla Denizli\u2019yi ilk s\u0131raya \u00e7\u0131karan \u00f6nemli fakt\u00f6rler aras\u0131ndad\u0131r. Sadece 2015 i\u00e7in de\u011fil ba\u015far\u0131n\u0131n devam\u0131 i\u00e7in b\u00fcy\u00fck bir gayretle \u00e7al\u0131\u015fmalar\u0131m\u0131z\u0131 s\u00fcrd\u00fcrmekteyiz.&#8221; dedi.<\/p>\n<p><\/p>","protected":false},"excerpt":{"rendered":"<p>Sorry, this entry is only available in Turkish. For the sake of viewer convenience, the content is shown below in the alternative language. You may click the link to switch the active language. Ayd\u0131n, Denizli ve Mu\u011fla illerinin elektrik da\u011f\u0131t\u0131m\u0131n\u0131 yapan ADM Elektrik Da\u011f\u0131t\u0131m \u015firketi taraf\u0131ndan yap\u0131lan a\u00e7\u0131klamaya g\u00f6re, t\u00fcm \u00fclkede elektrik sekt\u00f6r\u00fcn\u00fcn en \u00f6nemli [&hellip;]<\/p>\n","protected":false},"author":1,"featured_media":44115,"comment_status":"open","ping_status":"open","sticky":false,"template":"","format":"standard","meta":[],"categories":[51,53],"tags":[27255,68,61,19638,1451,2873,63,67,1009,2698,165,33744,1216],"views":606,"_links":{"self":[{"href":"https:\/\/www.enerjigazetesi.ist\/en\/wp-json\/wp\/v2\/posts\/63236"}],"collection":[{"href":"https:\/\/www.enerjigazetesi.ist\/en\/wp-json\/wp\/v2\/posts"}],"about":[{"href":"https:\/\/www.enerjigazetesi.ist\/en\/wp-json\/wp\/v2\/types\/post"}],"author":[{"embeddable":true,"href":"https:\/\/www.enerjigazetesi.ist\/en\/wp-json\/wp\/v2\/users\/1"}],"replies":[{"embeddable":true,"href":"https:\/\/www.enerjigazetesi.ist\/en\/wp-json\/wp\/v2\/comments?post=63236"}],"version-history":[{"count":2,"href":"https:\/\/www.enerjigazetesi.ist\/en\/wp-json\/wp\/v2\/posts\/63236\/revisions"}],"predecessor-version":[{"id":63238,"href":"https:\/\/www.enerjigazetesi.ist\/en\/wp-json\/wp\/v2\/posts\/63236\/revisions\/63238"}],"wp:featuredmedia":[{"embeddable":true,"href":"https:\/\/www.enerjigazetesi.ist\/en\/wp-json\/wp\/v2\/media\/44115"}],"wp:attachment":[{"href":"https:\/\/www.enerjigazetesi.ist\/en\/wp-json\/wp\/v2\/media?parent=63236"}],"wp:term":[{"taxonomy":"category","embeddable":true,"href":"https:\/\/www.enerjigazetesi.ist\/en\/wp-json\/wp\/v2\/categories?post=63236"},{"taxonomy":"post_tag","embeddable":true,"href":"https:\/\/www.enerjigazetesi.ist\/en\/wp-json\/wp\/v2\/tags?post=63236"}],"curies":[{"name":"wp","href":"https:\/\/api.w.org\/{rel}","templated":true}]}}