{"id":63213,"date":"2017-04-12T10:35:00","date_gmt":"2017-04-12T07:35:00","guid":{"rendered":"https:\/\/www.enerjigazetesi.ist\/?p=63213"},"modified":"2017-04-12T10:51:48","modified_gmt":"2017-04-12T07:51:48","slug":"dr-nureddin-erk-perihanda-mesleki-yenilenebilir-enerji-egitimi-firsati","status":"publish","type":"post","link":"https:\/\/www.enerjigazetesi.ist\/en\/dr-nureddin-erk-perihanda-mesleki-yenilenebilir-enerji-egitimi-firsati\/","title":{"rendered":"(Turkish) Dr. Nureddin Erk-Perihan&#8217;da Mesleki Yenilenebilir Enerji E\u011fitimi F\u0131rsat\u0131!"},"content":{"rendered":"<p class=\"qtranxs-available-languages-message qtranxs-available-languages-message-en\">Sorry, this entry is only available in <a href=\"https:\/\/www.enerjigazetesi.ist\/tr\/wp-json\/wp\/v2\/posts\/63213\" class=\"qtranxs-available-language-link qtranxs-available-language-link-tr\" title=\"Turkish\">Turkish<\/a>. For the sake of viewer convenience, the content is shown below in the alternative language. You may click the link to switch the active language.<\/p><p><strong>Dr. Nureddin Erk-Perihan Erk Mesleki ve Teknik Anadolu Lisesi, 2003 y\u0131l\u0131nda ba\u011f\u0131\u015f\u00e7\u0131s\u0131 Dr. Nureddin Erk taraf\u0131ndan yapt\u0131r\u0131lan okul, Anadolu Yakas\u0131n\u0131n ilk ve tek Yenilenebilir Enerji E\u011fitimi veren lisesi konumundad\u0131r. Okulda 2015-2016 \u00f6\u011fretim y\u0131l\u0131nda a\u00e7\u0131lan Yenilenebilir Enerji Teknolojileri Alan\u0131nda yap\u0131lan \u00e7al\u0131\u015fmalar birka\u00e7 farkl\u0131 koldan s\u00fcrd\u00fcr\u00fclmektedir. <\/strong><\/p>\n<p>Bu kapsamda, at\u00f6lye ve laboratuvarlar\u0131n g\u00fcncel ekipman ve deney setleri ile donat\u0131lmas\u0131, \u00f6\u011fretmenlerin \u00e7e\u015fitli firmalarda e\u011fitimlere g\u00f6nderilmesi, sekt\u00f6rde yer edinmi\u015f firmalar\u0131n yetkilileri ile uzman akademisyenlerin \u00e7a\u011f\u0131r\u0131larak \u00f6\u011frenci ve \u00f6\u011fretmenlerimize seminerler vermesi gibi \u00e7e\u015fitli faaliyetler ger\u00e7ekle\u015ftirilmektedir.<\/p>\n<p>Temel hedefi \u00f6zellikle g\u00fc<a href=\"https:\/\/www.enerjigazetesi.ist\/wp-content\/uploads\/2017\/04\/dr-nureddin-erk-perihanda-mesleki-yenilenebilir-enerji-egitimi-firsati.jpg\"><img loading=\"lazy\" class=\"alignleft size-medium wp-image-63214\" src=\"https:\/\/www.enerjigazetesi.ist\/wp-content\/uploads\/2017\/04\/dr-nureddin-erk-perihanda-mesleki-yenilenebilir-enerji-egitimi-firsati-300x223.jpg\" alt=\"dr-nureddin-erk-perihanda-mesleki-yenilenebilir-enerji-egitimi-firsati\" width=\"300\" height=\"223\" srcset=\"https:\/\/www.enerjigazetesi.ist\/wp-content\/uploads\/2017\/04\/dr-nureddin-erk-perihanda-mesleki-yenilenebilir-enerji-egitimi-firsati-300x223.jpg 300w, https:\/\/www.enerjigazetesi.ist\/wp-content\/uploads\/2017\/04\/dr-nureddin-erk-perihanda-mesleki-yenilenebilir-enerji-egitimi-firsati-500x371.jpg 500w, https:\/\/www.enerjigazetesi.ist\/wp-content\/uploads\/2017\/04\/dr-nureddin-erk-perihanda-mesleki-yenilenebilir-enerji-egitimi-firsati-67x50.jpg 67w, https:\/\/www.enerjigazetesi.ist\/wp-content\/uploads\/2017\/04\/dr-nureddin-erk-perihanda-mesleki-yenilenebilir-enerji-egitimi-firsati.jpg 550w\" sizes=\"(max-width: 300px) 100vw, 300px\" \/><\/a>ne\u015f enerjisi sekt\u00f6r\u00fcn\u00fcn ihtiya\u00e7 duydu\u011fu nitelikli i\u015f g\u00fcc\u00fcn\u00fcn olu\u015fturulmas\u0131n\u0131 sa\u011flamak olan okulun \u00f6\u011frencileri 4 y\u0131ll\u0131k mesleki e\u011fitimleri ile g\u00fcne\u015f enerjisi santralinin kurulum, i\u015fletme, bak\u0131m ve onar\u0131m a\u015famalar\u0131n\u0131n her birinde \u00e7al\u0131\u015fabilecek yetkinli\u011fe sahip olarak mezun olmaktad\u0131r. E\u011fitim konular\u0131, GES &#8211; RES santrallerinin projelendirilmesi, mekanik alt yap\u0131n\u0131n kurulmas\u0131, kablolama, paneller ile di\u011fer bile\u015fenlerin montaj\u0131, sistemin devreye al\u0131nmas\u0131, i\u015fletme-bak\u0131m-onar\u0131m prosed\u00fcrleri vb. ba\u015fl\u0131klar\u0131 i\u00e7ermektedir. Bilgisayar ve otomasyon laboratuvarlar\u0131, mekanik at\u00f6lyeler, yenilenebilir enerji at\u00f6lyeleri, g\u00fcne\u015f enerjisi santrali, \u00e7ok say\u0131da deney setleri ve tam donan\u0131ml\u0131 meteorolojik \u00f6l\u00e7\u00fcm istasyonu ile okulumuz kapsaml\u0131 bir uygulama merkezidir.<\/p>\n<p>Okul M\u00fcd\u00fcr Yard\u0131mc\u0131s\u0131 Ahmet \u00d6zer KAL\u0130BER yapt\u0131\u011f\u0131 a\u00e7\u0131klamada, \u201cVoli fuarc\u0131l\u0131\u011f\u0131n deste\u011fi ile kat\u0131ld\u0131\u011f\u0131m\u0131z Solarex 2017 bizim a\u00e7\u0131m\u0131zdan olduk\u00e7a verimli ge\u00e7mi\u015ftir. Sekt\u00f6r temsilcileri ile do\u011frudan tan\u0131\u015fma f\u0131rsat\u0131n\u0131 elde ettik. \u00d6nemli istihdam potansiyeline sahip sekt\u00f6rde, firmalar nitelikli personele ihtiya\u00e7 duyduklar\u0131n\u0131 belirttiler. 4 y\u0131l boyunca g\u00fcncel teknolojiyi ve sekt\u00f6r\u00fcn beklentilerini esas alarak yeti\u015ftirdi\u011fimiz \u00f6\u011frencilerin, mezun olduklar\u0131nda i\u015fe yerle\u015fmelerini bekliyoruz. Y\u00fcksek \u00f6\u011frenime devam etmeleri ve yabanc\u0131 dil bilmeleri halinde \u00f6nlerine \u00e7ok daha iyi f\u0131rsatlar \u00e7\u0131kacakt\u0131r.&#8221;\u00a0dedi.<\/p>\n<p>Ayr\u0131ca Ahmet \u00d6zer KAL\u0130BER, \u201cMeslek liselerindeki en b\u00fcy\u00fck sorunlardan biri; sekt\u00f6rden, sanayiden, teknolojiden kopuk olunmas\u0131, di\u011feri de istihdam alan\u0131 olmayan b\u00f6l\u00fcmlerin a\u00e7\u0131lmas\u0131d\u0131r. Sekt\u00f6r\u00fcn bekledi\u011fi yeterliliklere sahip olmad\u0131\u011f\u0131 i\u00e7in i\u015f bulamayan veya kendi alan\u0131nda \u00e7al\u0131\u015famayan her mezun \u00f6\u011frenci bizim i\u00e7in vebaldir. Mesleki e\u011fitimde her yanl\u0131\u015f, i\u015fsizli\u011fi ve ekonomiyi do\u011frudan etkileyece\u011finden \u00f6zellikle meslek lisesi y\u00f6neticilerinin istihdam potansiyeli olan alanlarda e\u011fitim verilmesini sa\u011flamalar\u0131 ve s\u00fcrekli firma ziyaretlerinde bulunmalar\u0131 gerekmektedir. Okullarda e\u011fitim-\u00f6\u011fretim faaliyetleri sekt\u00f6r beklentilerini kar\u015f\u0131layacak seviyeye getirmelidir.\u201d\u00a0ifadelerini kulland\u0131.<\/p>","protected":false},"excerpt":{"rendered":"<p>Sorry, this entry is only available in Turkish. For the sake of viewer convenience, the content is shown below in the alternative language. You may click the link to switch the active language.Dr. Nureddin Erk-Perihan Erk Mesleki ve Teknik Anadolu Lisesi, 2003 y\u0131l\u0131nda ba\u011f\u0131\u015f\u00e7\u0131s\u0131 Dr. Nureddin Erk taraf\u0131ndan yapt\u0131r\u0131lan okul, Anadolu Yakas\u0131n\u0131n ilk ve tek [&hellip;]<\/p>\n","protected":false},"author":1,"featured_media":63214,"comment_status":"open","ping_status":"open","sticky":false,"template":"","format":"standard","meta":[],"categories":[53,49],"tags":[33738,33737,33739,63,67,1009,2698,165,227,13,23133,22975,4269,105,4922,8551],"views":1996,"_links":{"self":[{"href":"https:\/\/www.enerjigazetesi.ist\/en\/wp-json\/wp\/v2\/posts\/63213"}],"collection":[{"href":"https:\/\/www.enerjigazetesi.ist\/en\/wp-json\/wp\/v2\/posts"}],"about":[{"href":"https:\/\/www.enerjigazetesi.ist\/en\/wp-json\/wp\/v2\/types\/post"}],"author":[{"embeddable":true,"href":"https:\/\/www.enerjigazetesi.ist\/en\/wp-json\/wp\/v2\/users\/1"}],"replies":[{"embeddable":true,"href":"https:\/\/www.enerjigazetesi.ist\/en\/wp-json\/wp\/v2\/comments?post=63213"}],"version-history":[{"count":6,"href":"https:\/\/www.enerjigazetesi.ist\/en\/wp-json\/wp\/v2\/posts\/63213\/revisions"}],"predecessor-version":[{"id":63220,"href":"https:\/\/www.enerjigazetesi.ist\/en\/wp-json\/wp\/v2\/posts\/63213\/revisions\/63220"}],"wp:featuredmedia":[{"embeddable":true,"href":"https:\/\/www.enerjigazetesi.ist\/en\/wp-json\/wp\/v2\/media\/63214"}],"wp:attachment":[{"href":"https:\/\/www.enerjigazetesi.ist\/en\/wp-json\/wp\/v2\/media?parent=63213"}],"wp:term":[{"taxonomy":"category","embeddable":true,"href":"https:\/\/www.enerjigazetesi.ist\/en\/wp-json\/wp\/v2\/categories?post=63213"},{"taxonomy":"post_tag","embeddable":true,"href":"https:\/\/www.enerjigazetesi.ist\/en\/wp-json\/wp\/v2\/tags?post=63213"}],"curies":[{"name":"wp","href":"https:\/\/api.w.org\/{rel}","templated":true}]}}