{"id":63170,"date":"2017-04-11T12:17:20","date_gmt":"2017-04-11T09:17:20","guid":{"rendered":"https:\/\/www.enerjigazetesi.ist\/?p=63170"},"modified":"2017-04-11T12:18:03","modified_gmt":"2017-04-11T09:18:03","slug":"fransada-olan-en-eski-nukleer-santral-artik-kapatiliyor","status":"publish","type":"post","link":"https:\/\/www.enerjigazetesi.ist\/en\/fransada-olan-en-eski-nukleer-santral-artik-kapatiliyor\/","title":{"rendered":"(Turkish) Fransa\u2019da Olan En Eski N\u00fckleer Santral Art\u0131k Kapat\u0131l\u0131yor"},"content":{"rendered":"<p class=\"qtranxs-available-languages-message qtranxs-available-languages-message-en\">Sorry, this entry is only available in <a href=\"https:\/\/www.enerjigazetesi.ist\/tr\/wp-json\/wp\/v2\/posts\/63170\" class=\"qtranxs-available-language-link qtranxs-available-language-link-tr\" title=\"Turkish\">Turkish<\/a>. For the sake of viewer convenience, the content is shown below in the alternative language. You may click the link to switch the active language.<\/p><p><strong>Fransa&#8217;n\u0131n Resmi gazetesinde yay\u0131mlanan kararda, Flamanville\u2019de olan yeni nesil enerji sa<a href=\"https:\/\/www.enerjigazetesi.ist\/wp-content\/uploads\/2016\/03\/3-uluslararasi-nukleer-santraller-zirvesinde-nukleer-teknolojisi-tanitildi.jpg\"><img loading=\"lazy\" class=\"alignright wp-image-51491 size-medium\" src=\"https:\/\/www.enerjigazetesi.ist\/wp-content\/uploads\/2016\/03\/3-uluslararasi-nukleer-santraller-zirvesinde-nukleer-teknolojisi-tanitildi-300x165.jpg\" alt=\"nukleer-santraller\" width=\"300\" height=\"165\" srcset=\"https:\/\/www.enerjigazetesi.ist\/wp-content\/uploads\/2016\/03\/3-uluslararasi-nukleer-santraller-zirvesinde-nukleer-teknolojisi-tanitildi-300x165.jpg 300w, https:\/\/www.enerjigazetesi.ist\/wp-content\/uploads\/2016\/03\/3-uluslararasi-nukleer-santraller-zirvesinde-nukleer-teknolojisi-tanitildi-500x276.jpg 500w, https:\/\/www.enerjigazetesi.ist\/wp-content\/uploads\/2016\/03\/3-uluslararasi-nukleer-santraller-zirvesinde-nukleer-teknolojisi-tanitildi-80x44.jpg 80w, https:\/\/www.enerjigazetesi.ist\/wp-content\/uploads\/2016\/03\/3-uluslararasi-nukleer-santraller-zirvesinde-nukleer-teknolojisi-tanitildi.jpg 696w\" sizes=\"(max-width: 300px) 100vw, 300px\" \/><\/a>ntralinin Nisan 2020 y\u0131l\u0131nda hizmete girmesinden sonra, 1978 y\u0131l\u0131ndan beri \u00e7al\u0131\u015fan Fessenheim kentinde yer alan en eski n\u00fckleer enerji santralinin faaliyetleri\u00a0durduraca\u011f\u0131 belirtildi.<\/strong><\/p>\n<p style=\"color: #0a0a0a;\">\u00c7evre ve Enerji Bakan\u0131 Segolene Royal taraf\u0131ndan sosyal medya \u00fczerinde santral\u0131n kapat\u0131lmas\u0131na ili\u015fkin, \u201cFessenheim\u2019deki n\u00fckleer santralin kapat\u0131lmas\u0131 ile ilgili karar imzalanarak bu sabah resmi gazetede yay\u0131mlanm\u0131\u015ft\u0131r.\u201d ifadesi kullan\u0131ld\u0131.<\/p>\n<p style=\"color: #0a0a0a;\">D\u00fcnyada ki n\u00fckleer enerji \u00fcretiminde ilk s\u0131rada bulunan\u00a0Fransa\u2019n\u0131n 58 reakt\u00f6r\u00fc bulunmaktad\u0131r. \u00dclkenin elektrik ihtiyac\u0131n\u0131n y\u00fczde 76\u2019s\u0131 n\u00fckleer santrallerden sa\u011flanmaktad\u0131r.<\/p>\n<p><\/p>","protected":false},"excerpt":{"rendered":"<p>Sorry, this entry is only available in Turkish. For the sake of viewer convenience, the content is shown below in the alternative language. You may click the link to switch the active language.Fransa&#8217;n\u0131n Resmi gazetesinde yay\u0131mlanan kararda, Flamanville\u2019de olan yeni nesil enerji santralinin Nisan 2020 y\u0131l\u0131nda hizmete girmesinden sonra, 1978 y\u0131l\u0131ndan beri \u00e7al\u0131\u015fan Fessenheim kentinde [&hellip;]<\/p>\n","protected":false},"author":1,"featured_media":51491,"comment_status":"open","ping_status":"open","sticky":false,"template":"","format":"standard","meta":[],"categories":[53,43],"tags":[3701,63,67,1009,2698,165,1346,32418,1133,71,21,25480,23614,2973,1388],"views":1254,"_links":{"self":[{"href":"https:\/\/www.enerjigazetesi.ist\/en\/wp-json\/wp\/v2\/posts\/63170"}],"collection":[{"href":"https:\/\/www.enerjigazetesi.ist\/en\/wp-json\/wp\/v2\/posts"}],"about":[{"href":"https:\/\/www.enerjigazetesi.ist\/en\/wp-json\/wp\/v2\/types\/post"}],"author":[{"embeddable":true,"href":"https:\/\/www.enerjigazetesi.ist\/en\/wp-json\/wp\/v2\/users\/1"}],"replies":[{"embeddable":true,"href":"https:\/\/www.enerjigazetesi.ist\/en\/wp-json\/wp\/v2\/comments?post=63170"}],"version-history":[{"count":2,"href":"https:\/\/www.enerjigazetesi.ist\/en\/wp-json\/wp\/v2\/posts\/63170\/revisions"}],"predecessor-version":[{"id":63172,"href":"https:\/\/www.enerjigazetesi.ist\/en\/wp-json\/wp\/v2\/posts\/63170\/revisions\/63172"}],"wp:featuredmedia":[{"embeddable":true,"href":"https:\/\/www.enerjigazetesi.ist\/en\/wp-json\/wp\/v2\/media\/51491"}],"wp:attachment":[{"href":"https:\/\/www.enerjigazetesi.ist\/en\/wp-json\/wp\/v2\/media?parent=63170"}],"wp:term":[{"taxonomy":"category","embeddable":true,"href":"https:\/\/www.enerjigazetesi.ist\/en\/wp-json\/wp\/v2\/categories?post=63170"},{"taxonomy":"post_tag","embeddable":true,"href":"https:\/\/www.enerjigazetesi.ist\/en\/wp-json\/wp\/v2\/tags?post=63170"}],"curies":[{"name":"wp","href":"https:\/\/api.w.org\/{rel}","templated":true}]}}