{"id":63166,"date":"2017-04-10T19:03:33","date_gmt":"2017-04-10T16:03:33","guid":{"rendered":"https:\/\/www.enerjigazetesi.ist\/?p=63166"},"modified":"2017-04-10T19:15:33","modified_gmt":"2017-04-10T16:15:33","slug":"siemens-turkiyenin-karbon-notr-hedefine-yonelik-5-bin-agaclik-orman","status":"publish","type":"post","link":"https:\/\/www.enerjigazetesi.ist\/en\/siemens-turkiyenin-karbon-notr-hedefine-yonelik-5-bin-agaclik-orman\/","title":{"rendered":"(Turkish) Siemens T\u00fcrkiye\u2019nin Karbon N\u00f6tr Hedefine Y\u00f6nelik 5 Bin A\u011fa\u00e7l\u0131k Orman Olu\u015fturuldu"},"content":{"rendered":"<p class=\"qtranxs-available-languages-message qtranxs-available-languages-message-en\">Sorry, this entry is only available in <a href=\"https:\/\/www.enerjigazetesi.ist\/tr\/wp-json\/wp\/v2\/posts\/63166\" class=\"qtranxs-available-language-link qtranxs-available-language-link-tr\" title=\"Turkish\">Turkish<\/a>. For the sake of viewer convenience, the content is shown below in the alternative language. You may click the link to switch the active language.<\/p><p><strong>Cumhuriyetin 100\u2019\u00fcnc\u00fc y<\/strong><strong>\u0131<\/strong><strong>l<\/strong><strong>\u0131<\/strong><strong> olan 2023<\/strong><strong>\u2019<\/strong><strong>te karbon n<\/strong><strong>\u00f6<\/strong><strong>tr bir <\/strong><strong>\u015f<\/strong><strong>irket olmay<\/strong><strong>\u0131<\/strong><strong> hedefleyen Siemens T<\/strong><strong>\u00fc<\/strong><strong>rkiye, bu hedefine katk<\/strong><strong>\u0131<\/strong><strong> sa<\/strong><strong>\u011f<\/strong><strong>layacak ilk somut ad<\/strong><strong>\u0131<\/strong><strong>m<\/strong><strong>\u0131<\/strong><strong>n<\/strong><strong>\u0131<\/strong><strong> att<\/strong><strong>\u0131<\/strong><strong>. Siemens T<\/strong><strong>\u00fc<\/strong><strong>rkiye, Ege Orman Vakf<\/strong><strong>\u0131<\/strong><strong> i<\/strong><strong>\u015f<\/strong><strong> birli<\/strong><strong>\u011f<\/strong><strong>iyle <\/strong><strong>\u0130<\/strong><strong>zmir-Seferihisar <\/strong><strong>\u00dc<\/strong><strong>rkmez<\/strong><strong>\u2019<\/strong><strong>de, 5000 fidanl<\/strong><strong>\u0131<\/strong><strong>k 160<\/strong><strong>\u2019<\/strong><strong>\u0131<\/strong><strong>nc<\/strong><strong>\u0131<\/strong><strong> Y<\/strong><strong>\u0131<\/strong><strong>l Siemens Hat<\/strong><strong>\u0131<\/strong><strong>ra Orman<\/strong><strong>\u0131<\/strong><strong> olu<\/strong><strong>\u015f<\/strong><strong>turdu.\u00a0<\/strong><strong>S\u00fcrd\u00fcr\u00fclebilirlik kapsam<\/strong><strong>\u0131<\/strong><strong>ndaki bu hedefi ger<\/strong><strong>\u00e7<\/strong><strong>ekle<\/strong><strong>\u015f<\/strong><strong>tirmek i<\/strong><strong>\u00e7<\/strong><strong>in <\/strong><strong>\u00f6<\/strong><strong>zel bir proje grubu kuran Siemens T<\/strong><strong>\u00fc<\/strong><strong>rkiye, karbon ayak izini 2020<\/strong><strong>\u2019<\/strong><strong>ye kadar y<\/strong><strong>\u00fc<\/strong><strong>zde 50 oran<\/strong><strong>\u0131<\/strong><strong>nda azaltmay<\/strong><strong>\u0131<\/strong><strong>, 2023<\/strong><strong>\u2019<\/strong><strong>te ise tamamen <\/strong><strong>\u2018<\/strong><strong>karbon n<\/strong><strong>\u00f6<\/strong><strong>tr<\/strong><strong>\u2019<\/strong><strong> bir <\/strong><strong>\u015f<\/strong><strong>irket olmay<\/strong><strong>\u0131<\/strong><strong> hedefliyor.<\/strong><\/p>\n<p>Siemens T\u00fcrkiye\u2019nin Ege Orman Vakf\u0131 i\u015fbirli\u011fiyle \u0130zmir Seferihisar-\u00dcrkmez a\u011fa\u00e7land\u0131rma sahas\u0131nda olu\u015fturdu\u011fu 5 bin fidanl\u0131k orman i\u00e7in 7 Nisan\u2019da fidan dikim t\u00f6reni d\u00fczenlendi. T\u00f6rene, Siemens T\u00fcrkiye \u0130cra Kurulu \u00fcyeleri, \u0130zmir ofisi \u00e7al\u0131\u015fanlar\u0131 ve Ege Orman <a href=\"https:\/\/www.enerjigazetesi.ist\/wp-content\/uploads\/2017\/04\/siemens-turkiyenin-karbon-notr-hedefine-yonelik-5-bin-agaclik-orman.jpg\"><img loading=\"lazy\" class=\"alignleft size-medium wp-image-63167\" src=\"https:\/\/www.enerjigazetesi.ist\/wp-content\/uploads\/2017\/04\/siemens-turkiyenin-karbon-notr-hedefine-yonelik-5-bin-agaclik-orman-300x200.jpg\" alt=\"siemens-turkiyenin-karbon-notr-hedefine-yonelik-5-bin-agaclik-orman\" width=\"300\" height=\"200\" srcset=\"https:\/\/www.enerjigazetesi.ist\/wp-content\/uploads\/2017\/04\/siemens-turkiyenin-karbon-notr-hedefine-yonelik-5-bin-agaclik-orman-300x200.jpg 300w, https:\/\/www.enerjigazetesi.ist\/wp-content\/uploads\/2017\/04\/siemens-turkiyenin-karbon-notr-hedefine-yonelik-5-bin-agaclik-orman-500x333.jpg 500w, https:\/\/www.enerjigazetesi.ist\/wp-content\/uploads\/2017\/04\/siemens-turkiyenin-karbon-notr-hedefine-yonelik-5-bin-agaclik-orman-75x50.jpg 75w, https:\/\/www.enerjigazetesi.ist\/wp-content\/uploads\/2017\/04\/siemens-turkiyenin-karbon-notr-hedefine-yonelik-5-bin-agaclik-orman.jpg 750w\" sizes=\"(max-width: 300px) 100vw, 300px\" \/><\/a>Vakf\u0131 Genel M\u00fcd\u00fcr\u00fc Metin Gen\u00e7ol ile Vak\u0131f y\u00f6neticileri kat\u0131ld\u0131.<\/p>\n<p><strong>Siemens T\u00fcrkiye Y\u00f6netim Kurulu Ba<\/strong><strong>\u015f<\/strong><strong>kan<\/strong><strong>\u0131<\/strong><strong> ve CEO<\/strong><strong>\u2019<\/strong><strong>su H<\/strong><strong>\u00fc<\/strong><strong>seyin Gelis<\/strong>, Siemens T\u00fcrkiye\u2019nin 160\u2019\u0131nc\u0131 y\u0131l\u0131 dolay\u0131s\u0131yla yay\u0131nlad\u0131\u011f\u0131\u2018Topluma Katk\u0131 Raporu\u2019nu hat\u0131rlatarak \u015funlar\u0131 s\u00f6yledi: \u201c<em>Bu raporda s\u00fcrd\u00fcr\u00fclebilirlik alan<\/em><em>\u0131<\/em><em>ndaki hedeflerimizi a<\/em><em>\u00e7<\/em><em>\u0131<\/em><em>klam<\/em><em>\u0131\u015f<\/em><em>t<\/em><em>\u0131<\/em><em>k. <\/em><em>\u00dc<\/em><em>zerinde ya<\/em><em>\u015f<\/em><em>ad<\/em><em>\u0131\u011f\u0131<\/em><em>m<\/em><em>\u0131<\/em><em>z gezegeni gelece<\/em><em>\u011f<\/em><em>e ta<\/em><em>\u015f\u0131<\/em><em>maya katk<\/em><em>\u0131<\/em><em> sa<\/em><em>\u011f<\/em><em>lamak ad<\/em><em>\u0131<\/em><em>na 2023<\/em><em>\u2019<\/em><em>te karbon n<\/em><em>\u00f6<\/em><em>tr <\/em><em>\u015f<\/em><em>irket olmay<\/em><em>\u0131<\/em><em> hedefliyoruz. 2015 y<\/em><em>\u0131<\/em><em>l<\/em><em>\u0131<\/em><em>nda do<\/em><em>\u011f<\/em><em>rudan kendi operasyonlar<\/em><em>\u0131<\/em><em>m<\/em><em>\u0131<\/em><em>zdan kaynaklanan 19 bin tonluk karbon ayak izimizi 2020\u2019de yar<\/em><em>\u0131<\/em><em> yar<\/em><em>\u0131<\/em><em>ya d<\/em><em>\u00fc<\/em><em>\u015f<\/em><em>\u00fc<\/em><em>rm<\/em><em>\u00fc<\/em><em>\u015f<\/em><em> olmay<\/em><em>\u0131<\/em><em> planl<\/em><em>\u0131<\/em><em>yoruz. Ayr<\/em><em>\u0131<\/em><em>ca Siemens T<\/em><em>\u00fc<\/em><em>rkiye b<\/em><em>\u00fc<\/em><em>nyesinde <\/em><em>\u2018<\/em><em>S<\/em><em>\u00fc<\/em><em>rd<\/em><em>\u00fc<\/em><em>r<\/em><em>\u00fc<\/em><em>lebilirlik Y<\/em><em>\u00f6<\/em><em>netim (CSO)<\/em><em>\u2019<\/em><em> pozisyonu olu<\/em><em>\u015f<\/em><em>turduk ve CSO<\/em><em>\u2019<\/em><em>muz Esra Kent <\/em><em>\u00f6<\/em><em>nc<\/em><em>\u00fc<\/em><em>l<\/em><em>\u00fc<\/em><em>\u011f<\/em><em>\u00fc<\/em><em>nde <\/em><em>\u00f6<\/em><em>zel bir proje grubu kurduk. Bu grup s<\/em><em>\u00fc<\/em><em>rd<\/em><em>\u00fc<\/em><em>r<\/em><em>\u00fc<\/em><em>lebilirlik hedeflerimizin ger\u00e7ekle<\/em><em>\u015f<\/em><em>mesi i<\/em><em>\u00e7<\/em><em>in <\/em><em>\u00e7<\/em><em>al<\/em><em>\u0131\u015f<\/em><em>acak. Bug<\/em><em>\u00fc<\/em><em>n burada hayata ge<\/em><em>\u00e7<\/em><em>irmek i<\/em><em>\u00e7<\/em><em>in topland<\/em><em>\u0131\u011f\u0131<\/em><em>m<\/em><em>\u0131<\/em><em>z bu orman bu y<\/em><em>\u00f6<\/em><em>ndeki <\/em><em>\u00e7<\/em><em>al<\/em><em>\u0131\u015f<\/em><em>malar<\/em><em>\u0131<\/em><em>m<\/em><em>\u0131<\/em><em>z<\/em><em>\u0131<\/em><em>n en <\/em><em>\u00f6<\/em><em>nemlilerinden biri olacak<\/em>.\u201d<\/p>\n<p><strong>Ege Orman Vakf<\/strong><strong>\u0131<\/strong><strong> Genel M<\/strong><strong>\u00fc<\/strong><strong>d<\/strong><strong>\u00fc<\/strong><strong>r<\/strong><strong>\u00fc<\/strong><strong> Metin Gen<\/strong><strong>\u00e7<\/strong><strong>ol<\/strong> da a\u011fa\u00e7land\u0131rma alan\u0131nda \u0130zmir Orman B\u00f6lge M\u00fcd\u00fcrl\u00fc\u011f\u00fc i\u015f birli\u011fi ile yap\u0131lan \u00e7al\u0131\u015fmalar hakk\u0131nda bilgi verdi. Gen\u00e7ol; \u201cSizin gibi \u00e7evreye duyarl\u0131\u015firketler, karbon sal\u0131mlar\u0131n\u0131 web sitemizde bulunan karbonmetre arac\u0131l\u0131\u011f\u0131 ile saptayarak, Vakf\u0131m\u0131z arac\u0131l\u0131\u011f\u0131yla fidan dikip, hem karbon ayak izlerini siliyor hem de do\u011faya kazand\u0131rd\u0131klar\u0131 yeni fidan, koru ve ormanlarla k\u00fcresel \u0131s\u0131nmaya \u00e7are oluyor. A\u011fa\u00e7land\u0131rma \u00e7al\u0131\u015fmam\u0131za verdi\u011finiz destek ile kurum olarak karbon ayak izinizi k\u00fc\u00e7\u00fclterek do\u011faya kar\u015f\u0131 sorumlulu\u011funuzu yerine getiriyorsunuz. Ba\u011f\u0131\u015f\u0131n\u0131z ile 5 bin fidan can buldu.\u201d diye konu\u015ftu. Gen\u00e7ol, do\u011faya katk\u0131lar\u0131ndan dolay\u0131 Siemens T\u00fcrkiye\u2019ye te\u015fekk\u00fcr ederek Siemens T\u00fcrkiye Y\u00f6netim Kurulu Ba\u015fkan\u0131 ve CEO\u2019su H\u00fcseyin Gelis\u2019e plaketini takdim etti. Konu\u015fmalar\u0131n ard\u0131ndan fidanlar toprakla bulu\u015ftu.<\/p>\n<p>S\u00fcrd\u00fcr\u00fclebilirli\u011fi ana prensip kabul eden Siemens, bu alandaki stratejilerini \u201c\u00c7evre, Toplum, Kazan\u00e7\u201d ba\u011flam\u0131nda tan\u0131ml\u0131yor.S\u00fcrd\u00fcr\u00fclebilirlik ad\u0131na T\u00fcrkiye\u2019de bu \u00fc\u00e7 ba\u015fl\u0131kta da farkl\u0131\u00e7al\u0131\u015fmalara imza atan Siemens T\u00fcrkiye, Siemens globalin \u20182030 y\u0131l\u0131nda karbon n\u00f6tr \u015firket olma\u2019 hedefini kendisi i\u00e7in daha \u00f6ne \u00e7ekmi\u015f ve T\u00fcrkiye Cumhuriyeti\u2019nin 100\u2019\u00fcnc\u00fc y\u0131l\u0131nda bu hedefe ula\u015fmay\u0131 taahh\u00fct etmi\u015fti.<\/p>","protected":false},"excerpt":{"rendered":"<p>Sorry, this entry is only available in Turkish. For the sake of viewer convenience, the content is shown below in the alternative language. You may click the link to switch the active language.Cumhuriyetin 100\u2019\u00fcnc\u00fc y\u0131l\u0131 olan 2023\u2019te karbon n\u00f6tr bir \u015firket olmay\u0131 hedefleyen Siemens T\u00fcrkiye, bu hedefine katk\u0131 sa\u011flayacak ilk somut ad\u0131m\u0131n\u0131 att\u0131. Siemens T\u00fcrkiye, [&hellip;]<\/p>\n","protected":false},"author":1,"featured_media":63167,"comment_status":"open","ping_status":"open","sticky":false,"template":"","format":"standard","meta":[],"categories":[53,52],"tags":[12455,63,67,1009,2698,165,33724,33722,1426,1247,33723,8268,1296],"views":1137,"_links":{"self":[{"href":"https:\/\/www.enerjigazetesi.ist\/en\/wp-json\/wp\/v2\/posts\/63166"}],"collection":[{"href":"https:\/\/www.enerjigazetesi.ist\/en\/wp-json\/wp\/v2\/posts"}],"about":[{"href":"https:\/\/www.enerjigazetesi.ist\/en\/wp-json\/wp\/v2\/types\/post"}],"author":[{"embeddable":true,"href":"https:\/\/www.enerjigazetesi.ist\/en\/wp-json\/wp\/v2\/users\/1"}],"replies":[{"embeddable":true,"href":"https:\/\/www.enerjigazetesi.ist\/en\/wp-json\/wp\/v2\/comments?post=63166"}],"version-history":[{"count":2,"href":"https:\/\/www.enerjigazetesi.ist\/en\/wp-json\/wp\/v2\/posts\/63166\/revisions"}],"predecessor-version":[{"id":63169,"href":"https:\/\/www.enerjigazetesi.ist\/en\/wp-json\/wp\/v2\/posts\/63166\/revisions\/63169"}],"wp:featuredmedia":[{"embeddable":true,"href":"https:\/\/www.enerjigazetesi.ist\/en\/wp-json\/wp\/v2\/media\/63167"}],"wp:attachment":[{"href":"https:\/\/www.enerjigazetesi.ist\/en\/wp-json\/wp\/v2\/media?parent=63166"}],"wp:term":[{"taxonomy":"category","embeddable":true,"href":"https:\/\/www.enerjigazetesi.ist\/en\/wp-json\/wp\/v2\/categories?post=63166"},{"taxonomy":"post_tag","embeddable":true,"href":"https:\/\/www.enerjigazetesi.ist\/en\/wp-json\/wp\/v2\/tags?post=63166"}],"curies":[{"name":"wp","href":"https:\/\/api.w.org\/{rel}","templated":true}]}}