{"id":63156,"date":"2017-04-10T14:41:06","date_gmt":"2017-04-10T11:41:06","guid":{"rendered":"https:\/\/www.enerjigazetesi.ist\/?p=63156"},"modified":"2017-04-10T14:41:06","modified_gmt":"2017-04-10T11:41:06","slug":"turkiye-ankarada-dunyanin-en-akilli-sehirlerini-agirlayacak","status":"publish","type":"post","link":"https:\/\/www.enerjigazetesi.ist\/en\/turkiye-ankarada-dunyanin-en-akilli-sehirlerini-agirlayacak\/","title":{"rendered":"(Turkish) T\u00fcrkiye, Ankara&#8217;da D\u00fcnya&#8217;n\u0131n En Ak\u0131ll\u0131 \u015eehirlerini A\u011f\u0131rlayacak"},"content":{"rendered":"<p class=\"qtranxs-available-languages-message qtranxs-available-languages-message-en\">Sorry, this entry is only available in <a href=\"https:\/\/www.enerjigazetesi.ist\/tr\/wp-json\/wp\/v2\/posts\/63156\" class=\"qtranxs-available-language-link qtranxs-available-language-link-tr\" title=\"Turkish\">Turkish<\/a>. For the sake of viewer convenience, the content is shown below in the alternative language. You may click the link to switch the active language.<\/p><p><strong>\u015eehircilik konusunda kamu politikalar\u0131na katk\u0131 sa\u011flayan, ak\u0131ll\u0131 \u015fehirler ile ilgili T\u00fcrkiye\u2019de pilot yat\u0131r\u0131m \u00e7al\u0131\u015fmalar\u0131 yaparak, bilgi ve raporlar \u00fcreten sivil toplum kurulu\u015fu Kamu Teknoloji Platformu (KTP) taraf\u0131ndan bu y\u0131l ikincisi ger\u00e7ekle\u015ftirilecek \u2018Uluslararas\u0131 Ak\u0131ll\u0131 \u015eehirler Konferans\u0131\u2019, 24 May\u0131s 2017 tarihinde Congresium Ankara\u2019da<\/strong> <strong>ger\u00e7ekle\u015ftirilecek. <\/strong><\/p>\n<p>Kamu kurumlar\u0131, yerel y\u00f6netimler ve \u00f6zel sekt\u00f6r temsilcilerinin kat\u0131l\u0131m\u0131 ile \u201c\u015eehirler \u0130\u00e7in \u0130novasyon ve De\u011fi\u015fim Zaman\u0131\u201d temas\u0131n\u0131n ele al\u0131naca\u011f\u0131, \u201cGelece\u011fin \u00d6n G\u00f6sterimi\u201d slogan\u0131 ile yola \u00e7\u0131kan etkinlikte, gelece\u011fin ya\u015fam\u0131 ve \u015fehirleri masaya<br \/>\n<a href=\"https:\/\/www.enerjigazetesi.ist\/wp-content\/uploads\/2017\/04\/turkiye-ankarada-dunyanin-en-akilli-sehirlerini-agirlayacak.jpg\"><img loading=\"lazy\" class=\"alignright wp-image-63158 size-medium\" src=\"https:\/\/www.enerjigazetesi.ist\/wp-content\/uploads\/2017\/04\/turkiye-ankarada-dunyanin-en-akilli-sehirlerini-agirlayacak-300x195.jpg\" alt=\"\" width=\"300\" height=\"195\" srcset=\"https:\/\/www.enerjigazetesi.ist\/wp-content\/uploads\/2017\/04\/turkiye-ankarada-dunyanin-en-akilli-sehirlerini-agirlayacak-300x195.jpg 300w, https:\/\/www.enerjigazetesi.ist\/wp-content\/uploads\/2017\/04\/turkiye-ankarada-dunyanin-en-akilli-sehirlerini-agirlayacak-500x326.jpg 500w, https:\/\/www.enerjigazetesi.ist\/wp-content\/uploads\/2017\/04\/turkiye-ankarada-dunyanin-en-akilli-sehirlerini-agirlayacak-76x50.jpg 76w, https:\/\/www.enerjigazetesi.ist\/wp-content\/uploads\/2017\/04\/turkiye-ankarada-dunyanin-en-akilli-sehirlerini-agirlayacak.jpg 550w\" sizes=\"(max-width: 300px) 100vw, 300px\" \/><\/a>yat\u0131r\u0131lacak. Konferans\u0131n bu y\u0131lki konuk \u00fclkesi Katar. Katar\u0131n ba\u015fkenti Doha\u2019ya 15 kilometre mesafede, D\u00fcnya\u2019n\u0131n s\u0131f\u0131rdan kurulan ilk ak\u0131ll\u0131 \u015fehri olarak tarihe ge\u00e7en \u201cLUSAIL CITY\u201d tecr\u00fcbesi ve s\u00fcre\u00e7leri ile yerel y\u00f6netimlere ilham kayna\u011f\u0131 olacak.<\/p>\n<p><strong>AKILLI \u015eEH\u0130RLERE 360 DERECE BAKI\u015e<\/strong><\/p>\n<p>Kamu Teknoloji Platformu taraf\u0131ndan bu y\u0131l ikincisi ger\u00e7ekle\u015ftirilecek <strong>Uluslararas\u0131 Ak\u0131ll\u0131 \u015eehirler Konferans\u0131<\/strong> \u00f6zel sekt\u00f6r ve kamudan ulusal ve uluslararas\u0131 60 konu\u015fmac\u0131y\u0131 a\u011f\u0131rlayacak. <strong>\u201c\u015eehirler \u0130\u00e7in \u0130novasyon ve De\u011fi\u015fim Zaman\u0131\u201d temas\u0131n\u0131n ele al\u0131naca\u011f\u0131, \u201cAk\u0131ll\u0131 \u015eehir 360\u00b0\u201d<\/strong> konseptiyle ger\u00e7ekle\u015fecek konferansta ak\u0131ll\u0131 \u015fehirler, \u015fehir planlamadan enerjiye, tar\u0131mdan sa\u011fl\u0131\u011fa, ula\u015f\u0131mdan sosyal inovasyona kadar \u00e7ok y\u00f6nl\u00fc olarak masaya yat\u0131r\u0131lacak. Belediyeler, bakanl\u0131klar, valilikler ve kalk\u0131nma ajanslar\u0131ndan 1000\u2019in \u00fczerinde kat\u0131l\u0131mc\u0131n\u0131n a\u011f\u0131rlanaca\u011f\u0131 etkinlikte bu y\u0131l konuk \u00fclke, <strong>KATAR<\/strong> olacak. Katar\u0131n ba\u015fkenti Doha\u2019ya 15 km. mesafede <strong>D\u00fcnya\u2019n\u0131n s\u0131f\u0131rdan kurulan ilk ak\u0131ll\u0131 \u015fehri \u201cLUSAIL CITY\u201d,<\/strong> d\u00fcnya \u00f6rne\u011fi olarak ele al\u0131nacak. 2022 y\u0131l\u0131nda d\u00fcnya kupas\u0131na ev sahipli\u011fi yapacak olan Katar\u2019da ya\u015fanan \u00f6rnek niteli\u011findeki projeye ili\u015fkin baz\u0131 \u00e7arp\u0131c\u0131 ba\u015fl\u0131klar\u00a0ise:<\/p>\n<p>&#8211; Lusail City\u2019de \u00f6nce alt yap\u0131 \u00e7al\u0131\u015fmalar\u0131 yap\u0131l\u0131yor. \u0130n\u015faatlar bundan sonra ba\u015fl\u0131yor. \u015eehirde kaz\u0131 yapmak yasak, alt yap\u0131 tamir ve bak\u0131m \u00e7al\u0131\u015fmalar\u0131 i\u00e7in \u00f6zel t\u00fcneller var. Elektik, su,gaz ve fiber internet buradan t\u00fcm \u015fehre yay\u0131l\u0131yor.<\/p>\n<p>&#8211; T\u00fcm \u015fehir i\u00e7in standartlar belli ve in\u015faat yaparken her firma bunlara uymak zorunda. S\u00fcrd\u00fcr\u00fclebilirlik, \u00e7evre koruma ve enerji tasarrufuna b\u00fcy\u00fck \u00f6nem veriliyor.<\/p>\n<p>&#8211; Y\u00fcksek binalar 60 metreyi ge\u00e7miyor, ancak bina kendi elektri\u011fini g\u00fcne\u015ften \u00fcretecek bir sistem kurarsa 2 kat daha fazla yap\u0131 izni veriliyor.<\/p>\n<p>&#8211; \u015eehrin trafik, g\u00fcvenlik uygulamalar\u0131 ve acil durumlar, t\u00fcm \u015fehre hakim bir operasyon merkezinden y\u00f6netiliyor.<\/p>\n<p><strong>\u015eEH\u0130RLER\u0130N GELECE\u011e\u0130 AKILLI \u00c7\u00d6Z\u00dcMLERDE<\/strong><\/p>\n<p>Birle\u015fmi\u015f Milletler\u2019in yapt\u0131\u011f\u0131 ara\u015ft\u0131rmaya g\u00f6re \u015fu anda d\u00fcnya n\u00fcfusunun yakla\u015f\u0131k yar\u0131s\u0131n\u0131n kentlerde ya\u015fad\u0131\u011f\u0131na, 2050 y\u0131l\u0131na gelindi\u011finde d\u00fcnya n\u00fcfusunun y\u00fczde 70\u2019inin kentlerde ya\u015fayaca\u011f\u0131n\u0131n tahmin edildi\u011fine dikkat \u00e7eken <strong>Kamu Teknoloji Platformu Y\u00f6netim Kurulu Ba\u015fkan\u0131 Erdem Ak\u00e7\u0131l<\/strong>, \u201cD\u00fcnya Bankas\u0131\u2019n\u0131n payla\u015ft\u0131\u011f\u0131 bilgilere g\u00f6re T\u00fcrkiye n\u00fcfusunun yakla\u015f\u0131k y\u00fczde 72\u2019si kentsel alanda ya\u015famakta. 2030 y\u0131l\u0131nda bu oran\u0131n y\u00fczde 80\u2019i ge\u00e7ece\u011fi \u00f6n g\u00f6r\u00fcl\u00fcyor. \u00dclkemizi bekleyen bu b\u00fcy\u00fck \u015fehir n\u00fcfus art\u0131\u015f\u0131, s\u0131n\u0131rl\u0131 olan kaynaklar\u0131n \u015fimdiden etkinlik kullan\u0131lmas\u0131n\u0131 zorunlu oldu\u011funu g\u00f6stermektedir. Bunun ilk yolu da ak\u0131ll\u0131 \u015fehirlere d\u00f6n\u00fc\u015f\u00fcmd\u00fcr. \u015eehirlerimizin her birinin buna \u015fimdiden haz\u0131rl\u0131k yapmas\u0131 ve 2023 y\u0131l\u0131na kadar bunu tamamlamas\u0131 gerekmektedir. \u00c7evre ve \u015eehircilik Bakanl\u0131\u011f\u0131\u2019n\u0131n 2017 y\u0131l\u0131nda yay\u0131nlayaca\u011f\u0131 \u201c Ak\u0131ll\u0131 \u015eehir Strateji ve Eylem Plan\u0131\u201d bu konu i\u00e7in \u00e7ok \u00f6nemli bir rehber olacakt\u0131r.<\/p>\n<p><strong>YEN\u0130 B\u0130R BELED\u0130YEC\u0130L\u0130K ANLAYI\u015eI; DAHA Y\u00dcKSEK HAYAT KAL\u0130TES\u0130N\u0130 SA\u011eLAMAK<\/strong><\/p>\n<p>Yeni \u015fehircilik anlay\u0131\u015f\u0131 toplumsal refah\u0131 esas alan, adil ve g\u00fcvenli bir topluma ula\u015fmak i\u00e7in en \u00f6nemli ara\u00e7. Vatanda\u015flar\u0131n\u0131n ihtiya\u00e7lar\u0131n\u0131 g\u00fcvence alt\u0131na al\u0131nmas\u0131, hayat\u0131n\u0131 daha kolay hale getirmesi, trafikte zaman kazand\u0131rmas\u0131 ve sa\u011fl\u0131k sisteminin belediye ile entegre y\u00fcr\u00fct\u00fclmesi ak\u0131ll\u0131 \u015fehir ilkelerinin ba\u015f\u0131nda yer al\u0131yor. Ulusal ekonomimizi g\u00fc\u00e7lendirmek i\u00e7in verimlilik ve tasarrufu da beraberinde getirecek. Ayn\u0131 zamanda da ekonomik b\u00fcy\u00fcme ve yat\u0131r\u0131m getirirken ile \u00e7evre koruma ve fark\u0131ndal\u0131k aras\u0131nda bir denge kurmak bu konseptin en \u00f6nemli \u00e7\u0131kt\u0131lar\u0131 aras\u0131nda. Bu konferans vesilesi ile t\u00fcm ilgili taraflar\u0131n bir araya gelmesini diliyor, kamu kurulu\u015flar\u0131m\u0131z\u0131n farkl\u0131 bir bak\u0131\u015f sunaca\u011f\u0131n\u0131, \u00e7al\u0131\u015fmalar\u0131n\u0131n h\u0131z kazand\u0131raca\u011f\u0131n\u0131 \u00fcmit ediyorum\u2026\u201d dedi.<\/p>\n<p><strong>AKILLI \u015eEH\u0130RLERE \u00d6NCEL\u0130KLE 20 KONU BA\u015eLI\u011eI <\/strong><\/p>\n<p>Yerli ve yabanc\u0131 60\u2019\u0131 a\u015fk\u0131n konu\u015fmac\u0131n\u0131n yer alaca\u011f\u0131, 25\u2019ten fazla oturumun ger\u00e7ekle\u015ftirilece\u011fi <strong>Uluslararas\u0131 Ak\u0131ll\u0131 \u015eehirler Konferans\u0131\u2019<\/strong>nda ele al\u0131nacak konulardan baz\u0131lar\u0131 \u015fu \u015fekildedir:<strong>\u00a0\u015eehirlerin Gelece\u011fi, Ak\u0131ll\u0131 \u015eehirlere Adaptasyon: 360, \u015eehirler \u0130\u00e7in Sosyal \u0130novasyon,Ak\u0131ll\u0131 \u015eehirlerde Yenilenebilir Enerji, Enerji Y\u00f6netimi ve Enerji \u0130zleme, Ak\u0131ll\u0131 \u015eehirler \u0130\u00e7in Ak\u0131ll\u0131 Data, \u0130klim De\u011fi\u015fikli\u011fi ve Ye\u015fil \u015eehirler, Trafik Y\u00f6netiminde Yeni Yakla\u015f\u0131mlar, Nesnelerin \u0130nterneti \u015eehirlerin Hizmetinde, Ak\u0131ll\u0131 \u015eehirlerde Sa\u011fl\u0131k \u00c7\u00f6z\u00fcmleri, Ak\u0131ll\u0131 Tar\u0131mda Nesnelerin \u0130nterneti, Ak\u0131ll\u0131 Binalara D\u00f6n\u00fc\u015f\u00fcm, Ak\u0131ll\u0131 Ya\u015fam Teknolojileri Bankac\u0131l\u0131k, Perakende ve Ak\u0131ll\u0131 Ya\u015fam Teknolojileri&#8230;<\/strong><\/p>","protected":false},"excerpt":{"rendered":"<p>Sorry, this entry is only available in Turkish. For the sake of viewer convenience, the content is shown below in the alternative language. You may click the link to switch the active language.\u015eehircilik konusunda kamu politikalar\u0131na katk\u0131 sa\u011flayan, ak\u0131ll\u0131 \u015fehirler ile ilgili T\u00fcrkiye\u2019de pilot yat\u0131r\u0131m \u00e7al\u0131\u015fmalar\u0131 yaparak, bilgi ve raporlar \u00fcreten sivil toplum kurulu\u015fu Kamu [&hellip;]<\/p>\n","protected":false},"author":1,"featured_media":63158,"comment_status":"open","ping_status":"open","sticky":false,"template":"","format":"standard","meta":[],"categories":[53,52],"tags":[5332,33720,63,67,1009,2698,165,33721,29547],"views":1005,"_links":{"self":[{"href":"https:\/\/www.enerjigazetesi.ist\/en\/wp-json\/wp\/v2\/posts\/63156"}],"collection":[{"href":"https:\/\/www.enerjigazetesi.ist\/en\/wp-json\/wp\/v2\/posts"}],"about":[{"href":"https:\/\/www.enerjigazetesi.ist\/en\/wp-json\/wp\/v2\/types\/post"}],"author":[{"embeddable":true,"href":"https:\/\/www.enerjigazetesi.ist\/en\/wp-json\/wp\/v2\/users\/1"}],"replies":[{"embeddable":true,"href":"https:\/\/www.enerjigazetesi.ist\/en\/wp-json\/wp\/v2\/comments?post=63156"}],"version-history":[{"count":1,"href":"https:\/\/www.enerjigazetesi.ist\/en\/wp-json\/wp\/v2\/posts\/63156\/revisions"}],"predecessor-version":[{"id":63159,"href":"https:\/\/www.enerjigazetesi.ist\/en\/wp-json\/wp\/v2\/posts\/63156\/revisions\/63159"}],"wp:featuredmedia":[{"embeddable":true,"href":"https:\/\/www.enerjigazetesi.ist\/en\/wp-json\/wp\/v2\/media\/63158"}],"wp:attachment":[{"href":"https:\/\/www.enerjigazetesi.ist\/en\/wp-json\/wp\/v2\/media?parent=63156"}],"wp:term":[{"taxonomy":"category","embeddable":true,"href":"https:\/\/www.enerjigazetesi.ist\/en\/wp-json\/wp\/v2\/categories?post=63156"},{"taxonomy":"post_tag","embeddable":true,"href":"https:\/\/www.enerjigazetesi.ist\/en\/wp-json\/wp\/v2\/tags?post=63156"}],"curies":[{"name":"wp","href":"https:\/\/api.w.org\/{rel}","templated":true}]}}