{"id":63102,"date":"2017-04-09T14:56:41","date_gmt":"2017-04-09T11:56:41","guid":{"rendered":"https:\/\/www.enerjigazetesi.ist\/?p=63102"},"modified":"2017-04-09T14:56:41","modified_gmt":"2017-04-09T11:56:41","slug":"ulusoy-elektrikten-iki-elektrik-dagitim-sirketiyle-78-milyon-dolarlik-anlasma","status":"publish","type":"post","link":"https:\/\/www.enerjigazetesi.ist\/en\/ulusoy-elektrikten-iki-elektrik-dagitim-sirketiyle-78-milyon-dolarlik-anlasma\/","title":{"rendered":"(Turkish) Ulusoy Elektrik&#8217;ten \u0130ki Elektrik Da\u011f\u0131t\u0131m \u015eirketiyle 7,8 Milyon Dolarl\u0131k Anla\u015fma"},"content":{"rendered":"<p class=\"qtranxs-available-languages-message qtranxs-available-languages-message-en\">Sorry, this entry is only available in <a href=\"https:\/\/www.enerjigazetesi.ist\/tr\/wp-json\/wp\/v2\/posts\/63102\" class=\"qtranxs-available-language-link qtranxs-available-language-link-tr\" title=\"Turkish\">Turkish<\/a>. For the sake of viewer convenience, the content is shown below in the alternative language. You may click the link to switch the active language.<\/p><p><\/p>\n<p style=\"color: #0a0a0a;\"><strong>Ulusoy Elektrik \u0130malat Taahh\u00fct ve Ticaret A\u015e taraf\u0131ndan iki elektrik da\u011f\u0131t\u0131m \u015firketiyle 7,8 milyon dolarl\u0131k trafo merkezi ve h\u00fccre<a href=\"https:\/\/www.enerjigazetesi.ist\/wp-content\/uploads\/2014\/11\/ulusoy-elektrik-237983823.jpg\"><img loading=\"lazy\" class=\"alignleft size-medium wp-image-33446\" src=\"https:\/\/www.enerjigazetesi.ist\/wp-content\/uploads\/2014\/11\/ulusoy-elektrik-237983823-300x199.jpg\" alt=\"ulusoy-elektrik-237983823\" width=\"300\" height=\"199\" srcset=\"https:\/\/www.enerjigazetesi.ist\/wp-content\/uploads\/2014\/11\/ulusoy-elektrik-237983823-300x199.jpg 300w, https:\/\/www.enerjigazetesi.ist\/wp-content\/uploads\/2014\/11\/ulusoy-elektrik-237983823-500x333.jpg 500w, https:\/\/www.enerjigazetesi.ist\/wp-content\/uploads\/2014\/11\/ulusoy-elektrik-237983823-75x50.jpg 75w, https:\/\/www.enerjigazetesi.ist\/wp-content\/uploads\/2014\/11\/ulusoy-elektrik-237983823.jpg 800w\" sizes=\"(max-width: 300px) 100vw, 300px\" \/><\/a> al\u0131m s\u00f6zle\u015fmesi imzaland\u0131\u011f\u0131 a\u00e7\u0131kland\u0131.<\/strong><\/p>\n<p style=\"color: #0a0a0a;\"><span id=\"more-90396\"><\/span>Kamuyu Ayd\u0131nlatma Platformu\u2019nda (KAP) yap\u0131lan a\u00e7\u0131klamada, s\u00f6zle\u015fmenin Ba\u015fkent Elektrik Da\u011f\u0131t\u0131m A\u015e ve Toroslar Elektrik Da\u011f\u0131t\u0131m A\u015e aras\u0131nda\u00a0yap\u0131ld\u0131\u011f\u0131 belirtildi.<\/p>\n<p style=\"color: #0a0a0a;\">S\u00f6zle\u015fme ile \u00fcr\u00fcnlerin 12 ay i\u00e7inde partiler halinde teslim edilece\u011fi belirtilen a\u00e7\u0131klamada ayr\u0131ca: \u201c\u015eirketimiz ile Ba\u015fkent Elektrik Da\u011f\u0131t\u0131m A\u015e ve Toroslar Elektrik Da\u011f\u0131t\u0131m A\u015e aras\u0131nda 4 Nisan 2017 tarihinde KDV hari\u00e7 toplamda 7 milyon 800 bin dolar tutar\u0131nda trafo merkezi ve h\u00fccre al\u0131m\u0131 s\u00f6zle\u015fmesi yap\u0131lm\u0131\u015ft\u0131r. S\u00f6zle\u015fmenin taraf\u0131 olan elektrik da\u011f\u0131t\u0131m \u015firketleri, s\u00f6zle\u015fme d\u00f6neminde ge\u00e7erli olacak \u015fekilde, s\u00f6zle\u015fme tutar\u0131n\u0131n y\u00fczde 25\u2019i oran\u0131nda ek malzeme sipari\u015fi verme hakk\u0131na sahiptir.\u201d\u00a0ifadelerine de yer verildi.<\/p>\n<p><\/p>","protected":false},"excerpt":{"rendered":"<p>Sorry, this entry is only available in Turkish. For the sake of viewer convenience, the content is shown below in the alternative language. You may click the link to switch the active language. Ulusoy Elektrik \u0130malat Taahh\u00fct ve Ticaret A\u015e taraf\u0131ndan iki elektrik da\u011f\u0131t\u0131m \u015firketiyle 7,8 milyon dolarl\u0131k trafo merkezi ve h\u00fccre al\u0131m s\u00f6zle\u015fmesi imzaland\u0131\u011f\u0131 [&hellip;]<\/p>\n","protected":false},"author":1,"featured_media":33446,"comment_status":"open","ping_status":"open","sticky":false,"template":"","format":"standard","meta":[],"categories":[51,53],"tags":[31284,68,4257,61,19638,1451,2873,63,67,1009,2698,165,5436,9190,19390],"views":775,"_links":{"self":[{"href":"https:\/\/www.enerjigazetesi.ist\/en\/wp-json\/wp\/v2\/posts\/63102"}],"collection":[{"href":"https:\/\/www.enerjigazetesi.ist\/en\/wp-json\/wp\/v2\/posts"}],"about":[{"href":"https:\/\/www.enerjigazetesi.ist\/en\/wp-json\/wp\/v2\/types\/post"}],"author":[{"embeddable":true,"href":"https:\/\/www.enerjigazetesi.ist\/en\/wp-json\/wp\/v2\/users\/1"}],"replies":[{"embeddable":true,"href":"https:\/\/www.enerjigazetesi.ist\/en\/wp-json\/wp\/v2\/comments?post=63102"}],"version-history":[{"count":1,"href":"https:\/\/www.enerjigazetesi.ist\/en\/wp-json\/wp\/v2\/posts\/63102\/revisions"}],"predecessor-version":[{"id":63103,"href":"https:\/\/www.enerjigazetesi.ist\/en\/wp-json\/wp\/v2\/posts\/63102\/revisions\/63103"}],"wp:featuredmedia":[{"embeddable":true,"href":"https:\/\/www.enerjigazetesi.ist\/en\/wp-json\/wp\/v2\/media\/33446"}],"wp:attachment":[{"href":"https:\/\/www.enerjigazetesi.ist\/en\/wp-json\/wp\/v2\/media?parent=63102"}],"wp:term":[{"taxonomy":"category","embeddable":true,"href":"https:\/\/www.enerjigazetesi.ist\/en\/wp-json\/wp\/v2\/categories?post=63102"},{"taxonomy":"post_tag","embeddable":true,"href":"https:\/\/www.enerjigazetesi.ist\/en\/wp-json\/wp\/v2\/tags?post=63102"}],"curies":[{"name":"wp","href":"https:\/\/api.w.org\/{rel}","templated":true}]}}