{"id":63094,"date":"2017-04-09T13:19:24","date_gmt":"2017-04-09T10:19:24","guid":{"rendered":"https:\/\/www.enerjigazetesi.ist\/?p=63094"},"modified":"2017-04-09T13:20:12","modified_gmt":"2017-04-09T10:20:12","slug":"enerji-bakani-ruzgar-yeka-ihalesine-yonelik-tarih-verdi","status":"publish","type":"post","link":"https:\/\/www.enerjigazetesi.ist\/en\/enerji-bakani-ruzgar-yeka-ihalesine-yonelik-tarih-verdi\/","title":{"rendered":"(Turkish) Enerji Bakan\u0131 R\u00fczgar YEKA \u0130halesine Y\u00f6nelik Tarih Verdi"},"content":{"rendered":"<p class=\"qtranxs-available-languages-message qtranxs-available-languages-message-en\">Sorry, this entry is only available in <a href=\"https:\/\/www.enerjigazetesi.ist\/tr\/wp-json\/wp\/v2\/posts\/63094\" class=\"qtranxs-available-language-link qtranxs-available-language-link-tr\" title=\"Turkish\">Turkish<\/a>. For the sake of viewer convenience, the content is shown below in the alternative language. You may click the link to switch the active language.<\/p><p><strong>Enerjide d\u0131\u015fa ba\u011f\u0131ml\u0131l\u0131\u011f\u0131m\u0131z\u0131\u00a0sonland\u0131rmak \u00fczere\u00a0uzun vadeli, \u201cMilli Enerji ve Maden Politikas\u0131\u201d Enerji ve Tabii Kaynaklar Bakan\u0131 Berat Albayrak taraf\u0131ndan tan\u0131t\u0131ld\u0131.\u00a0G\u00fcne\u015f YEKA\u2019n\u0131n hemen ard<a href=\"https:\/\/www.enerjigazetesi.ist\/wp-content\/uploads\/2015\/11\/ruzgar-enerjisinde-2023-hedefi-20-bin-megavat.jpg\"><img loading=\"lazy\" class=\"alignright size-medium wp-image-46257\" src=\"https:\/\/www.enerjigazetesi.ist\/wp-content\/uploads\/2015\/11\/ruzgar-enerjisinde-2023-hedefi-20-bin-megavat-300x165.jpg\" alt=\"ruzgar-enerjisinde-2023-hedefi-20-bin-megavat\" width=\"300\" height=\"165\" srcset=\"https:\/\/www.enerjigazetesi.ist\/wp-content\/uploads\/2015\/11\/ruzgar-enerjisinde-2023-hedefi-20-bin-megavat-300x165.jpg 300w, https:\/\/www.enerjigazetesi.ist\/wp-content\/uploads\/2015\/11\/ruzgar-enerjisinde-2023-hedefi-20-bin-megavat-500x276.jpg 500w, https:\/\/www.enerjigazetesi.ist\/wp-content\/uploads\/2015\/11\/ruzgar-enerjisinde-2023-hedefi-20-bin-megavat-80x44.jpg 80w, https:\/\/www.enerjigazetesi.ist\/wp-content\/uploads\/2015\/11\/ruzgar-enerjisinde-2023-hedefi-20-bin-megavat.jpg 696w\" sizes=\"(max-width: 300px) 100vw, 300px\" \/><\/a>\u0131ndan ger\u00e7ekle\u015ftirilecek\u00a0olan r\u00fczgar YEKA ihalesi i\u00e7in \u015fartnamenin iki hafta i\u00e7inde tamamlanarak\u00a0ihalesinin\u00a0ise yaz sona ermeden\u00a0yap\u0131laca\u011f\u0131 belirtildi.<\/strong><\/p>\n<p>Bakan Albayrak, \u201cD\u00fcnyadaki bir\u00e7ok b\u00fcy\u00fck r\u00fczgar \u00fcreticisi firmas\u0131 ile g\u00f6r\u00fc\u015fmeler ger\u00e7ekle\u015ftirdik. Bu yaz bitmeden YEKA&#8217;y\u0131 r\u00fczgarda da yapaca\u011f\u0131z. Yakla\u015f\u0131k 8 bin kalem k\u0131r\u0131l\u0131m\u0131 olan r\u00fczgar t\u00fcrbini teknolojisi ile muazzam bir yerlile\u015ftirmenin \u00f6n\u00fc de a\u00e7\u0131lacakt\u0131r.&#8221; dedi.<\/p>\n<p>Enerji Piyasas\u0131 D\u00fczenleme Kurulu (EPDK) taraf\u0131ndan iki hafta \u00f6ncesinde yay\u0131nlanan kararla, bu y\u0131l Nisan\u2019da al\u0131nmas\u0131 planlanan r\u00fczgar enerjisine dayal\u0131 \u00f6n lisans ba\u015fvurular\u0131n\u0131n bir y\u0131l ertelendi\u011fi a\u00e7\u0131klanm\u0131\u015ft\u0131.<\/p>","protected":false},"excerpt":{"rendered":"<p>Sorry, this entry is only available in Turkish. For the sake of viewer convenience, the content is shown below in the alternative language. You may click the link to switch the active language.Enerjide d\u0131\u015fa ba\u011f\u0131ml\u0131l\u0131\u011f\u0131m\u0131z\u0131\u00a0sonland\u0131rmak \u00fczere\u00a0uzun vadeli, \u201cMilli Enerji ve Maden Politikas\u0131\u201d Enerji ve Tabii Kaynaklar Bakan\u0131 Berat Albayrak taraf\u0131ndan tan\u0131t\u0131ld\u0131.\u00a0G\u00fcne\u015f YEKA\u2019n\u0131n hemen ard\u0131ndan ger\u00e7ekle\u015ftirilecek\u00a0olan [&hellip;]<\/p>\n","protected":false},"author":1,"featured_media":46257,"comment_status":"open","ping_status":"open","sticky":false,"template":"","format":"standard","meta":[],"categories":[53,50],"tags":[27051,63,67,1009,2698,165,2054,69,16,23318,22615,4784,25578,105],"views":759,"_links":{"self":[{"href":"https:\/\/www.enerjigazetesi.ist\/en\/wp-json\/wp\/v2\/posts\/63094"}],"collection":[{"href":"https:\/\/www.enerjigazetesi.ist\/en\/wp-json\/wp\/v2\/posts"}],"about":[{"href":"https:\/\/www.enerjigazetesi.ist\/en\/wp-json\/wp\/v2\/types\/post"}],"author":[{"embeddable":true,"href":"https:\/\/www.enerjigazetesi.ist\/en\/wp-json\/wp\/v2\/users\/1"}],"replies":[{"embeddable":true,"href":"https:\/\/www.enerjigazetesi.ist\/en\/wp-json\/wp\/v2\/comments?post=63094"}],"version-history":[{"count":1,"href":"https:\/\/www.enerjigazetesi.ist\/en\/wp-json\/wp\/v2\/posts\/63094\/revisions"}],"predecessor-version":[{"id":63095,"href":"https:\/\/www.enerjigazetesi.ist\/en\/wp-json\/wp\/v2\/posts\/63094\/revisions\/63095"}],"wp:featuredmedia":[{"embeddable":true,"href":"https:\/\/www.enerjigazetesi.ist\/en\/wp-json\/wp\/v2\/media\/46257"}],"wp:attachment":[{"href":"https:\/\/www.enerjigazetesi.ist\/en\/wp-json\/wp\/v2\/media?parent=63094"}],"wp:term":[{"taxonomy":"category","embeddable":true,"href":"https:\/\/www.enerjigazetesi.ist\/en\/wp-json\/wp\/v2\/categories?post=63094"},{"taxonomy":"post_tag","embeddable":true,"href":"https:\/\/www.enerjigazetesi.ist\/en\/wp-json\/wp\/v2\/tags?post=63094"}],"curies":[{"name":"wp","href":"https:\/\/api.w.org\/{rel}","templated":true}]}}