{"id":63034,"date":"2017-04-06T16:24:09","date_gmt":"2017-04-06T13:24:09","guid":{"rendered":"https:\/\/www.enerjigazetesi.ist\/?p=63034"},"modified":"2017-04-06T16:24:09","modified_gmt":"2017-04-06T13:24:09","slug":"aktif-bank-ile-halk-enerji-ges-yatirimlarina-yonelik-ortak-sirket-kurdu","status":"publish","type":"post","link":"https:\/\/www.enerjigazetesi.ist\/en\/aktif-bank-ile-halk-enerji-ges-yatirimlarina-yonelik-ortak-sirket-kurdu\/","title":{"rendered":"(Turkish) Aktif Bank \u0130le Halk Enerji Ges Yat\u0131r\u0131mlar\u0131na Y\u00f6nelik Ortak \u015eirket Kurdu"},"content":{"rendered":"<p class=\"qtranxs-available-languages-message qtranxs-available-languages-message-en\">Sorry, this entry is only available in <a href=\"https:\/\/www.enerjigazetesi.ist\/tr\/wp-json\/wp\/v2\/posts\/63034\" class=\"qtranxs-available-language-link qtranxs-available-language-link-tr\" title=\"Turkish\">Turkish<\/a>. For the sake of viewer convenience, the content is shown below in the alternative language. You may click the link to switch the active language.<\/p><p><strong>T\u00fcrkiye\u2019nin en b\u00fcy\u00fck \u00f6zel sermayeli yat\u0131r\u0131m bankas\u0131 Aktif Bank ile g\u00fcne\u015f enerji santrallerinde (GES) \u00f6nde gelen M\u00fchendislik \u2013 Tedarik- Yap\u0131m<\/strong> <strong>(EPC) firmas\u0131 Halk Enerji, lisansl\u0131 ve lisanss\u0131z GES projelerine yat\u0131r\u0131m yapmak \u00fczere %50- %50 ortakl\u0131k ile Aktif Halk Enerji Yat\u0131r\u0131mlar\u0131 A.\u015e. ve GES EPC hizmetleri vermek amac\u0131 ile de Halk Enerji \u0130n\u015faat A.\u015e. \u015firketlerini kurdu. Aktif Halk Enerji Yat\u0131r\u0131mlar\u0131 A.\u015e, lisansl\u0131 ve lisanss\u0131z yakla\u015f\u0131k 100 MW GES projelerine ortak yat\u0131r\u0131m yapacak.<\/strong><\/p>\n<p>Aktif Bank\u2019\u0131n i\u015ftiraki ile GES EPC firmas\u0131 Halk Enerji A.\u015e. aras\u0131nda, yar\u0131 yar\u0131ya ortakl\u0131k ile <strong>Aktif Halk Enerji Yat\u0131r\u0131mlar\u0131 A.\u015e.<\/strong> ve <strong>Halk Enerji \u0130n\u015faat A.\u015e.\u2019nin<\/strong> kurulu\u015funa ili\u015fkin imzalar tamamland\u0131.<\/p>\n<p><a href=\"https:\/\/www.enerjigazetesi.ist\/wp-content\/uploads\/2017\/04\/aktif-bank-ile-halk-enerji-ges-yatirimlarina-yonelik-ortak-sirket-kurdu.jpg\"><img loading=\"lazy\" class=\"alignright size-medium wp-image-63035\" src=\"https:\/\/www.enerjigazetesi.ist\/wp-content\/uploads\/2017\/04\/aktif-bank-ile-halk-enerji-ges-yatirimlarina-yonelik-ortak-sirket-kurdu-300x200.jpg\" alt=\"aktif-bank-ile-halk-enerji-ges-yatirimlarina-yonelik-ortak-sirket-kurdu\" width=\"300\" height=\"200\" srcset=\"https:\/\/www.enerjigazetesi.ist\/wp-content\/uploads\/2017\/04\/aktif-bank-ile-halk-enerji-ges-yatirimlarina-yonelik-ortak-sirket-kurdu-300x200.jpg 300w, https:\/\/www.enerjigazetesi.ist\/wp-content\/uploads\/2017\/04\/aktif-bank-ile-halk-enerji-ges-yatirimlarina-yonelik-ortak-sirket-kurdu-1024x682.jpg 1024w, https:\/\/www.enerjigazetesi.ist\/wp-content\/uploads\/2017\/04\/aktif-bank-ile-halk-enerji-ges-yatirimlarina-yonelik-ortak-sirket-kurdu-500x333.jpg 500w, https:\/\/www.enerjigazetesi.ist\/wp-content\/uploads\/2017\/04\/aktif-bank-ile-halk-enerji-ges-yatirimlarina-yonelik-ortak-sirket-kurdu-75x50.jpg 75w, https:\/\/www.enerjigazetesi.ist\/wp-content\/uploads\/2017\/04\/aktif-bank-ile-halk-enerji-ges-yatirimlarina-yonelik-ortak-sirket-kurdu.jpg 1200w\" sizes=\"(max-width: 300px) 100vw, 300px\" \/><\/a>GES proje finansman\u0131 ile T\u00fcrkiye\u2019de yenilenebilir enerji ve temiz enerjiyi te\u015fvik etmeyi, geli\u015fmesine katk\u0131 sa\u011flamay\u0131 ama\u00e7layan Aktif Bank, GES EPC hizmeti konusunda Halk Enerji ile yapt\u0131\u011f\u0131 bu ortakl\u0131k yoluyla, sekt\u00f6re proje finansman\u0131 da dahil edilmi\u015f ilk \u201cEPC + finansman\u201d paket teklifini sunmay\u0131 hedefliyor.<\/p>\n<p>Aktif Halk Enerji Yat\u0131r\u0131mlar\u0131 A.\u015e.\u2019nin yakla\u015f\u0131k 100 MW GES yat\u0131r\u0131m portf\u00f6y\u00fc USD baz\u0131nda y\u00fcksek getirili ve g\u00fcvenilir bir yat\u0131r\u0131m f\u0131rsat\u0131 olarak sermaye piyasalar\u0131nda da yat\u0131r\u0131mc\u0131lara sunulacak. Portf\u00f6y, sermaye piyasalar\u0131n\u0131n yan\u0131 s\u0131ra GES portf\u00f6y\u00fc elektrik \u00fcretimine ge\u00e7mi\u015f haz\u0131r halde yat\u0131r\u0131mc\u0131lara blok olarak da sat\u0131labilecek.<\/p>\n<p>Aktif Halk Enerji Yat\u0131r\u0131mlar\u0131 A.\u015e.\u2019nin proje finansman\u0131 sa\u011flanan ve yat\u0131r\u0131m yap\u0131lan t\u00fcm GES projelerine Allianz\u2019dan teknik sertifikasyon ve performans garantisi sigortas\u0131 yapt\u0131r\u0131lmas\u0131 da hedefleniyor.<\/p>\n<p><strong>Aktif Bank CEO\u2019su Dr. Serdar S\u00fcmer <\/strong>konu hakk\u0131nda yapt\u0131\u011f\u0131 a\u00e7\u0131klamada \u015f\u00f6yle dedi: \u201c<em>Esnek modeller \u00fcretip yat\u0131r\u0131mc\u0131 m\u00fc\u015fterilerimize butik finansman \u00fcr\u00fcnleri sunuyoruz. Hedefimiz T\u00fcrkiye&#8217;de ger\u00e7ek yat\u0131r\u0131m bankac\u0131l\u0131\u011f\u0131 yapmak. Bu ama\u00e7la g\u00fcne\u015f enerjisi alan\u0131nda, bu i\u015f birli\u011fini yaparak \u00f6nemli bir ad\u0131m att\u0131k. Yat\u0131r\u0131mc\u0131lara \u201cEPC + finansman\u201d \u015feklinde paket \u00e7\u00f6z\u00fcmler haz\u0131rlad\u0131k. Bu modelle finans\u00f6rler taraf\u0131ndan y\u00fcksek kabul edilen riskleri minimize ediyor ve yat\u0131r\u0131mlar\u0131n daha h\u0131zl\u0131 hayata ge\u00e7irilmesini sa\u011fl\u0131yoruz. \u00c7\u00fcnk\u00fc ortakl\u0131\u011f\u0131m\u0131za ve enerji sekt\u00f6r\u00fcne g\u00fcvenimiz y\u00fcksek. Bu modelimizi ba\u015fka \u00fclkelerde de yayg\u0131nla\u015ft\u0131rarak bu sekt\u00f6rde uluslararas\u0131 bir marka olmay\u0131 arzuluyoruz. Finans\u00f6r olman\u0131n yans\u0131ra ayn\u0131 zamanda g\u00fcne\u015f enerjisine yat\u0131r\u0131m yapmak \u00fczere yakla\u015f\u0131k 100 MW kapasiteli kaliteli projelerden bir portf\u00f6y\u00fc de hayata ge\u00e7iriyoruz. <\/em><\/p>\n<p><em>B\u00f6ylece riski minimize edilmi\u015f getirisi y\u00fcksek bir yat\u0131r\u0131m arac\u0131 olu\u015fturuyoruz. Bu portf\u00f6y\u00fcm\u00fcz\u00fc cazip getirili sermaye piyasas\u0131 \u00fcr\u00fcnlerine d\u00f6n\u00fc\u015ft\u00fcrerek yurti\u00e7i ve uluslararas\u0131 piyasalarda finansal yat\u0131r\u0131mc\u0131lara da sunaca\u011f\u0131z. Yine sekt\u00f6r\u00fcnde \u00f6nc\u00fc bir model olu\u015fturman\u0131n gururu ile ortakl\u0131\u011f\u0131m\u0131z\u0131n t\u00fcm payda\u015flar i\u00e7in faydal\u0131 sonu\u00e7lar olu\u015fturaca\u011f\u0131na inan\u0131yorum.\u201d<\/em><\/p>\n<p><strong>Halk Enerji Grubu Y\u00f6netim Kurulu Ba\u015fkan\u0131 Mustafa Atilla <\/strong>da \u015fu de\u011ferlendirmeyi yapt\u0131: <em>\u201cBu ortakl\u0131k T\u00fcrkiye g\u00fcne\u015f enerjisi pazar\u0131nda en \u00f6nemli i\u015fbirliklerinden biri. Yak\u0131n bir zamanda hem \u00fclkemizde hem de hedef co\u011frafyalarda ses getirecek projelere imza ataca\u011f\u0131m\u0131z\u0131 umuyorum. Aktif Bank\u2019\u0131n finansman modellerinin ve \u00e7evre \u00fclkelerdeki pazar hakimiyetinin, firmam\u0131z\u0131n know-how\u2019\u0131 ile birle\u015fmesi hem bu i\u015fbirli\u011finin taraflar\u0131 hem de \u00fclke ekonomimiz i\u00e7in \u00f6nemli kazan\u00e7lar sa\u011flayaca\u011f\u0131n\u0131 d\u00fc\u015f\u00fcn\u00fcyorum.\u2019\u2019 <\/em><\/p>\n<p><strong>Mustafa Atilla<\/strong> ayr\u0131ca bu i\u015fbirli\u011finin g\u00fcne\u015f enerjisi sekt\u00f6r\u00fcnde taahh\u00fct ve yat\u0131r\u0131m konusunda \u00e7ok \u00f6nemli yeni bir oyuncu olu\u015fturmas\u0131n\u0131n yan\u0131 s\u0131ra yenilenebilir enerjiye dayal\u0131 tesislerin ger\u00e7ek anlamda alternatif olmas\u0131n\u0131 sa\u011flayacak enerji depolama konusunda da \u00e7ok \u00f6nemli bir AR-GE platformu olabilece\u011fini belirtti.<\/p>","protected":false},"excerpt":{"rendered":"<p>Sorry, this entry is only available in Turkish. For the sake of viewer convenience, the content is shown below in the alternative language. You may click the link to switch the active language.T\u00fcrkiye\u2019nin en b\u00fcy\u00fck \u00f6zel sermayeli yat\u0131r\u0131m bankas\u0131 Aktif Bank ile g\u00fcne\u015f enerji santrallerinde (GES) \u00f6nde gelen M\u00fchendislik \u2013 Tedarik- Yap\u0131m (EPC) firmas\u0131 Halk [&hellip;]<\/p>\n","protected":false},"author":1,"featured_media":63035,"comment_status":"open","ping_status":"open","sticky":false,"template":"","format":"standard","meta":[],"categories":[53,49],"tags":[33684,63,67,1009,2698,165,33683,227,13,23133,22975,4269,5140],"views":966,"_links":{"self":[{"href":"https:\/\/www.enerjigazetesi.ist\/en\/wp-json\/wp\/v2\/posts\/63034"}],"collection":[{"href":"https:\/\/www.enerjigazetesi.ist\/en\/wp-json\/wp\/v2\/posts"}],"about":[{"href":"https:\/\/www.enerjigazetesi.ist\/en\/wp-json\/wp\/v2\/types\/post"}],"author":[{"embeddable":true,"href":"https:\/\/www.enerjigazetesi.ist\/en\/wp-json\/wp\/v2\/users\/1"}],"replies":[{"embeddable":true,"href":"https:\/\/www.enerjigazetesi.ist\/en\/wp-json\/wp\/v2\/comments?post=63034"}],"version-history":[{"count":1,"href":"https:\/\/www.enerjigazetesi.ist\/en\/wp-json\/wp\/v2\/posts\/63034\/revisions"}],"predecessor-version":[{"id":63036,"href":"https:\/\/www.enerjigazetesi.ist\/en\/wp-json\/wp\/v2\/posts\/63034\/revisions\/63036"}],"wp:featuredmedia":[{"embeddable":true,"href":"https:\/\/www.enerjigazetesi.ist\/en\/wp-json\/wp\/v2\/media\/63035"}],"wp:attachment":[{"href":"https:\/\/www.enerjigazetesi.ist\/en\/wp-json\/wp\/v2\/media?parent=63034"}],"wp:term":[{"taxonomy":"category","embeddable":true,"href":"https:\/\/www.enerjigazetesi.ist\/en\/wp-json\/wp\/v2\/categories?post=63034"},{"taxonomy":"post_tag","embeddable":true,"href":"https:\/\/www.enerjigazetesi.ist\/en\/wp-json\/wp\/v2\/tags?post=63034"}],"curies":[{"name":"wp","href":"https:\/\/api.w.org\/{rel}","templated":true}]}}