{"id":63004,"date":"2017-04-06T11:08:23","date_gmt":"2017-04-06T08:08:23","guid":{"rendered":"https:\/\/www.enerjigazetesi.ist\/?p=63004"},"modified":"2017-04-06T11:08:23","modified_gmt":"2017-04-06T08:08:23","slug":"ck-enerji-calisanlari-ozel-insanlarin-hayatini-aydinlatmak-icin-sahne-aldi","status":"publish","type":"post","link":"https:\/\/www.enerjigazetesi.ist\/en\/ck-enerji-calisanlari-ozel-insanlarin-hayatini-aydinlatmak-icin-sahne-aldi\/","title":{"rendered":"(Turkish) CK Enerji \u00c7al\u0131\u015fanlar\u0131, \u00d6zel \u0130nsanlar\u0131n Hayat\u0131n\u0131 Ayd\u0131nlatmak \u0130\u00e7in Sahne Ald\u0131"},"content":{"rendered":"<p class=\"qtranxs-available-languages-message qtranxs-available-languages-message-en\">Sorry, this entry is only available in <a href=\"https:\/\/www.enerjigazetesi.ist\/tr\/wp-json\/wp\/v2\/posts\/63004\" class=\"qtranxs-available-language-link qtranxs-available-language-link-tr\" title=\"Turkish\">Turkish<\/a>. For the sake of viewer convenience, the content is shown below in the alternative language. You may click the link to switch the active language.<\/p><p><\/p>\n<h4>CK Enerji\u2019nin T\u00fcrkiye\u2019nin \u00f6zel insanlar\u0131 i\u00e7in geli\u015ftirdi\u011fi Hayat\u0131 Ayd\u0131nlat Projesi kapsam\u0131nda d\u00fczenledi\u011fi T\u00fcrk Sanat M\u00fczi\u011fi Konserleri\u2019nin d\u00f6rd\u00fcnc\u00fcs\u00fc, \u0130T\u00dc Ma\u00e7ka Kamp\u00fcs\u00fc\u2019nde ger\u00e7ekle\u015ftirildi. CK Enerji \u00e7al\u0131\u015fanlar\u0131 \u015fark\u0131lar\u0131n\u0131; \u00f6zel \u00e7ocuklara, \u00f6zel s\u0131n\u0131flar kurmak ve ak\u00fcl\u00fc sandalye \u015farj istasyonu say\u0131s\u0131n\u0131 art\u0131rmak i\u00e7in s\u00f6yledi.<\/h4>\n<p>T\u00fcrkiye\u2019nin \u00f6nde gelen elektrik da\u011f\u0131t\u0131m ve perakende sat\u0131\u015f \u015firketlerini \u00e7at\u0131s\u0131 alt\u0131nda toplayan CK Enerji, sosyal sorumluluk projesi Hayat\u0131 Ayd\u0131nlat \u00e7er\u00e7evesinde d\u00fczenlenen konserlerinin d\u00f6rd\u00fcnc\u00fcs\u00fc ile yine \u2018T\u00fcrkiye\u2019nin \u00f6zel insa<a href=\"https:\/\/www.enerjigazetesi.ist\/wp-content\/uploads\/2017\/04\/ck-enerji-calisanlari-ozel-insanlarin-hayatini-aydinlatmak-icin-sahne-aldi.jpg\"><img loading=\"lazy\" class=\"alignright size-medium wp-image-63005\" src=\"https:\/\/www.enerjigazetesi.ist\/wp-content\/uploads\/2017\/04\/ck-enerji-calisanlari-ozel-insanlarin-hayatini-aydinlatmak-icin-sahne-aldi-300x200.jpg\" alt=\"ck-enerji-calisanlari-ozel-insanlarin-hayatini-aydinlatmak-icin-sahne-aldi\" width=\"300\" height=\"200\" srcset=\"https:\/\/www.enerjigazetesi.ist\/wp-content\/uploads\/2017\/04\/ck-enerji-calisanlari-ozel-insanlarin-hayatini-aydinlatmak-icin-sahne-aldi-300x200.jpg 300w, https:\/\/www.enerjigazetesi.ist\/wp-content\/uploads\/2017\/04\/ck-enerji-calisanlari-ozel-insanlarin-hayatini-aydinlatmak-icin-sahne-aldi-1024x682.jpg 1024w, https:\/\/www.enerjigazetesi.ist\/wp-content\/uploads\/2017\/04\/ck-enerji-calisanlari-ozel-insanlarin-hayatini-aydinlatmak-icin-sahne-aldi-500x333.jpg 500w, https:\/\/www.enerjigazetesi.ist\/wp-content\/uploads\/2017\/04\/ck-enerji-calisanlari-ozel-insanlarin-hayatini-aydinlatmak-icin-sahne-aldi-75x50.jpg 75w, https:\/\/www.enerjigazetesi.ist\/wp-content\/uploads\/2017\/04\/ck-enerji-calisanlari-ozel-insanlarin-hayatini-aydinlatmak-icin-sahne-aldi.jpg 1200w\" sizes=\"(max-width: 300px) 100vw, 300px\" \/><\/a>nlar\u0131\u2019n\u0131n yan\u0131ndayd\u0131. CK Enerji b\u00fcnyesindeki \u015firketlerin \u00e7al\u0131\u015fanlar\u0131ndan olu\u015fan \u2018Hayat\u0131 Ayd\u0131nlat Korosu\u2019, 4 Nisan 2017 tarihinde \u0130T\u00dc Ma\u00e7ka Kamp\u00fcs\u00fc Mustafa Kemal Amfisi\u2019nde sahne ald\u0131.<\/p>\n<p>\u0130lter Burak Kalay y\u00f6netimindeki konserde CK Enerji \u00e7al\u0131\u015fanlar\u0131, T\u00fcrk Sanat M\u00fczi\u011fi\u2019nin sevilen eserlerini engelli \u00e7ocuklar i\u00e7in icra etti. \u00d6zel \u00e7ocuklara, \u00f6zel s\u0131n\u0131flar kurmak ve ak\u00fcl\u00fc sandalye \u015farj istasyonu say\u0131s\u0131n\u0131 art\u0131rmak amac\u0131yla verilen konsere, CK Enerji \u00e7al\u0131\u015fanlar\u0131n\u0131n yan\u0131 s\u0131ra aileleri de geni\u015f kat\u0131l\u0131m g\u00f6sterdi.<\/p>\n<p><strong>7 OKULA \u00d6ZEL SINIF YAPILDI <\/strong><\/p>\n<p>CK Enerji\u2019nin \u2018Association for Coaching T\u00fcrkiye\u2019 Ko\u00e7luk Derne\u011fi, \u0130l Milli E\u011fitim M\u00fcd\u00fcrl\u00fc\u011f\u00fc ve T\u00fcrk K\u0131z\u0131lay\u0131 i\u015fbirli\u011fi ile hayata ge\u00e7irdi\u011fi Hayat\u0131 Ayd\u0131nlat Projesi \u00e7er\u00e7evesinde \u00f6zel \u00e7ocuklara \u00f6zel s\u0131n\u0131flar yap\u0131l\u0131yor. Konserlerde kat\u0131l\u0131mc\u0131lar\u0131n ve sponsorlar\u0131n ba\u011f\u0131\u015flar\u0131ndan olu\u015fan kaynak, s\u0131n\u0131f ve \u015farj istasyonlar\u0131n\u0131n kurulmas\u0131 i\u00e7in kullan\u0131l\u0131yor. Bu \u00e7er\u00e7evede ge\u00e7en y\u0131l 6 olan \u00f6zel s\u0131n\u0131f say\u0131s\u0131 bu y\u0131l Esenler 125. Y\u0131l Ortaokulu\u2019nun da eklenmesi ile 7\u2019ye \u00e7\u0131km\u0131\u015f bulunuyor. Projenin \u00f6nemli bir a\u015famas\u0131 da \u2018Association for Coaching T\u00fcrkiye\u2019 ko\u00e7lar\u0131 taraf\u0131ndan sa\u011flan\u0131yor. Atanan \u00f6\u011fretmenlere ve velilere g\u00f6n\u00fcll\u00fcl\u00fck esas\u0131na dayal\u0131 olarak ko\u00e7luk hizmeti veriliyor.<\/p>\n<p><strong>12 \u015eARJ \u0130STASYONU METRO HATTINDA<\/strong><\/p>\n<p>Hayat\u0131 Ayd\u0131nlat Projesi kapsam\u0131nda \u0130stanbul\u2019un 39 farkl\u0131 noktas\u0131nda ak\u00fcl\u00fc sandalye kullanan \u00f6zel insanlara y\u00f6nelik \u015farj istasyonlar\u0131 kurulmas\u0131 y\u00f6n\u00fcnde \u00e7al\u0131\u015fma ba\u015flatan CK Enerji, bug\u00fcne kadar toplam 12 \u015farj istasyonunu Yenikap\u0131-Hac\u0131osman metro hatt\u0131ndaki duraklara yerle\u015ftirdi. CK Enerji\u2019nin \u00c7a\u011flayan\u2019daki Genel M\u00fcd\u00fcrl\u00fck Binas\u0131\u2019nda da ak\u00fcl\u00fc sandalye kullanan engellilere y\u00f6nelik bir \u015farj istasyonu bulunuyor.<\/p>\n<p><strong>Hayat\u0131 Ayd\u0131nlat Sosyal Sorumluluk Projesi Hakk\u0131nda:<\/strong><\/p>\n<p>CK Enerji, \u2018Hayat\u0131 Ayd\u0131nlat\u2019 ad\u0131 alt\u0131nda bir dizi kurumsal sosyal sorumluluk projesini, \u00f6zel insanlar\u0131n hayat\u0131n\u0131 kolayla\u015ft\u0131rmak i\u00e7in 2016 y\u0131l\u0131nda hayata ge\u00e7irdi. Proje kapsam\u0131nda \u0130l Milli E\u011fitim M\u00fcd\u00fcrl\u00fc\u011f\u00fc ve T\u00fcrk K\u0131z\u0131lay\u0131 i\u015fbirli\u011fi ile \u00f6zel \u00f6\u011frenciler i\u00e7in \u00f6zel s\u0131n\u0131flar kuruluyor, &#8216;Association for Coaching T\u00fcrkiye\u2019 Ko\u00e7luk Derne\u011fi de velilere ve \u00f6\u011fretmenlere dan\u0131\u015fmanl\u0131k hizmeti veriyor. \u0130stanbul\u2019un Avrupa Yakas\u0131\u2019nda belirlenen 39 lokasyona ak\u00fcl\u00fc sandalye \u015farj istasyonu kurulmas\u0131n\u0131n hedeflendi\u011fi proje, bedensel engelli okullar\u0131nda da yer almas\u0131na y\u00f6nelik \u00e7al\u0131\u015fmalarla devam edecek. Bu sayede tekerlekli sandalye kullanan engellilere hareket \u00f6zg\u00fcrl\u00fc\u011f\u00fc sa\u011flanmas\u0131 hedefleniyor. CK Enerji \u00e7al\u0131\u015fanlar\u0131, m\u00fczik e\u011fitimi alarak Hayat\u0131 Ayd\u0131nlat Korosu\u2019nu olu\u015fturdular, Hayat\u0131 Ayd\u0131nlat Yard\u0131m Konserleri ile projeye kaynak sa\u011flamak ve fark\u0131ndal\u0131\u011f\u0131 art\u0131rmak hedefleniyor.<\/p>","protected":false},"excerpt":{"rendered":"<p>Sorry, this entry is only available in Turkish. For the sake of viewer convenience, the content is shown below in the alternative language. You may click the link to switch the active language. CK Enerji\u2019nin T\u00fcrkiye\u2019nin \u00f6zel insanlar\u0131 i\u00e7in geli\u015ftirdi\u011fi Hayat\u0131 Ayd\u0131nlat Projesi kapsam\u0131nda d\u00fczenledi\u011fi T\u00fcrk Sanat M\u00fczi\u011fi Konserleri\u2019nin d\u00f6rd\u00fcnc\u00fcs\u00fc, \u0130T\u00dc Ma\u00e7ka Kamp\u00fcs\u00fc\u2019nde ger\u00e7ekle\u015ftirildi. CK [&hellip;]<\/p>\n","protected":false},"author":1,"featured_media":63005,"comment_status":"open","ping_status":"open","sticky":false,"template":"","format":"standard","meta":[],"categories":[51,53],"tags":[32177,68,61,19638,1451,2873,63,67,1009,2698,165],"views":1365,"_links":{"self":[{"href":"https:\/\/www.enerjigazetesi.ist\/en\/wp-json\/wp\/v2\/posts\/63004"}],"collection":[{"href":"https:\/\/www.enerjigazetesi.ist\/en\/wp-json\/wp\/v2\/posts"}],"about":[{"href":"https:\/\/www.enerjigazetesi.ist\/en\/wp-json\/wp\/v2\/types\/post"}],"author":[{"embeddable":true,"href":"https:\/\/www.enerjigazetesi.ist\/en\/wp-json\/wp\/v2\/users\/1"}],"replies":[{"embeddable":true,"href":"https:\/\/www.enerjigazetesi.ist\/en\/wp-json\/wp\/v2\/comments?post=63004"}],"version-history":[{"count":1,"href":"https:\/\/www.enerjigazetesi.ist\/en\/wp-json\/wp\/v2\/posts\/63004\/revisions"}],"predecessor-version":[{"id":63006,"href":"https:\/\/www.enerjigazetesi.ist\/en\/wp-json\/wp\/v2\/posts\/63004\/revisions\/63006"}],"wp:featuredmedia":[{"embeddable":true,"href":"https:\/\/www.enerjigazetesi.ist\/en\/wp-json\/wp\/v2\/media\/63005"}],"wp:attachment":[{"href":"https:\/\/www.enerjigazetesi.ist\/en\/wp-json\/wp\/v2\/media?parent=63004"}],"wp:term":[{"taxonomy":"category","embeddable":true,"href":"https:\/\/www.enerjigazetesi.ist\/en\/wp-json\/wp\/v2\/categories?post=63004"},{"taxonomy":"post_tag","embeddable":true,"href":"https:\/\/www.enerjigazetesi.ist\/en\/wp-json\/wp\/v2\/tags?post=63004"}],"curies":[{"name":"wp","href":"https:\/\/api.w.org\/{rel}","templated":true}]}}