{"id":62993,"date":"2017-04-05T11:37:31","date_gmt":"2017-04-05T08:37:31","guid":{"rendered":"https:\/\/www.enerjigazetesi.ist\/?p=62993"},"modified":"2017-04-05T11:37:31","modified_gmt":"2017-04-05T08:37:31","slug":"kutemin-bu-yilki-enerji-gunu-temasi-gunes-yakitlari-oldu","status":"publish","type":"post","link":"https:\/\/www.enerjigazetesi.ist\/en\/kutemin-bu-yilki-enerji-gunu-temasi-gunes-yakitlari-oldu\/","title":{"rendered":"(Turkish) Kutem\u2019in Bu Y\u0131lki Enerji G\u00fcn\u00fc Temas\u0131 G\u00fcne\u015f Yak\u0131tlar\u0131 Oldu"},"content":{"rendered":"<p class=\"qtranxs-available-languages-message qtranxs-available-languages-message-en\">Sorry, this entry is only available in <a href=\"https:\/\/www.enerjigazetesi.ist\/tr\/wp-json\/wp\/v2\/posts\/62993\" class=\"qtranxs-available-language-link qtranxs-available-language-link-tr\" title=\"Turkish\">Turkish<\/a>. For the sake of viewer convenience, the content is shown below in the alternative language. You may click the link to switch the active language.<\/p><p><strong>T\u00fcrkiye\u2019de \u00f6zel sekt\u00f6r deste\u011fiyle kurulan ilk enerji ara\u015ft\u0131rma merkezi olan Ko\u00e7 \u00dcniversitesi T\u00fcpra\u015f Enerji Merkezi (KUTEM), k\u00fcresel enerji sorunlar\u0131, enerji stratejileri ve g\u00fcne\u015f yak\u0131tlar\u0131na ili\u015fkin konular\u0131n ele al\u0131nd\u0131\u011f\u0131 \u201cEnerji G\u00fcn\u00fc\u201d konferans\u0131na ev sahipli\u011fi yapt\u0131. Ko\u00e7 \u00dcniversitesi\u2019nin Rumelifeneri Kamp\u00fcs\u00fc\u2019nde ger\u00e7ekle\u015ftirilen ve bu y\u0131lki ana temas\u0131 g\u00fcne\u015f yak\u0131tlar\u0131 olan konferansta, proses g\u00fc\u00e7lendirme yoluyla enerji verimindeki art\u0131\u015f\u0131n tart\u0131\u015f\u0131ld\u0131\u011f\u0131 workshoplar da d\u00fczenlendi. A\u00e7\u0131l\u0131\u015f konu\u015fmas\u0131n\u0131 Ko\u00e7 \u00dcniversitesi Ara\u015ft\u0131rma ve Geli\u015ftirmeden Sorumlu Rekt\u00f6r Yard\u0131mc\u0131s\u0131 Prof. Dr. \u0130r\u015fadi Aksun ve KUTEM Direkt\u00f6r\u00fc Prof. Dr. Can Erkey\u2019in yapt\u0131\u011f\u0131 toplant\u0131da, enerji sekt\u00f6r\u00fcn\u00fcn \u00f6nde gelen temsilcileri bir araya geldi.<\/strong><\/p>\n<p>Ko\u00e7 \u00dcniversitesi ve T\u00fcpra\u015f i\u015fbirli\u011fiyle kurulan T\u00fcrkiye\u2019nin \u00f6zel sekt\u00f6r destekli ilk enerji merkezi Ko\u00e7 \u00dcniversitesi T\u00fcpra\u015f Enerji Merkezi (KUTEM), giderek artan enerji ihtiyac\u0131na y\u00f6nelik alternatifler do\u011frultusunda, her y\u0131l \u201cKUTEM Enerji G\u00fcn\u00fc\u201d ad\u0131 <a href=\"https:\/\/www.enerjigazetesi.ist\/wp-content\/uploads\/2017\/04\/kutemin-bu-yilki-enerji-gunu-temasi-gunes-yakitlari-oldu.jpg\"><img loading=\"lazy\" class=\"alignright size-medium wp-image-62994\" src=\"https:\/\/www.enerjigazetesi.ist\/wp-content\/uploads\/2017\/04\/kutemin-bu-yilki-enerji-gunu-temasi-gunes-yakitlari-oldu-300x200.jpg\" alt=\"kutemin-bu-yilki-enerji-gunu-temasi-gunes-yakitlari-oldu\" width=\"300\" height=\"200\" srcset=\"https:\/\/www.enerjigazetesi.ist\/wp-content\/uploads\/2017\/04\/kutemin-bu-yilki-enerji-gunu-temasi-gunes-yakitlari-oldu-300x200.jpg 300w, https:\/\/www.enerjigazetesi.ist\/wp-content\/uploads\/2017\/04\/kutemin-bu-yilki-enerji-gunu-temasi-gunes-yakitlari-oldu-1024x682.jpg 1024w, https:\/\/www.enerjigazetesi.ist\/wp-content\/uploads\/2017\/04\/kutemin-bu-yilki-enerji-gunu-temasi-gunes-yakitlari-oldu-500x333.jpg 500w, https:\/\/www.enerjigazetesi.ist\/wp-content\/uploads\/2017\/04\/kutemin-bu-yilki-enerji-gunu-temasi-gunes-yakitlari-oldu-75x50.jpg 75w, https:\/\/www.enerjigazetesi.ist\/wp-content\/uploads\/2017\/04\/kutemin-bu-yilki-enerji-gunu-temasi-gunes-yakitlari-oldu.jpg 1200w\" sizes=\"(max-width: 300px) 100vw, 300px\" \/><\/a>alt\u0131nda d\u00fczenlenen etkinlik dizilerine ev sahipli\u011fi yaparak, yeni enerji teknolojilerinin ke\u015ffine imk\u00e2n sunuyor.<\/p>\n<p>Ko\u00e7 \u00dcniversitesi T\u00fcpra\u015f Enerji Merkezi (KUTEM) bu y\u0131l g\u00fcne\u015f enerjisi konusunu ele al\u0131rken, Enerji G\u00fcn\u00fc ba\u015fl\u0131kl\u0131 konferansta yenilik\u00e7i teknoloji imk\u00e2nlar\u0131 tart\u0131\u015f\u0131ld\u0131. A\u00e7\u0131l\u0131\u015f konu\u015fmas\u0131n\u0131 Ko\u00e7 \u00dcniversitesi Ara\u015ft\u0131rma ve Geli\u015ftirmeden Sorumlu Rekt\u00f6r Yard\u0131mc\u0131s\u0131 Prof. Dr. \u0130r\u015fadi Aksun ve KUTEM Direkt\u00f6r\u00fc Prof. Dr. Can Erkey\u2019in yapt\u0131\u011f\u0131 etkinli\u011fin bu y\u0131lki ana konu\u015fmac\u0131s\u0131 ise k\u00fcresel enerji problemlerinin teknik \u00e7\u00f6z\u00fcmleri \u00fczerine ara\u015ft\u0131rmalar yapan Danimarka Teknik \u00dcniversitesi\u2019nden Do\u00e7. Dr. Peter C. K. Vesborg oldu.<\/p>\n<p>Ko\u00e7 \u00dcniversitesi Ara\u015ft\u0131rma ve Geli\u015ftirmeden Sorumlu Rekt\u00f6r Yard\u0131mc\u0131s\u0131 Prof. Dr. \u0130r\u015fadi Aksun, ara\u015ft\u0131rmalar\u0131n fosil yak\u0131tlar\u0131n 2050 y\u0131l\u0131na kadar y\u00fczde 70 oran\u0131nda devam edece\u011fini ortaya koydu\u011funu, bunun \u00fczerine fosil enerjilerin daha verimli ve \u00e7evreci kullan\u0131lmas\u0131 amac\u0131yla T\u00fcpra\u015f ile birlikte bir merkez kurma d\u00fc\u015f\u00fcncesinin olu\u015ftu\u011funu s\u00f6yledi. KUTEM\u2019in 2012 y\u0131l\u0131ndan beri faaliyet g\u00f6sterdi\u011fini belirten \u0130r\u015fadi Aksun, T\u00fcpra\u015f ile yap\u0131lan \u00e7al\u0131\u015fmalar\u0131n \u00f6nemine i\u015faret ederek \u015f\u00f6yle devam etti: \u201cKUTEM ile g\u00fczel bir altyap\u0131 olu\u015fturduk ama as\u0131l \u00f6nemli olan bunun devam\u0131. Umuyorum ki, gelecek 5 y\u0131lda, KUTEM\u2019i kamunun ve sanayinin deste\u011fiyle sadece T\u00fcrkiye&#8217;nin de\u011fil, d\u00fcnyan\u0131n \u00f6nemli merkezlerinden biri haline getiririz. Sanayi i\u015fin i\u00e7ine girmezse, bu merkezlerin etkisi daha az olur.\u201d<\/p>\n<p>T\u00fcpra\u015f Genel M\u00fcd\u00fcr\u00fc \u0130brahim Yelmeno\u011flu ise konuyla ilgili a\u00e7\u0131klamas\u0131nda: \u201c\u0130\u00e7inde bulundu\u011fu rekabet\u00e7i ortamda zaman\u0131n ruhunu yakalaman\u0131n, uzun vadeli stratejilere odaklanmak, riskleri etkin bi\u00e7imde y\u00f6netmek ve teknolojik yetkinli\u011fe ula\u015fmaktan ge\u00e7ti\u011fine inanan T\u00fcpra\u015f, Ar-Ge \u00e7al\u0131\u015fmalar\u0131 ile teknolojisini \u00fcreten rafineri \u015firketi olma hedefine h\u0131zla ilerliyor. Ar-Ge stratejisi \u00e7er\u00e7evesinde \u00fcniversiteler, ara\u015ft\u0131rma merkezleri ve sanayi ile ger\u00e7ekle\u015ftirilecek ortak \u00e7al\u0131\u015fmalar sonras\u0131nda ortaya \u00e7\u0131kacak bilgi birikimi, \u015firketin s\u00fcrd\u00fcr\u00fclebilir ba\u015far\u0131s\u0131 ve gelece\u011fi i\u00e7in b\u00fcy\u00fck \u00f6nem ta\u015f\u0131yor. Hem sanayi hem de \u00fcniversiteler i\u00e7in katma de\u011fer olu\u015fturan bu sistemle, \u00f6\u011frencilerin projelerde deneyim kazanmas\u0131 sa\u011flan\u0131yor. T\u00fcpra\u015f\u2019\u0131n rafinasyon ve yak\u0131t \u00fczerine yapt\u0131\u011f\u0131 \u00e7al\u0131\u015fmalar ile daha geni\u015f perspektifte enerji alan\u0131ndaki yapt\u0131\u011f\u0131 \u00e7al\u0131\u015fmalar, \u00fcniversite bilimsel bak\u0131\u015f a\u00e7\u0131s\u0131yla harmanlanarak zenginle\u015firken, bu y\u0131l g\u00fcne\u015f enerjisine y\u00f6nelik konular\u0131n ele al\u0131nd\u0131\u011f\u0131 \u201cEnerji G\u00fcn\u00fc\u201d konferans\u0131n\u0131n bir par\u00e7as\u0131 olmak T\u00fcpra\u015fl\u0131lara heyecan veriyor\u201d dedi.<\/p>\n<p>Enerji G\u00fcn\u00fc Konferans\u0131&#8217;nda konu\u015fmac\u0131 olarak yer alan Danimarka Teknik \u00dcniversitesi\u2019nden Do\u00e7. Peter C. K. Vesborg d\u00fcnyadaki enerji problemleri, enerji sekt\u00f6r\u00fcn\u00fcn genel g\u00f6r\u00fcn\u00fcm\u00fc, g\u00fcne\u015f enerjisi, enerji saklama ve depolama, yapay fotosentez, enerji kaynaklar\u0131n\u0131n s\u00fcrd\u00fcr\u00fclebilirli\u011fi ve enerji politikalar\u0131 \u00fczerine bir sunum yapt\u0131. D\u00fcnyan\u0131n enerji ihtiyac\u0131n\u0131n artarak devam edece\u011fini kaydeden Vesborg, d\u00fcnyada yeterli enerji kayna\u011f\u0131 bulundu\u011funa ve fakat bu kaynaklar\u0131 kullanman\u0131n maliyetinin y\u00fcksek oldu\u011funa de\u011findi. Peter C. K. Vesborg tek bir enerji kayna\u011f\u0131 \u00fczerinden ilerlemenin do\u011fru olmayaca\u011f\u0131n\u0131n, kaynaklar\u0131 dengeli bir \u015fekilde kullanmak gerekti\u011finin alt\u0131n\u0131 \u00e7izdi.<\/p>\n<p>K\u00fcresel enerji sorunlar\u0131, stratejileri ve g\u00fcne\u015f yak\u0131tlar\u0131na dair konular\u0131n ele al\u0131nd\u0131\u011f\u0131 ve enerji sekt\u00f6r\u00fcn\u00fcn \u00f6nde gelen temsilcilerinin bir araya geldi\u011fi konferansta, yerli ve \u00e7evre dostu alternatif yak\u0131t teknolojileri geli\u015ftirmeye, teknolojide d\u0131\u015fa ba\u011f\u0131ml\u0131l\u0131\u011f\u0131 azaltmaya ve enerji a\u00e7\u0131\u011f\u0131 probleminin \u00e7\u00f6z\u00fcm\u00fcne odaklan\u0131ld\u0131.<\/p>\n<p>Konferansta yeni geli\u015ftirilen enerji teknolojileri konusunda da \u00f6nemli a\u00e7\u0131l\u0131mlar aktar\u0131l\u0131rken, yeni bir platform olu\u015fturmak \u00fczere farkl\u0131 alanlarda s\u00fcrd\u00fcr\u00fclebilir enerji teknolojilerine katk\u0131 sa\u011flam\u0131\u015f \u00f6nemli ki\u015filer ve organizasyonlar\u0131n katk\u0131s\u0131 da g\u00fcndeme getirildi. Ayr\u0131ca KUTEM Enerji G\u00fcn\u00fc kapsam\u0131nda t\u00fcm d\u00fcnyadaki g\u00fcne\u015f enerjisi ara\u015ft\u0131rma giri\u015fimleri de payla\u015f\u0131ld\u0131. Bu etkinlikler dizisi s\u00fcrd\u00fcr\u00fclebilir enerji teknolojilerinin sosyal geli\u015fimi i\u00e7in \u00e7al\u0131\u015fan Ko\u00e7 \u00dcniversitesi ve T\u00dcPRA\u015e\u2019\u0131n giri\u015fimlerine de katk\u0131 sa\u011flayacak.<\/p>","protected":false},"excerpt":{"rendered":"<p>Sorry, this entry is only available in Turkish. For the sake of viewer convenience, the content is shown below in the alternative language. You may click the link to switch the active language.T\u00fcrkiye\u2019de \u00f6zel sekt\u00f6r deste\u011fiyle kurulan ilk enerji ara\u015ft\u0131rma merkezi olan Ko\u00e7 \u00dcniversitesi T\u00fcpra\u015f Enerji Merkezi (KUTEM), k\u00fcresel enerji sorunlar\u0131, enerji stratejileri ve g\u00fcne\u015f [&hellip;]<\/p>\n","protected":false},"author":1,"featured_media":62994,"comment_status":"open","ping_status":"open","sticky":false,"template":"","format":"standard","meta":[],"categories":[53,49],"tags":[63,67,1009,2698,165,3535,3536,33672,33671],"views":813,"_links":{"self":[{"href":"https:\/\/www.enerjigazetesi.ist\/en\/wp-json\/wp\/v2\/posts\/62993"}],"collection":[{"href":"https:\/\/www.enerjigazetesi.ist\/en\/wp-json\/wp\/v2\/posts"}],"about":[{"href":"https:\/\/www.enerjigazetesi.ist\/en\/wp-json\/wp\/v2\/types\/post"}],"author":[{"embeddable":true,"href":"https:\/\/www.enerjigazetesi.ist\/en\/wp-json\/wp\/v2\/users\/1"}],"replies":[{"embeddable":true,"href":"https:\/\/www.enerjigazetesi.ist\/en\/wp-json\/wp\/v2\/comments?post=62993"}],"version-history":[{"count":1,"href":"https:\/\/www.enerjigazetesi.ist\/en\/wp-json\/wp\/v2\/posts\/62993\/revisions"}],"predecessor-version":[{"id":62995,"href":"https:\/\/www.enerjigazetesi.ist\/en\/wp-json\/wp\/v2\/posts\/62993\/revisions\/62995"}],"wp:featuredmedia":[{"embeddable":true,"href":"https:\/\/www.enerjigazetesi.ist\/en\/wp-json\/wp\/v2\/media\/62994"}],"wp:attachment":[{"href":"https:\/\/www.enerjigazetesi.ist\/en\/wp-json\/wp\/v2\/media?parent=62993"}],"wp:term":[{"taxonomy":"category","embeddable":true,"href":"https:\/\/www.enerjigazetesi.ist\/en\/wp-json\/wp\/v2\/categories?post=62993"},{"taxonomy":"post_tag","embeddable":true,"href":"https:\/\/www.enerjigazetesi.ist\/en\/wp-json\/wp\/v2\/tags?post=62993"}],"curies":[{"name":"wp","href":"https:\/\/api.w.org\/{rel}","templated":true}]}}