{"id":62916,"date":"2017-04-03T11:58:40","date_gmt":"2017-04-03T08:58:40","guid":{"rendered":"https:\/\/www.enerjigazetesi.ist\/?p=62916"},"modified":"2017-04-03T12:01:55","modified_gmt":"2017-04-03T09:01:55","slug":"abdnin-enerji-uretimi-6-yil-yukselisin-ardindan-2016-yilinda-dustu","status":"publish","type":"post","link":"https:\/\/www.enerjigazetesi.ist\/en\/abdnin-enerji-uretimi-6-yil-yukselisin-ardindan-2016-yilinda-dustu\/","title":{"rendered":"(Turkish) ABD\u2019nin Enerji \u00dcretimi 6 Y\u0131l Y\u00fckseli\u015fin Ard\u0131ndan 2016 Y\u0131l\u0131nda D\u00fc\u015ft\u00fc"},"content":{"rendered":"<p class=\"qtranxs-available-languages-message qtranxs-available-languages-message-en\">Sorry, this entry is only available in <a href=\"https:\/\/www.enerjigazetesi.ist\/tr\/wp-json\/wp\/v2\/posts\/62916\" class=\"qtranxs-available-language-link qtranxs-available-language-link-tr\" title=\"Turkish\">Turkish<\/a>. For the sake of viewer convenience, the content is shown below in the alternative language. You may click the link to switch the active language.<\/p><p><\/p>\n<p style=\"color: #0a0a0a;\"><strong>\u00dclkede toplam k\u00f6m\u00fcr \u00fcretimi ge\u00e7ti\u011fimiz\u00a0sene y\u00fczde 18 azal\u0131\u015f ile 1978 y\u0131l\u0131ndan bu yana en d\u00fc\u015f\u00fck seviyesine geriledi.<br \/>\n<\/strong><\/p>\n<p style=\"color: #0a0a0a;\"><span id=\"more-90252\"><\/span>ABD Enerji Enformasyon \u0130daresi (EIA) taraf\u0131ndan \u00fclkede toplam enerji \u00fcretiminin 6 y\u0131l art arda y\u00fc<img loading=\"lazy\" class=\"alignright size-medium wp-image-62917\" src=\"https:\/\/www.enerjigazetesi.ist\/wp-content\/uploads\/2017\/04\/abdnin-enerji-uretimi-6-yil-yukselisin-ardindan-2016-yilinda-dustu-300x203.jpg\" alt=\"abdnin-enerji-uretimi-6-yil-yukselisin-ardindan-2016-yilinda-dustu\" width=\"300\" height=\"203\" srcset=\"https:\/\/www.enerjigazetesi.ist\/wp-content\/uploads\/2017\/04\/abdnin-enerji-uretimi-6-yil-yukselisin-ardindan-2016-yilinda-dustu-300x203.jpg 300w, https:\/\/www.enerjigazetesi.ist\/wp-content\/uploads\/2017\/04\/abdnin-enerji-uretimi-6-yil-yukselisin-ardindan-2016-yilinda-dustu-500x339.jpg 500w, https:\/\/www.enerjigazetesi.ist\/wp-content\/uploads\/2017\/04\/abdnin-enerji-uretimi-6-yil-yukselisin-ardindan-2016-yilinda-dustu-73x50.jpg 73w, https:\/\/www.enerjigazetesi.ist\/wp-content\/uploads\/2017\/04\/abdnin-enerji-uretimi-6-yil-yukselisin-ardindan-2016-yilinda-dustu.jpg 625w\" sizes=\"(max-width: 300px) 100vw, 300px\" \/>kseli\u015f kaydettikten sonra 2016 y\u0131l\u0131nda d\u00fc\u015ft\u00fc\u011f\u00fc belirtildi. Yap\u0131lan a\u00e7\u0131klamada, \u00fclkede 2009\u2019dan bu yana 6 y\u0131l \u00fcst \u00fcste art\u0131\u015f g\u00f6steren toplam enerji \u00fcretiminin ilk kez ge\u00e7ti\u011fimiz\u00a0sene y\u0131ldan y\u0131la azald\u0131\u011f\u0131 belirtildi. S\u00f6z konusu ya\u015fanan d\u00fc\u015f\u00fc\u015f\u00fcn 2016 y\u0131l\u0131nda Petrol , do\u011falgaz ve k\u00f6m\u00fcr \u00fcretimlerindeki d\u00fc\u015f\u00fc\u015ften kaynakland\u0131\u011f\u0131 ifade edildi.\u00a0Eski ABD Ba\u015fkan\u0131 Barack Obama\u2019n\u0131n \u00e7evresel politikalar\u0131 ve k\u00f6m\u00fcr sekt\u00f6r\u00fc \u00fczerindeki s\u0131k\u0131 reg\u00fclasyonlar\u0131 nedeniyle zor bir y\u0131l\u0131 geride b\u0131rakan Amerikan k\u00f6m\u00fcr end\u00fcstrisindeki toplam \u00fcretimin ge\u00e7ti\u011fimiz sene, bir \u00f6nceki y\u0131la g\u00f6re y\u00fczde 18 azal\u0131\u015f ile 1978\u2019den bu yana en d\u00fc\u015f\u00fck seviyesine geriledi\u011fi\u00a0a\u00e7\u0131kland\u0131.<\/p>\n<p style=\"color: #0a0a0a;\">D\u00fc\u015f\u00fck Petrol fiyatlar\u0131n\u0131n yat\u0131r\u0131mlar\u0131 olumsuz etkilemesinden dolay\u0131 ABD\u2019nin ham Petrol ve do\u011falgaz \u00fcretimlerinin ge\u00e7ti\u011fimiz sene bir \u00f6nceki y\u0131la g\u00f6re s\u0131ras\u0131yla y\u00fczde 5 ve y\u00fczde 2\u00a0oranlar\u0131nda azald\u0131\u011f\u0131 da belirtildi.<\/p>\n<p><\/p>","protected":false},"excerpt":{"rendered":"<p>Sorry, this entry is only available in Turkish. For the sake of viewer convenience, the content is shown below in the alternative language. You may click the link to switch the active language. \u00dclkede toplam k\u00f6m\u00fcr \u00fcretimi ge\u00e7ti\u011fimiz\u00a0sene y\u00fczde 18 azal\u0131\u015f ile 1978 y\u0131l\u0131ndan bu yana en d\u00fc\u015f\u00fck seviyesine geriledi. ABD Enerji Enformasyon \u0130daresi (EIA) [&hellip;]<\/p>\n","protected":false},"author":1,"featured_media":62917,"comment_status":"open","ping_status":"open","sticky":false,"template":"","format":"standard","meta":[],"categories":[53],"tags":[1198,6102,92,5353,63,67,1009,2698,165,18,13,1675,59,16],"views":606,"_links":{"self":[{"href":"https:\/\/www.enerjigazetesi.ist\/en\/wp-json\/wp\/v2\/posts\/62916"}],"collection":[{"href":"https:\/\/www.enerjigazetesi.ist\/en\/wp-json\/wp\/v2\/posts"}],"about":[{"href":"https:\/\/www.enerjigazetesi.ist\/en\/wp-json\/wp\/v2\/types\/post"}],"author":[{"embeddable":true,"href":"https:\/\/www.enerjigazetesi.ist\/en\/wp-json\/wp\/v2\/users\/1"}],"replies":[{"embeddable":true,"href":"https:\/\/www.enerjigazetesi.ist\/en\/wp-json\/wp\/v2\/comments?post=62916"}],"version-history":[{"count":4,"href":"https:\/\/www.enerjigazetesi.ist\/en\/wp-json\/wp\/v2\/posts\/62916\/revisions"}],"predecessor-version":[{"id":62921,"href":"https:\/\/www.enerjigazetesi.ist\/en\/wp-json\/wp\/v2\/posts\/62916\/revisions\/62921"}],"wp:featuredmedia":[{"embeddable":true,"href":"https:\/\/www.enerjigazetesi.ist\/en\/wp-json\/wp\/v2\/media\/62917"}],"wp:attachment":[{"href":"https:\/\/www.enerjigazetesi.ist\/en\/wp-json\/wp\/v2\/media?parent=62916"}],"wp:term":[{"taxonomy":"category","embeddable":true,"href":"https:\/\/www.enerjigazetesi.ist\/en\/wp-json\/wp\/v2\/categories?post=62916"},{"taxonomy":"post_tag","embeddable":true,"href":"https:\/\/www.enerjigazetesi.ist\/en\/wp-json\/wp\/v2\/tags?post=62916"}],"curies":[{"name":"wp","href":"https:\/\/api.w.org\/{rel}","templated":true}]}}