{"id":629,"date":"2012-06-22T09:11:34","date_gmt":"2012-06-22T06:11:34","guid":{"rendered":"https:\/\/www.enerjigazetesi.ist\/?p=629"},"modified":"2012-06-22T09:11:34","modified_gmt":"2012-06-22T06:11:34","slug":"nukleer-santrallerin-riski-yildirimdan-olme-riskinin-5te-biri","status":"publish","type":"post","link":"https:\/\/www.enerjigazetesi.ist\/en\/nukleer-santrallerin-riski-yildirimdan-olme-riskinin-5te-biri\/","title":{"rendered":"(Turkish) N\u00fckleer Santrallerin Riski Y\u0131ld\u0131r\u0131mdan \u00d6lme Riskinin 5&#8217;te Biri"},"content":{"rendered":"<p class=\"qtranxs-available-languages-message qtranxs-available-languages-message-en\">Sorry, this entry is only available in <a href=\"https:\/\/www.enerjigazetesi.ist\/tr\/wp-json\/wp\/v2\/posts\/629\" class=\"qtranxs-available-language-link qtranxs-available-language-link-tr\" title=\"Turkish\">Turkish<\/a>. For the sake of viewer convenience, the content is shown below in the alternative language. You may click the link to switch the active language.<\/p><p>Enerji ve Tabii Kaynaklar Bakan\u0131 Taner Y\u0131ld\u0131z, &#8220;n\u00fckleer g\u00fc\u00e7 santrallerinin riskinin, y\u0131ld\u0131r\u0131mdan \u00f6lme riskinin 5&#8217;te biri&#8221; oldu\u011funu <img loading=\"lazy\" class=\"alignright  wp-image-630\" title=\"enerji-bakan-i-nukleer-santral\" src=\"https:\/\/www.enerjigazetesi.ist\/wp-content\/uploads\/2012\/06\/enerji-bakan-i-bagdat-a-gitti-366.jpg\" alt=\"\" width=\"291\" height=\"263\" \/>belirterek, g\u00fcvenlik riski olan santrallerin kapat\u0131lmas\u0131n\u0131n, n\u00fckleer santrallerden vazge\u00e7ilmesi manas\u0131na gelemeyece\u011fini ifade etti.<br \/>\n&#8220;St. Petersburg Uluslararas\u0131 Ekonomik Forumu&#8221; kapsam\u0131nda d\u00fczenlenen &#8220;N\u00fckleer G\u00fc\u00e7: Fuku\u015fima Sonras\u0131 Bir Y\u0131l&#8221; ba\u015fl\u0131kl\u0131 panelde konu\u015fan Bakan Y\u0131ld\u0131z, Fuku\u015fima&#8217;n\u0131n, politika \u00fcretenlerin, \u00fclkenin idarecilerinin, kamu ve \u00f6zel sekt\u00f6r\u00fcn b\u00fct\u00fcn y\u00f6nleriyle beraber dikkate almas\u0131 gereken \u00f6nemli bir i\u015f kazas\u0131 oldu\u011funa dikkat \u00e7ekti.<br \/>\nBununla birlikte \u00c7ernobil&#8217;de oldu\u011fu gibi bu t\u00fcr kazalar\u0131n ard\u0131ndan g\u00fcvenlik sistemlerinin art\u0131r\u0131ld\u0131\u011f\u0131n\u0131 ve &#8220;her tehdidin bir f\u0131rsat\u0131 oldu\u011funu&#8221; s\u00f6yledi.<br \/>\n\u00c7ernobil kazas\u0131n\u0131n ard\u0131ndan 144 adet santral in\u015fa edildi\u011fini vurgulayan Y\u0131ld\u0131z, Fuku\u015fima&#8217;dan sonra da 30 ayr\u0131 \u00fclkede toplam 63 santral yap\u0131m\u0131na devam edildi\u011fini bildirdi.<br \/>\n&#8220;N\u00fckleer g\u00fc\u00e7 santrallerinin riski, hala y\u0131ld\u0131r\u0131mdan \u00f6lme riskinin 5&#8217;te biri kadar&#8221; ifadesini kullanan Bakan Y\u0131ld\u0131z, &#8220;Fuku\u015fima \u00f6nemli bir kazad\u0131r. Bu kazadan herkes ders almak durumundad\u0131r. H\u00fck\u00fcmet \u00fcyeleri, kamu, \u00f6zel sekt\u00f6r, herkes ders almak durumundad\u0131r ve g\u00fcvenlik sistemlerini tekrar g\u00f6zden ge\u00e7irmek zorundad\u0131r. Biz de \u00f6yle yap\u0131yoruz. Hi\u00e7bir yat\u0131r\u0131mc\u0131 b\u00fct\u00fcn o paras\u0131n\u0131 riske edip de bu t\u00fcr yat\u0131r\u0131mlara ciddi blok paralar koymazlar. O y\u00fczden tabii ki herkes g\u00fcvenli\u011fini, deprem risklerini g\u00f6z \u00f6n\u00fcne almak zorundad\u0131r&#8221; ifadelerini kulland\u0131.<br \/>\nFuku\u015fima7daki kazan\u0131n ard\u0131ndan n\u00fckleer g\u00fc\u00e7 santrallerinin d\u00fcnyada tamamen kapat\u0131laca\u011f\u0131n\u0131n s\u00f6ylendi\u011fini belirten Y\u0131ld\u0131z, s\u00fcrd\u00fcr\u00fclebilir enerji politikalar\u0131n\u0131n, s\u00fcrd\u00fcr\u00fclebilir kalk\u0131nman\u0131n en \u00f6nemli gerek\u00e7elerinden biri oldu\u011funu, s\u00fcrd\u00fcr\u00fclebilir bir enerji yap\u0131s\u0131 olu\u015fturmak i\u00e7in &#8221;mutlaka&#8221; stabil enerji politikalar\u0131n\u0131 koruyup kollamak gerekti\u011fini s\u00f6yledi.<br \/>\nY\u0131ld\u0131z, d\u00fcnyan\u0131n b\u00fcy\u00fcd\u00fc\u011f\u00fcn\u00fc, T\u00fcrkiye&#8217;nin de d\u00fcnyan\u0131n b\u00fcy\u00fcme h\u0131z\u0131ndan daha h\u0131zl\u0131 b\u00fcy\u00fcd\u00fc\u011f\u00fcn\u00fc vurgulayarak, enerji kaynaklar\u0131n\u0131n \u00e7e\u015fitlendirilmesinin ve bu \u00e7er\u00e7evede n\u00fckleer g\u00fc\u00e7 santrallerinin T\u00fcrkiye i\u00e7in bir zorunluluk oldu\u011funu s\u00f6yledi.<br \/>\nY\u0131ld\u0131z, &#8220;26 tane 40 ya\u015f\u0131n\u0131 doldurmu\u015f ve art\u0131k i\u015fletmesinin kapat\u0131lmas\u0131 zorunlu hale gelen n\u00fckleer santrallerden vazge\u00e7menin, n\u00fckleer g\u00fc\u00e7 santrallerinden vazge\u00e7mek anlam\u0131na gelmedi\u011fini bilmek laz\u0131m\u201d dedi.<br \/>\nBakan Y\u0131ld\u0131z konu\u015fmas\u0131na \u015f\u00f6yle devam etti:<br \/>\n&#8220;Bir \u00fclke &#8216;2031 y\u0131l\u0131nda ben, n\u00fckleer santralin faaliyetini durduraca\u011f\u0131m&#8217; dedi. Peki tehlikeliyse ni\u00e7in \u015fimdi durdurmuyoruz bunu? B\u00f6yle bir risk ve tehdit varsa ni\u00e7in 2031 y\u0131l\u0131n\u0131 bekliyoruz? Bakt\u0131\u011f\u0131n\u0131zda g\u00f6r\u00fcyorsunuz ki, 40 ya\u015f\u0131n\u0131 o zaman dolduracak. Rosatom ve Atomstoy Export ile yapaca\u011f\u0131m\u0131z n\u00fckleer santraller projesinin Mersin Akkuyu&#8217;da yani Akdeniz&#8217;deki yapaca\u011f\u0131m\u0131z proje i\u00e7in ben de hafif ironik olmak kayd\u0131yla, &#8216;Biz de bu santralimizi 2071 y\u0131l\u0131nda kapatmay\u0131 d\u00fc\u015f\u00fcn\u00fcyoruz&#8217; dedim.&#8221;<br \/>\nD\u00fcnya enerjisinin y\u00fczde 13,5&#8217;inin n\u00fckleer santrallerden kar\u015f\u0131land\u0131\u011f\u0131n\u0131 belirten Y\u0131ld\u0131z, ikinci ve \u00fc\u00e7\u00fcnc\u00fc santrali 4&#8217;er \u00fcnitelik, toplam 12 tane ayr\u0131 n\u00fckleer santral anlam\u0131na gelen 12 \u00fcnitelik santrali ger\u00e7ekle\u015ftirmek istediklerini bildirdi. Y\u0131ld\u0131z, &#8221;Bir tanesi Akdeniz&#8217;de Rusya ile beraber. Bir tanesi, \u015fu anda g\u00f6r\u00fc\u015fmelerini s\u00fcrd\u00fcrd\u00fc\u011f\u00fcm\u00fcz Japonya, G\u00fcney Kore, \u00c7in ve Kanada. Buna farkl\u0131 \u00fclkeler eklenebilir, \u00e7\u0131kart\u0131labilir, bu bir m\u00fczakere s\u00fcreci. Ama bizi ikinci ve \u00fc\u00e7\u00fcnc\u00fc bloku da yapmayla alakal\u0131 kararl\u0131l\u0131\u011f\u0131m\u0131z\u0131 vatanda\u015f\u0131m\u0131zla, halk\u0131m\u0131zla \u015feffaf\u00e7a payla\u015farak anlat\u0131yoruz&#8221; diye konu\u015ftu.<\/p>\n<p>Kaynak: <a href=\"http:\/\/www.haberx.com\/enerji_bakani_yildiz_nukleer_santrallerin_riski_yildirimdan_olme_riskinin_5te_biri(17,n,11010592,841).aspx\" target=\"_blank\">Haberx.com<\/a><\/p>","protected":false},"excerpt":{"rendered":"<p>Sorry, this entry is only available in Turkish. For the sake of viewer convenience, the content is shown below in the alternative language. You may click the link to switch the active language.Enerji ve Tabii Kaynaklar Bakan\u0131 Taner Y\u0131ld\u0131z, &#8220;n\u00fckleer g\u00fc\u00e7 santrallerinin riskinin, y\u0131ld\u0131r\u0131mdan \u00f6lme riskinin 5&#8217;te biri&#8221; oldu\u011funu belirterek, g\u00fcvenlik riski olan santrallerin kapat\u0131lmas\u0131n\u0131n, [&hellip;]<\/p>\n","protected":false},"author":1,"featured_media":630,"comment_status":"open","ping_status":"open","sticky":false,"template":"","format":"standard","meta":[],"categories":[53,43],"tags":[63,67,88],"views":771,"_links":{"self":[{"href":"https:\/\/www.enerjigazetesi.ist\/en\/wp-json\/wp\/v2\/posts\/629"}],"collection":[{"href":"https:\/\/www.enerjigazetesi.ist\/en\/wp-json\/wp\/v2\/posts"}],"about":[{"href":"https:\/\/www.enerjigazetesi.ist\/en\/wp-json\/wp\/v2\/types\/post"}],"author":[{"embeddable":true,"href":"https:\/\/www.enerjigazetesi.ist\/en\/wp-json\/wp\/v2\/users\/1"}],"replies":[{"embeddable":true,"href":"https:\/\/www.enerjigazetesi.ist\/en\/wp-json\/wp\/v2\/comments?post=629"}],"version-history":[{"count":2,"href":"https:\/\/www.enerjigazetesi.ist\/en\/wp-json\/wp\/v2\/posts\/629\/revisions"}],"predecessor-version":[{"id":632,"href":"https:\/\/www.enerjigazetesi.ist\/en\/wp-json\/wp\/v2\/posts\/629\/revisions\/632"}],"wp:featuredmedia":[{"embeddable":true,"href":"https:\/\/www.enerjigazetesi.ist\/en\/wp-json\/wp\/v2\/media\/630"}],"wp:attachment":[{"href":"https:\/\/www.enerjigazetesi.ist\/en\/wp-json\/wp\/v2\/media?parent=629"}],"wp:term":[{"taxonomy":"category","embeddable":true,"href":"https:\/\/www.enerjigazetesi.ist\/en\/wp-json\/wp\/v2\/categories?post=629"},{"taxonomy":"post_tag","embeddable":true,"href":"https:\/\/www.enerjigazetesi.ist\/en\/wp-json\/wp\/v2\/tags?post=629"}],"curies":[{"name":"wp","href":"https:\/\/api.w.org\/{rel}","templated":true}]}}