{"id":62858,"date":"2017-04-01T15:22:25","date_gmt":"2017-04-01T12:22:25","guid":{"rendered":"https:\/\/www.enerjigazetesi.ist\/?p=62858"},"modified":"2017-04-01T15:24:05","modified_gmt":"2017-04-01T12:24:05","slug":"turkiyeyi-enerji-ticareti-merkezi-yapacak-olan-projelerde-olacagiz","status":"publish","type":"post","link":"https:\/\/www.enerjigazetesi.ist\/en\/turkiyeyi-enerji-ticareti-merkezi-yapacak-olan-projelerde-olacagiz\/","title":{"rendered":"(Turkish) \u201cT\u00fcrkiye\u2019yi Enerji Ticareti Merkezi Yapacak Olan Projelerde Olaca\u011f\u0131z\u201d"},"content":{"rendered":"<p class=\"qtranxs-available-languages-message qtranxs-available-languages-message-en\">Sorry, this entry is only available in <a href=\"https:\/\/www.enerjigazetesi.ist\/tr\/wp-json\/wp\/v2\/posts\/62858\" class=\"qtranxs-available-language-link qtranxs-available-language-link-tr\" title=\"Turkish\">Turkish<\/a>. For the sake of viewer convenience, the content is shown below in the alternative language. You may click the link to switch the active language.<\/p><p><\/p>\n<p style=\"color: #0a0a0a;\"><strong>G\u00fcney Kore&#8217;nin in\u015faat \u015firketi SK E&amp;C Genel M\u00fcd\u00fcr\u00fc Jason Jaehyun Ahn taraf\u0131ndan \u201cT\u00fcrkiye\u2019yi enerji ticareti merkezi yapacak projelerde yer almak istiyoruz\u201d\u00a0ifadeleri kullan\u0131ld\u0131.<\/strong><\/p>\n<p style=\"color: #0a0a0a;\"><span id=\"more-90171\"><\/span>SK E&amp;C olarak 1915 \u00c7anakkale K\u00f6pr\u00fcs\u00fc\u2019n\u00fcn yap\u0131m\u0131n\u0131 \u00fcstlenen ortak giri\u015fim grubu i\u00e7inde yer ald\u0131klar\u0131n\u0131 belirten\u00a0Ahn \u201cT\u00fcrkiye, 2000\u2019li y\u0131llar\u0131n ortalar\u0131ndan beri altyap\u0131 hamlelerini s\u00fcrd\u00fcrmektedir. Ayr\u0131ca, jeopolitik durum, yat\u0131r\u0131m te\u015fviki, n\u00fcfus yap\u0131s\u0131 ve <a href=\"https:\/\/www.enerjigazetesi.ist\/wp-content\/uploads\/2017\/04\/turkiyeyi-enerji-ticaret-merkezi-yapacak-olan-projelerde-olacagiz.jpg\"><img loading=\"lazy\" class=\"alignleft  wp-image-62859\" src=\"https:\/\/www.enerjigazetesi.ist\/wp-content\/uploads\/2017\/04\/turkiyeyi-enerji-ticaret-merkezi-yapacak-olan-projelerde-olacagiz-300x100.jpg\" alt=\"turkiyeyi-enerji-ticaret-merkezi-yapacak-olan-projelerde-olacagiz\" width=\"300\" height=\"126\" \/><\/a>kolayla\u015ft\u0131r\u0131c\u0131 politikalar, hala bir\u00e7ok yabanc\u0131 yat\u0131r\u0131mc\u0131y\u0131 cezbetmektedir. T\u00fcrkiye pazar\u0131 kesinlikle yat\u0131r\u0131m yap\u0131labilir ve biz buraya daha fazla para yat\u0131rmaya haz\u0131r\u0131z\u201d dedi.<\/p>\n<p style=\"color: #0a0a0a;\">Ahn, SK E&amp;C\u2019nin uluslararas\u0131 yat\u0131r\u0131m b\u00fct\u00e7esini \u00fclkelere g\u00f6re da\u011f\u0131tmad\u0131\u011f\u0131n\u0131\u00a0s\u00f6yleyerek \u201cB\u00fct\u00e7e da\u011f\u0131l\u0131m\u0131 konusunda \u00f6ncelik verdi\u011fimiz projeler bulunmaktad\u0131r. Bu projelerin fizibl olup olmamas\u0131 gibi kriterlere g\u00f6re durum de\u011fi\u015fmektedir. T\u00fcrkiye\u2019nin bir\u00e7ok k\u00e2rl\u0131 ve fizib\u0131l projeye sahip oldu\u011funu d\u00fc\u015f\u00fcnmekteyiz\u201d dedi. T\u00fcrkiye\u2019de yenilenebilir enerji alan\u0131nda aktif bir \u015fekilde olmak istediklerini de planlad\u0131klar\u0131n\u0131 belirten Ahn \u201cT\u00fcrk enerji piyasas\u0131na \u00e7ok yabanc\u0131 de\u011filiz, daha \u00f6nce Tufanbeyli Santrali\u2019nin yap\u0131m i\u015finde yer ald\u0131k. T\u00fcrkiye ekonomisinin potansiyeline inand\u0131\u011f\u0131m\u0131z i\u00e7in yat\u0131r\u0131m f\u0131rsatlar\u0131 aramaktay\u0131z\u201d\u00a0ifadelerine yer verdi.<\/p>\n<p><\/p>","protected":false},"excerpt":{"rendered":"<p>Sorry, this entry is only available in Turkish. For the sake of viewer convenience, the content is shown below in the alternative language. You may click the link to switch the active language. G\u00fcney Kore&#8217;nin in\u015faat \u015firketi SK E&amp;C Genel M\u00fcd\u00fcr\u00fc Jason Jaehyun Ahn taraf\u0131ndan \u201cT\u00fcrkiye\u2019yi enerji ticareti merkezi yapacak projelerde yer almak istiyoruz\u201d\u00a0ifadeleri kullan\u0131ld\u0131. [&hellip;]<\/p>\n","protected":false},"author":1,"featured_media":62859,"comment_status":"open","ping_status":"open","sticky":false,"template":"","format":"standard","meta":[],"categories":[53],"tags":[63,67,1009,2698,165,29743,33641,33643,29288,33642],"views":841,"_links":{"self":[{"href":"https:\/\/www.enerjigazetesi.ist\/en\/wp-json\/wp\/v2\/posts\/62858"}],"collection":[{"href":"https:\/\/www.enerjigazetesi.ist\/en\/wp-json\/wp\/v2\/posts"}],"about":[{"href":"https:\/\/www.enerjigazetesi.ist\/en\/wp-json\/wp\/v2\/types\/post"}],"author":[{"embeddable":true,"href":"https:\/\/www.enerjigazetesi.ist\/en\/wp-json\/wp\/v2\/users\/1"}],"replies":[{"embeddable":true,"href":"https:\/\/www.enerjigazetesi.ist\/en\/wp-json\/wp\/v2\/comments?post=62858"}],"version-history":[{"count":3,"href":"https:\/\/www.enerjigazetesi.ist\/en\/wp-json\/wp\/v2\/posts\/62858\/revisions"}],"predecessor-version":[{"id":62862,"href":"https:\/\/www.enerjigazetesi.ist\/en\/wp-json\/wp\/v2\/posts\/62858\/revisions\/62862"}],"wp:featuredmedia":[{"embeddable":true,"href":"https:\/\/www.enerjigazetesi.ist\/en\/wp-json\/wp\/v2\/media\/62859"}],"wp:attachment":[{"href":"https:\/\/www.enerjigazetesi.ist\/en\/wp-json\/wp\/v2\/media?parent=62858"}],"wp:term":[{"taxonomy":"category","embeddable":true,"href":"https:\/\/www.enerjigazetesi.ist\/en\/wp-json\/wp\/v2\/categories?post=62858"},{"taxonomy":"post_tag","embeddable":true,"href":"https:\/\/www.enerjigazetesi.ist\/en\/wp-json\/wp\/v2\/tags?post=62858"}],"curies":[{"name":"wp","href":"https:\/\/api.w.org\/{rel}","templated":true}]}}