{"id":62851,"date":"2017-04-01T15:01:39","date_gmt":"2017-04-01T12:01:39","guid":{"rendered":"https:\/\/www.enerjigazetesi.ist\/?p=62851"},"modified":"2017-04-01T15:06:01","modified_gmt":"2017-04-01T12:06:01","slug":"albayrak-1-milyon-aileye-daha-dogalgaz-ulastirilacak","status":"publish","type":"post","link":"https:\/\/www.enerjigazetesi.ist\/en\/albayrak-1-milyon-aileye-daha-dogalgaz-ulastirilacak\/","title":{"rendered":"(Turkish) Albayrak: \u201c1 Milyon Aileye Daha Do\u011falgaz Ula\u015ft\u0131r\u0131lacak\u201d"},"content":{"rendered":"<p class=\"qtranxs-available-languages-message qtranxs-available-languages-message-en\">Sorry, this entry is only available in <a href=\"https:\/\/www.enerjigazetesi.ist\/tr\/wp-json\/wp\/v2\/posts\/62851\" class=\"qtranxs-available-language-link qtranxs-available-language-link-tr\" title=\"Turkish\">Turkish<\/a>. For the sake of viewer convenience, the content is shown below in the alternative language. You may click the link to switch the active language.<\/p><p><strong><span style=\"color: #0a0a0a;\">Do\u011falgaz&#8217;a y\u00f6nelik T\u00fcrkiye&#8217;de iki y\u0131ll\u0131k yat\u0131r\u0131m planlamas\u0131 ortaya koyduklar\u0131n\u0131 ifade eden\u00a0Enerji Bakan\u0131 Berat Albayrak, \u201cYakla\u015f\u0131k 220\u2019den fazla il\u00e7ede 1 milyon aile, yani 5 milyondan fazla vatanda\u015f\u0131m\u0131za do\u011falgaz seferberli\u011fine y\u00f6nelik ad\u0131m\u0131 ataca\u011f\u0131z\u201d dedi.<a href=\"https:\/\/www.enerjigazetesi.ist\/wp-content\/uploads\/2016\/01\/dogalgaz-fiyati-soguk-gunlerde-ucuzlatilsin.jpg\"><img loading=\"lazy\" class=\"alignright  wp-image-49689\" src=\"https:\/\/www.enerjigazetesi.ist\/wp-content\/uploads\/2016\/01\/dogalgaz-fiyati-soguk-gunlerde-ucuzlatilsin-300x165.jpg\" alt=\"dogalgaz-fiyati-soguk-gunlerde-ucuzlatilsin\" width=\"300\" height=\"186\" \/><\/a><\/span><\/strong><\/p>\n<p>Rize Ticaret Borsas\u0131\u2019nda ger\u00e7ekle\u015ftirilen\u00a0\u201cRize \u0130\u015f Adamlar\u0131 ve Sivil Toplum Kurulu\u015flar\u0131 Bulu\u015fmas\u0131\u201d toplant\u0131s\u0131na kat\u0131lan Enerji ve Tabii Kaynaklar Bakan\u0131 Berat Albayrak, bu seneden ba\u015flayarak Rize\u2019de de do\u011falgaz noktas\u0131nda ad\u0131m ataca\u011f\u0131z.\u00a0Bu \u00e7er\u00e7evede in\u015fallah bu y\u0131l\u0131n sonuna kadar Arde\u015fen\u2019e, \u00c7ayeli\u2019ye, G\u00fcneysu\u2019ya ve Pazar\u2019a do\u011falgaz\u0131 getirece\u011fiz. Pe\u015fine F\u0131nd\u0131kl\u0131\u2019ya da getirerek \u00f6n\u00fcm\u00fczdeki s\u00fcre\u00e7te do\u011falgaz noktas\u0131ndaki altyap\u0131y\u0131 tamamlam\u0131\u015f olaca\u011f\u0131z.\u201d\u00a0ifadelerini kulland\u0131.<\/p>\n<p>Albayrak, \u201c\u00dclkemizde in\u015fallah \u00f6n\u00fcm\u00fczdeki iki y\u0131l i\u00e7erisinde yakla\u015f\u0131k 220\u2019den fazla il\u00e7ede 1 milyon aile, yani 5 milyondan fazla vatanda\u015f\u0131m\u0131za y\u00f6nelik do\u011falgaz seferberli\u011fi i\u00e7in ad\u0131m\u0131n ataca\u011f\u0131z. Bu sadece \u0131s\u0131nma ve hane halk\u0131 ama\u00e7l\u0131 de\u011fildir. Organize sanayi b\u00f6lgeleri, fabrikalar\u2026 Demin bahsi ge\u00e7en k\u00f6m\u00fcr yakan fabrikalar noktas\u0131nda da in\u015fallah ad\u0131mlar at\u0131lacakt\u0131r\u201d diye konu\u015ftu.<\/p>","protected":false},"excerpt":{"rendered":"<p>Sorry, this entry is only available in Turkish. For the sake of viewer convenience, the content is shown below in the alternative language. You may click the link to switch the active language.Do\u011falgaz&#8217;a y\u00f6nelik T\u00fcrkiye&#8217;de iki y\u0131ll\u0131k yat\u0131r\u0131m planlamas\u0131 ortaya koyduklar\u0131n\u0131 ifade eden\u00a0Enerji Bakan\u0131 Berat Albayrak, \u201cYakla\u015f\u0131k 220\u2019den fazla il\u00e7ede 1 milyon aile, yani 5 [&hellip;]<\/p>\n","protected":false},"author":1,"featured_media":49689,"comment_status":"open","ping_status":"open","sticky":false,"template":"","format":"standard","meta":[],"categories":[46,53],"tags":[92,226,19761,2092,33639,2677,63,67,1009,2698,165,27251,33640,22610],"views":671,"_links":{"self":[{"href":"https:\/\/www.enerjigazetesi.ist\/en\/wp-json\/wp\/v2\/posts\/62851"}],"collection":[{"href":"https:\/\/www.enerjigazetesi.ist\/en\/wp-json\/wp\/v2\/posts"}],"about":[{"href":"https:\/\/www.enerjigazetesi.ist\/en\/wp-json\/wp\/v2\/types\/post"}],"author":[{"embeddable":true,"href":"https:\/\/www.enerjigazetesi.ist\/en\/wp-json\/wp\/v2\/users\/1"}],"replies":[{"embeddable":true,"href":"https:\/\/www.enerjigazetesi.ist\/en\/wp-json\/wp\/v2\/comments?post=62851"}],"version-history":[{"count":6,"href":"https:\/\/www.enerjigazetesi.ist\/en\/wp-json\/wp\/v2\/posts\/62851\/revisions"}],"predecessor-version":[{"id":62857,"href":"https:\/\/www.enerjigazetesi.ist\/en\/wp-json\/wp\/v2\/posts\/62851\/revisions\/62857"}],"wp:featuredmedia":[{"embeddable":true,"href":"https:\/\/www.enerjigazetesi.ist\/en\/wp-json\/wp\/v2\/media\/49689"}],"wp:attachment":[{"href":"https:\/\/www.enerjigazetesi.ist\/en\/wp-json\/wp\/v2\/media?parent=62851"}],"wp:term":[{"taxonomy":"category","embeddable":true,"href":"https:\/\/www.enerjigazetesi.ist\/en\/wp-json\/wp\/v2\/categories?post=62851"},{"taxonomy":"post_tag","embeddable":true,"href":"https:\/\/www.enerjigazetesi.ist\/en\/wp-json\/wp\/v2\/tags?post=62851"}],"curies":[{"name":"wp","href":"https:\/\/api.w.org\/{rel}","templated":true}]}}