{"id":62824,"date":"2017-03-30T18:05:05","date_gmt":"2017-03-30T15:05:05","guid":{"rendered":"https:\/\/www.enerjigazetesi.ist\/?p=62824"},"modified":"2017-03-30T18:05:05","modified_gmt":"2017-03-30T15:05:05","slug":"aksa-jenerator-afrikada-ki-gucunu-artiriyor","status":"publish","type":"post","link":"https:\/\/www.enerjigazetesi.ist\/en\/aksa-jenerator-afrikada-ki-gucunu-artiriyor\/","title":{"rendered":"(Turkish) AKSA Jenerat\u00f6r Afrika\u2019daki G\u00fcc\u00fcn\u00fc Art\u0131r\u0131yor"},"content":{"rendered":"<p class=\"qtranxs-available-languages-message qtranxs-available-languages-message-en\">Sorry, this entry is only available in <a href=\"https:\/\/www.enerjigazetesi.ist\/tr\/wp-json\/wp\/v2\/posts\/62824\" class=\"qtranxs-available-language-link qtranxs-available-language-link-tr\" title=\"Turkish\">Turkish<\/a>. For the sake of viewer convenience, the content is shown below in the alternative language. You may click the link to switch the active language.<\/p><p><\/p>\n<p style=\"text-align: left;\" align=\"center\"><strong>D\u00fcnyan\u0131n ilk 5 jenerat\u00f6r \u00fcreticisinden biri olan ve 3 k\u0131tada ger\u00e7ekle\u015ftirdi\u011fi \u00fcretimle 160 \u00fclkeye ihracat ger\u00e7ekle\u015ftiren AKSA Jenerat\u00f6r, Afrika k\u0131tas\u0131n\u0131n en b\u00fcy\u00fck enerji fuar\u0131 olan Power &amp; Electricity World Africa 2017\u2019de yer ald\u0131.<\/strong><\/p>\n<p>\u0130stanbul, \u00c7in ve Amerika\u2019daki \u00fcretim tesisleriyle T\u00fcrkiye\u2019nin lider jenerat\u00f6r markas\u0131 olan Aksa Jenerat\u00f6r, farkl\u0131 co\u011frafyalarda kat\u0131ld\u0131\u011f\u0131 fuarlar ile sekt\u00f6<a href=\"https:\/\/www.enerjigazetesi.ist\/wp-content\/uploads\/2017\/03\/aksa-jenerator-afrikada-ki-gucunu-artiriyor.jpg\"><img loading=\"lazy\" class=\"alignleft size-medium wp-image-62825\" src=\"https:\/\/www.enerjigazetesi.ist\/wp-content\/uploads\/2017\/03\/aksa-jenerator-afrikada-ki-gucunu-artiriyor-300x225.jpg\" alt=\"aksa-jenerator-afrikada-ki-gucunu-artiriyor\" width=\"300\" height=\"225\" srcset=\"https:\/\/www.enerjigazetesi.ist\/wp-content\/uploads\/2017\/03\/aksa-jenerator-afrikada-ki-gucunu-artiriyor-300x225.jpg 300w, https:\/\/www.enerjigazetesi.ist\/wp-content\/uploads\/2017\/03\/aksa-jenerator-afrikada-ki-gucunu-artiriyor-1024x768.jpg 1024w, https:\/\/www.enerjigazetesi.ist\/wp-content\/uploads\/2017\/03\/aksa-jenerator-afrikada-ki-gucunu-artiriyor-500x375.jpg 500w, https:\/\/www.enerjigazetesi.ist\/wp-content\/uploads\/2017\/03\/aksa-jenerator-afrikada-ki-gucunu-artiriyor-66x50.jpg 66w, https:\/\/www.enerjigazetesi.ist\/wp-content\/uploads\/2017\/03\/aksa-jenerator-afrikada-ki-gucunu-artiriyor.jpg 1200w\" sizes=\"(max-width: 300px) 100vw, 300px\" \/><\/a>rdeki g\u00fcc\u00fcn\u00fc t\u00fcm d\u00fcnyaya g\u00f6steriyor. Aksa Jenerat\u00f6r son olarak 28-29 Mart tarihleri aras\u0131nda d\u00fczenlenen, Afrika\u2019n\u0131n en b\u00fcy\u00fck enerji fuar\u0131 Power &amp; Electricity World Africa 2017\u2019de stand\u0131yla yer ald\u0131. 300\u2019e yak\u0131n enerji firmas\u0131n\u0131 bulu\u015fturan fuarda, enerji verimlili\u011finden g\u00fcne\u015f enerjisine, bir\u00e7ok konuda seminerler d\u00fczenlendi. Alan\u0131nda uzman 300 ki\u015finin konu\u015fmac\u0131 olarak yer ald\u0131\u011f\u0131 fuara 7000\u2019e yak\u0131n ki\u015fi kat\u0131ld\u0131. Son y\u0131llarda Afrika yat\u0131r\u0131mlar\u0131 ile \u00f6ne \u00e7\u0131kan Aksa stand\u0131 da fuarda yo\u011fun ilgi g\u00f6rd\u00fc.<\/p>\n<p>Y\u00fczde 100 m\u00fc\u015fteri memnuniyeti ilkesiyle s\u00fcrekli geli\u015fmeye odakland\u0131klar\u0131n\u0131 belirten <strong>Aksa Jenerat\u00f6r Ceo\u2019su Alper Peker,<\/strong><i>\u201c\u00dc\u00e7 k\u0131tada \u00fcretim yapan, \u00fcretiminin y\u00fczde 50\u2019sinden fazlas\u0131n\u0131 da 160 \u00fclkeye ihra\u00e7 eden global bir firmay\u0131z. Hedef pazarlar\u0131m\u0131zdan biri olan Afrika\u2019daki \u00e7al\u0131\u015fmalar\u0131m\u0131z\u0131 G\u00fcney Afrika Cumhuriyeti\u2019nde de s\u00fcrd\u00fcr\u00fcyoruz. Bu ama\u00e7la, Asya, Amerika, Afrika ve Avrupa\u2019da yer alan ofislerimize Aksa G\u00fcney Afrika\u2019y\u0131 da ekleyerek 14 ofise ula\u015ft\u0131k. Afrika\u2019da artan enerji ihtiyac\u0131 ve altyap\u0131 \u00e7al\u0131\u015fmalar\u0131 nedeniyle, k\u00fcresel sekt\u00f6rde ilk 5\u2019te yer alan Aksa\u2019n\u0131n Afrika co\u011frafyas\u0131nda da kalitesiyle yer almas\u0131n\u0131 \u00e7ok \u00f6nemsiyoruz. Power &amp; Electricity World gibi d\u00fcnyan\u0131n \u00f6nemli enerji oyuncular\u0131n\u0131 bir araya getiren bu \u00f6nemli organizasyonda yer almak, bizim de Afrika\u2019daki varl\u0131\u011f\u0131m\u0131z\u0131 sa\u011flamla\u015ft\u0131rmak ad\u0131na b\u00fcy\u00fck \u00f6nem ta\u015f\u0131yor.\u201d<\/i> diye konu\u015ftu.<\/p>","protected":false},"excerpt":{"rendered":"<p>Sorry, this entry is only available in Turkish. For the sake of viewer convenience, the content is shown below in the alternative language. You may click the link to switch the active language. D\u00fcnyan\u0131n ilk 5 jenerat\u00f6r \u00fcreticisinden biri olan ve 3 k\u0131tada ger\u00e7ekle\u015ftirdi\u011fi \u00fcretimle 160 \u00fclkeye ihracat ger\u00e7ekle\u015ftiren AKSA Jenerat\u00f6r, Afrika k\u0131tas\u0131n\u0131n en b\u00fcy\u00fck [&hellip;]<\/p>\n","protected":false},"author":1,"featured_media":62825,"comment_status":"open","ping_status":"open","sticky":false,"template":"","format":"standard","meta":[],"categories":[51,53],"tags":[12982,28913,63,67,1009,2698,165,33627],"views":983,"_links":{"self":[{"href":"https:\/\/www.enerjigazetesi.ist\/en\/wp-json\/wp\/v2\/posts\/62824"}],"collection":[{"href":"https:\/\/www.enerjigazetesi.ist\/en\/wp-json\/wp\/v2\/posts"}],"about":[{"href":"https:\/\/www.enerjigazetesi.ist\/en\/wp-json\/wp\/v2\/types\/post"}],"author":[{"embeddable":true,"href":"https:\/\/www.enerjigazetesi.ist\/en\/wp-json\/wp\/v2\/users\/1"}],"replies":[{"embeddable":true,"href":"https:\/\/www.enerjigazetesi.ist\/en\/wp-json\/wp\/v2\/comments?post=62824"}],"version-history":[{"count":1,"href":"https:\/\/www.enerjigazetesi.ist\/en\/wp-json\/wp\/v2\/posts\/62824\/revisions"}],"predecessor-version":[{"id":62826,"href":"https:\/\/www.enerjigazetesi.ist\/en\/wp-json\/wp\/v2\/posts\/62824\/revisions\/62826"}],"wp:featuredmedia":[{"embeddable":true,"href":"https:\/\/www.enerjigazetesi.ist\/en\/wp-json\/wp\/v2\/media\/62825"}],"wp:attachment":[{"href":"https:\/\/www.enerjigazetesi.ist\/en\/wp-json\/wp\/v2\/media?parent=62824"}],"wp:term":[{"taxonomy":"category","embeddable":true,"href":"https:\/\/www.enerjigazetesi.ist\/en\/wp-json\/wp\/v2\/categories?post=62824"},{"taxonomy":"post_tag","embeddable":true,"href":"https:\/\/www.enerjigazetesi.ist\/en\/wp-json\/wp\/v2\/tags?post=62824"}],"curies":[{"name":"wp","href":"https:\/\/api.w.org\/{rel}","templated":true}]}}